{"id":76886,"date":"2016-03-25T10:14:20","date_gmt":"2016-03-25T09:14:20","guid":{"rendered":"http:\/\/gazdasagportal.hu\/?p=76886"},"modified":"2016-03-25T10:14:20","modified_gmt":"2016-03-25T09:14:20","slug":"autoba-rejtett-pokolgep-robbant","status":"publish","type":"post","link":"https:\/\/gazdasagportal.hu\/index.php\/autoba-rejtett-pokolgep-robbant\/","title":{"rendered":"Aut\u00f3ba rejtett pokolg\u00e9p robbant"},"content":{"rendered":"<p><strong>H\u00e1rom katona meghalt, huszonn\u00e9gy pedig megs\u00e9r\u00fclt cs\u00fct\u00f6rt\u00f6k este, amikor a szakad\u00e1r Kurdiszt\u00e1ni Munk\u00e1sp\u00e1rt (PKK) l\u00e1zad\u00f3i g\u00e9pkocsiba rejtett pokolg\u00e9pet robbantottak, majd l\u00f6v\u00f6ld\u00f6zni kezdtek a d\u00e9lkelet-t\u00f6r\u00f6korsz\u00e1gi Diyarbakir tartom\u00e1ny Mermer telep\u00fcl\u00e9s\u00e9nek csend\u0151r\u00e1llom\u00e1s\u00e1n\u00e1l &#8211; jelentette a Dogan t\u00f6r\u00f6k h\u00edr\u00fcgyn\u00f6ks\u00e9g p\u00e9nteken.<\/strong><!--more--><\/p>\n<div class=\"ads-in-post1\"><div id=\"gazdasagportal.hu_fullbanner_wideboard\"><\/div>\r\n<\/div>\n<p>    A deton\u00e1ci\u00f3t k\u00f6vet\u0151en a PKK fegyveresei g\u00e9pkarab\u00e9lyaikkal l\u00f6v\u00f6ld\u00f6zni kezdtek, amire a biztons\u00e1g er\u0151k v\u00e1laszt\u00fczet nyitottak.<br \/>\n    Az \u00f6sszecsap\u00e1s h\u00edr\u00e9re a hat\u00f3s\u00e1gok nagy sz\u00e1mban ment\u0151egys\u00e9geket \u00e9s er\u0151s\u00edt\u00e9st vez\u00e9nyeltek a helysz\u00ednre. A sebes\u00fclteket Diyarbakir v\u00e1ros katonai k\u00f3rh\u00e1z\u00e1ba sz\u00e1ll\u00edtott\u00e1k.<br \/>\n    Az incidens k\u00f6vetkezt\u00e9ben a hat\u00f3s\u00e1gok lez\u00e1rt\u00e1k a Diyarbakirt Bing\u00f6l v\u00e1rossal \u00f6sszek\u00f6t\u0151 f\u0151utat.<br \/>\n    T\u00f6r\u00f6korsz\u00e1g d\u00e9lkeleti r\u00e9sz\u00e9ben k\u00e9t \u00e9s f\u00e9l \u00e9vi fegyversz\u00fcnet ut\u00e1n 2015 j\u00falius\u00e1ban \u00fajultak ki a harcok a kurd mil\u00edci\u00e1k \u00e9s a t\u00f6r\u00f6k hader\u0151 k\u00f6z\u00f6tt. A biztons\u00e1gi er\u0151k december \u00f3ta \u00e1tfog\u00f3 katonai akci\u00f3t hajtanak v\u00e9gre a kurd felkel\u0151k ellen. Az \u00f6sszecsap\u00e1sok sor\u00e1n j\u00falius \u00f3ta a t\u00f6r\u00f6k hader\u0151 katon\u00e1ib\u00f3l mintegy 300-an, a PKK l\u00e1zad\u00f3i k\u00f6z\u00fcl ezrek estek el, sz\u00e1mos helyen kij\u00e1r\u00e1si tilalom van \u00e9rv\u00e9nyben.(MTI)<\/p>\n","protected":false},"excerpt":{"rendered":"<p>H\u00e1rom katona meghalt, huszonn\u00e9gy pedig megs\u00e9r\u00fclt cs\u00fct\u00f6rt\u00f6k este, amikor a szakad\u00e1r Kurdiszt\u00e1ni Munk\u00e1sp\u00e1rt (PKK) l\u00e1zad\u00f3i g\u00e9pkocsiba rejtett pokolg\u00e9pet robbantottak, majd l\u00f6v\u00f6ld\u00f6zni kezdtek a d\u00e9lkelet-t\u00f6r\u00f6korsz\u00e1gi Diyarbakir tartom\u00e1ny Mermer telep\u00fcl\u00e9s\u00e9nek csend\u0151r\u00e1llom\u00e1s\u00e1n\u00e1l &#8211; jelentette a Dogan t\u00f6r\u00f6k h\u00edr\u00fcgyn\u00f6ks\u00e9g p\u00e9nteken.<\/p>\n","protected":false},"author":1,"featured_media":0,"comment_status":"open","ping_status":"closed","sticky":false,"template":"","format":"standard","meta":[],"categories":[12],"tags":[],"_links":{"self":[{"href":"https:\/\/gazdasagportal.hu\/index.php\/wp-json\/wp\/v2\/posts\/76886"}],"collection":[{"href":"https:\/\/gazdasagportal.hu\/index.php\/wp-json\/wp\/v2\/posts"}],"about":[{"href":"https:\/\/gazdasagportal.hu\/index.php\/wp-json\/wp\/v2\/types\/post"}],"author":[{"embeddable":true,"href":"https:\/\/gazdasagportal.hu\/index.php\/wp-json\/wp\/v2\/users\/1"}],"replies":[{"embeddable":true,"href":"https:\/\/gazdasagportal.hu\/index.php\/wp-json\/wp\/v2\/comments?post=76886"}],"version-history":[{"count":1,"href":"https:\/\/gazdasagportal.hu\/index.php\/wp-json\/wp\/v2\/posts\/76886\/revisions"}],"predecessor-version":[{"id":76887,"href":"https:\/\/gazdasagportal.hu\/index.php\/wp-json\/wp\/v2\/posts\/76886\/revisions\/76887"}],"wp:attachment":[{"href":"https:\/\/gazdasagportal.hu\/index.php\/wp-json\/wp\/v2\/media?parent=76886"}],"wp:term":[{"taxonomy":"category","embeddable":true,"href":"https:\/\/gazdasagportal.hu\/index.php\/wp-json\/wp\/v2\/categories?post=76886"},{"taxonomy":"post_tag","embeddable":true,"href":"https:\/\/gazdasagportal.hu\/index.php\/wp-json\/wp\/v2\/tags?post=76886"}],"curies":[{"name":"wp","href":"https:\/\/api.w.org\/{rel}","templated":true}]}}