{"id":76870,"date":"2016-03-25T05:44:15","date_gmt":"2016-03-25T04:44:15","guid":{"rendered":"http:\/\/gazdasagportal.hu\/?p=76870"},"modified":"2016-03-24T21:36:27","modified_gmt":"2016-03-24T20:36:27","slug":"ilyen-idore-keszuljunk-a-husveti-hosszu-hetvegen","status":"publish","type":"post","link":"https:\/\/gazdasagportal.hu\/index.php\/ilyen-idore-keszuljunk-a-husveti-hosszu-hetvegen\/","title":{"rendered":"Ilyen id\u0151re k\u00e9sz\u00fclj\u00fcnk a h\u00fasv\u00e9ti hossz\u00fa h\u00e9tv\u00e9g\u00e9n"},"content":{"rendered":"<p><strong>A h\u00fasv\u00e9ti hossz\u00fa h\u00e9tv\u00e9g\u00e9n a t\u00f6bb-kevesebb naps\u00fct\u00e9s mellett n\u00e9hol lehet es\u0151, z\u00e1por. Ezzel egy\u00fctt fokozatosan melegszik a leveg\u0151, t\u00f6bbfel\u00e9 a 15 Celsius-fokot is meghaladhatj\u00e1k a maximumok &#8211; olvashat\u00f3 az Orsz\u00e1gos Meteorol\u00f3giai Szolg\u00e1lat \u00e1ltal az MTI-hez cs\u00fct\u00f6rt\u00f6k\u00f6n eljuttatott orsz\u00e1gos, k\u00f6z\u00e9pt\u00e1v\u00fa el\u0151rejelz\u00e9sben.<\/strong><!--more--><\/p>\n<div class=\"ads-in-post1\"><div id=\"gazdasagportal.hu_fullbanner_wideboard\"><\/div>\r\n<\/div>\n<p>    P\u00e9nteken nyugaton kevesebb, keleten t\u00f6bb naps\u00fct\u00e9s v\u00e1rhat\u00f3. D\u00e9lt\u0151l f\u0151k\u00e9nt a Dun\u00e1nt\u00falon fordulhat el\u0151 n\u00e9hol kisebb es\u0151, z\u00e1por. A legalacsonyabb h\u0151m\u00e9rs\u00e9klet \u00e1ltal\u00e1ban m\u00ednusz 4 \u00e9s plusz 1 fok k\u00f6z\u00f6tt alakul, de az \u00c9szaki-k\u00f6z\u00e9phegys\u00e9g v\u00f6lgyeiben hidegebb is lehet. A nappali maximumok v\u00e1rhat\u00f3an 8 \u00e9s 12 fok k\u00f6z\u00f6tt lesznek.<br \/>\n    Szombaton a nap els\u0151 fel\u00e9ben m\u00e9g alapvet\u0151en felh\u0151s id\u0151re kell sz\u00e1m\u00edtani, majd d\u00e9lut\u00e1nt\u00f3l cs\u00f6kken a felh\u0151zet. Elsz\u00f3rtan lehet kisebb es\u0151, z\u00e1por. A leghidegebb \u00f3r\u00e1kban m\u00ednusz 1 \u00e9s plusz 6 fok k\u00f6z\u00f6tt, napk\u00f6zben 10 \u00e9s 13 fok k\u00f6z\u00f6tt alakul a h\u0151m\u00e9rs\u00e9klet.<br \/>\n    Vas\u00e1rnap v\u00e1ltoz\u00f3an felh\u0151s id\u0151 v\u00e1rhat\u00f3 t\u00f6bb-kevesebb naps\u00fct\u00e9ssel, a Tisz\u00e1nt\u00falon lehet m\u00e9g elv\u00e9tve z\u00e1por. A minimumh\u0151m\u00e9rs\u00e9klet m\u00ednusz 1 \u00e9s plusz 4, a maximumh\u0151m\u00e9rs\u00e9klet 12 \u00e9s 17 fok k\u00f6z\u00f6tt val\u00f3sz\u00edn\u0171.<br \/>\n    H\u00fasv\u00e9th\u00e9tf\u0151n jobb\u00e1ra felh\u0151s id\u0151 \u00edg\u00e9rkezik r\u00f6videbb napos id\u0151szakokkal. Helyenk\u00e9nt &#8211; f\u0151k\u00e9nt a Dun\u00e1nt\u00falon &#8211; lehet kisebb z\u00e1por. A legalacsonyabb h\u0151m\u00e9rs\u00e9klet m\u00ednusz 1 \u00e9s plusz 6, a legmagasabb h\u0151m\u00e9rs\u00e9klet 11 \u00e9s 16 fok k\u00f6z\u00f6tt alakul &#8211; olvashat\u00f3 az el\u0151rejelz\u00e9sben.(MTI)<\/p>\n","protected":false},"excerpt":{"rendered":"<p>A h\u00fasv\u00e9ti hossz\u00fa h\u00e9tv\u00e9g\u00e9n a t\u00f6bb-kevesebb naps\u00fct\u00e9s mellett n\u00e9hol lehet es\u0151, z\u00e1por. Ezzel egy\u00fctt fokozatosan melegszik a leveg\u0151, t\u00f6bbfel\u00e9 a 15 Celsius-fokot is meghaladhatj\u00e1k a maximumok &#8211; olvashat\u00f3 az Orsz\u00e1gos Meteorol\u00f3giai Szolg\u00e1lat \u00e1ltal az MTI-hez cs\u00fct\u00f6rt\u00f6k\u00f6n eljuttatott orsz\u00e1gos, k\u00f6z\u00e9pt\u00e1v\u00fa el\u0151rejelz\u00e9sben.<\/p>\n","protected":false},"author":1,"featured_media":0,"comment_status":"open","ping_status":"closed","sticky":false,"template":"","format":"standard","meta":[],"categories":[4],"tags":[],"_links":{"self":[{"href":"https:\/\/gazdasagportal.hu\/index.php\/wp-json\/wp\/v2\/posts\/76870"}],"collection":[{"href":"https:\/\/gazdasagportal.hu\/index.php\/wp-json\/wp\/v2\/posts"}],"about":[{"href":"https:\/\/gazdasagportal.hu\/index.php\/wp-json\/wp\/v2\/types\/post"}],"author":[{"embeddable":true,"href":"https:\/\/gazdasagportal.hu\/index.php\/wp-json\/wp\/v2\/users\/1"}],"replies":[{"embeddable":true,"href":"https:\/\/gazdasagportal.hu\/index.php\/wp-json\/wp\/v2\/comments?post=76870"}],"version-history":[{"count":1,"href":"https:\/\/gazdasagportal.hu\/index.php\/wp-json\/wp\/v2\/posts\/76870\/revisions"}],"predecessor-version":[{"id":76871,"href":"https:\/\/gazdasagportal.hu\/index.php\/wp-json\/wp\/v2\/posts\/76870\/revisions\/76871"}],"wp:attachment":[{"href":"https:\/\/gazdasagportal.hu\/index.php\/wp-json\/wp\/v2\/media?parent=76870"}],"wp:term":[{"taxonomy":"category","embeddable":true,"href":"https:\/\/gazdasagportal.hu\/index.php\/wp-json\/wp\/v2\/categories?post=76870"},{"taxonomy":"post_tag","embeddable":true,"href":"https:\/\/gazdasagportal.hu\/index.php\/wp-json\/wp\/v2\/tags?post=76870"}],"curies":[{"name":"wp","href":"https:\/\/api.w.org\/{rel}","templated":true}]}}