{"id":76868,"date":"2016-03-25T03:41:24","date_gmt":"2016-03-25T02:41:24","guid":{"rendered":"http:\/\/gazdasagportal.hu\/?p=76868"},"modified":"2016-03-24T21:34:24","modified_gmt":"2016-03-24T20:34:24","slug":"kulfoldiek-elrablasara-specializalodott-bandara-csapott-le-a-rendorseg","status":"publish","type":"post","link":"https:\/\/gazdasagportal.hu\/index.php\/kulfoldiek-elrablasara-specializalodott-bandara-csapott-le-a-rendorseg\/","title":{"rendered":"K\u00fclf\u00f6ldiek elrabl\u00e1s\u00e1ra specializ\u00e1l\u00f3dott band\u00e1ra csapott le a rend\u0151rs\u00e9g"},"content":{"rendered":"<p><strong>K\u00fclf\u00f6ldiek elrabl\u00e1s\u00e1ra specializ\u00e1l\u00f3dott band\u00e1ra csaptak le az egyiptomi biztons\u00e1gi er\u0151k cs\u00fct\u00f6rt\u00f6k\u00f6n Kair\u00f3ban egy bel\u00fcgyminiszt\u00e9riumi k\u00f6zl\u00e9s szerint.<\/strong><!--more--><\/p>\n<div class=\"ads-in-post1\"><div id=\"gazdasagportal.hu_fullbanner_wideboard\"><\/div>\r\n<\/div>\n<p>    A jelent\u00e9s szerint a banda t\u00f6bb tagj\u00e1t meg\u00f6lt\u00e9k a reggeli \u00f3r\u00e1kban a f\u0151v\u00e1ros \u00daj Kair\u00f3 nev\u0171 negyed\u00e9ben v\u00e9grehajtott rend\u0151rs\u00e9gi akci\u00f3ban. A bel\u00fcgyi t\u00e1rca Facebook-oldal\u00e1n megjelent k\u00f6zlem\u00e9nyben az is \u00e1ll, hogy a csoport tagjai rend\u0151r\u00f6knek \u00e1lc\u00e1zva rabolt\u00e1k el \u00e9s fosztott\u00e1k ki \u00e1ldozataikat.<br \/>\n    Az at-Tahr\u00edr c\u00edm\u0171 ellenz\u00e9ki napilap honlapj\u00e1n egy biztons\u00e1gi forr\u00e1sra hivatkozva azt \u00edrta, a k\u00fcl\u00f6nleges er\u0151k \u00f6t emberrel v\u00e9geztek, akiket azzal gyan\u00fas\u00edtottak, hogy k\u00f6z\u00fck volt a febru\u00e1r elej\u00e9n holtan tal\u00e1lt olasz di\u00e1k, Giulio Regeni elrabl\u00e1s\u00e1hoz \u00e9s meggyilkol\u00e1s\u00e1hoz. Erre a bel\u00fcgyminiszt\u00e9riumi jelent\u00e9s nem tett utal\u00e1st.<br \/>\n    Az olasz di\u00e1k esete fesz\u00fclts\u00e9get okozott Kair\u00f3 \u00e9s R\u00f3ma k\u00f6z\u00f6tt, miut\u00e1n felmer\u00fclt a gyan\u00fa, hogy az egyiptomi belbiztons\u00e1gi szervek \u00e1llnak a t\u00f6rt\u00e9ntek m\u00f6g\u00f6tt.<br \/>\n    Tov\u00e1bb fokozta a helyzetet, hogy k\u00e9t hete az Eur\u00f3pai Parlament (EP) egy\u00fcttm\u0171k\u00f6d\u00e9sre sz\u00f3l\u00edtotta fel Egyiptomot a hal\u00e1lra k\u00ednzott fiatal \u00fcgy\u00e9nek felder\u00edt\u00e9s\u00e9ben. A test\u00fclet k\u00f6zlem\u00e9nye szerint az EP a rend\u0151ri \u0151rizetben bek\u00f6vetkezett egyiptomi hal\u00e1lesetekkel \u00f6sszef\u00fcgg\u00e9sben tekint Giulio Regeni hal\u00e1leset\u00e9re.<br \/>\n    Regeni a Cambridge Egyetem doktorandusza volt, \u00e9s a t\u00f6meges rendszerellenes megmozdul\u00e1sokban jelent\u0151s szerepet j\u00e1tsz\u00f3 munk\u00e1ssz\u00f6vets\u00e9geket kutatta. A 28 \u00e9ves di\u00e1knak a Mubarak-rezsimnek v\u00e9get vet\u0151 2011-es forradalom \u00f6t\u00f6dik \u00e9vfordul\u00f3j\u00e1n, janu\u00e1r 25-\u00e9n veszett nyoma a belv\u00e1rosban. R\u00e9szben fedetlen, megk\u00ednzott holttest\u00e9t t\u00edz nappal k\u00e9s\u0151bb tal\u00e1lt\u00e1k meg Kair\u00f3 perem\u00e9n, egy aut\u00f3p\u00e1lya mellett.<br \/>\n    Kair\u00f3 elutas\u00edtotta azokat az \u00e1ll\u00e1sfoglal\u00e1sokat, amelyek az egyiptomi biztons\u00e1gi szervek szerep\u00e9t val\u00f3sz\u00edn\u0171s\u00edtett\u00e9k Regeni hal\u00e1l\u00e1ban. A bel\u00fcgyminiszt\u00e9rium egy kor\u00e1bbi k\u00f6zlem\u00e9nye szerint a fiatal kutat\u00f3 &#8222;b\u0171ncselekm\u00e9ny&#8221; vagy &#8222;szem\u00e9lyes bossz\u00fa&#8221; \u00e1ldozat\u00e1v\u00e1 v\u00e1lhatott.<br \/>\n    Regenin k\u00edv\u00fcl az elm\u00falt \u00e9vekben egy k\u00fclf\u00f6ldit raboltak el Egyiptomban. A horv\u00e1t Tomislav Salopek tavaly v\u00e1lt az Iszl\u00e1m \u00c1llam egyiptomi \u00e1g\u00e1nak \u00e1ldozat\u00e1v\u00e1.(MTI)<\/p>\n","protected":false},"excerpt":{"rendered":"<p>K\u00fclf\u00f6ldiek elrabl\u00e1s\u00e1ra specializ\u00e1l\u00f3dott band\u00e1ra csaptak le az egyiptomi biztons\u00e1gi er\u0151k cs\u00fct\u00f6rt\u00f6k\u00f6n Kair\u00f3ban egy bel\u00fcgyminiszt\u00e9riumi k\u00f6zl\u00e9s szerint.<\/p>\n","protected":false},"author":1,"featured_media":0,"comment_status":"open","ping_status":"closed","sticky":false,"template":"","format":"standard","meta":[],"categories":[12,16],"tags":[],"_links":{"self":[{"href":"https:\/\/gazdasagportal.hu\/index.php\/wp-json\/wp\/v2\/posts\/76868"}],"collection":[{"href":"https:\/\/gazdasagportal.hu\/index.php\/wp-json\/wp\/v2\/posts"}],"about":[{"href":"https:\/\/gazdasagportal.hu\/index.php\/wp-json\/wp\/v2\/types\/post"}],"author":[{"embeddable":true,"href":"https:\/\/gazdasagportal.hu\/index.php\/wp-json\/wp\/v2\/users\/1"}],"replies":[{"embeddable":true,"href":"https:\/\/gazdasagportal.hu\/index.php\/wp-json\/wp\/v2\/comments?post=76868"}],"version-history":[{"count":1,"href":"https:\/\/gazdasagportal.hu\/index.php\/wp-json\/wp\/v2\/posts\/76868\/revisions"}],"predecessor-version":[{"id":76869,"href":"https:\/\/gazdasagportal.hu\/index.php\/wp-json\/wp\/v2\/posts\/76868\/revisions\/76869"}],"wp:attachment":[{"href":"https:\/\/gazdasagportal.hu\/index.php\/wp-json\/wp\/v2\/media?parent=76868"}],"wp:term":[{"taxonomy":"category","embeddable":true,"href":"https:\/\/gazdasagportal.hu\/index.php\/wp-json\/wp\/v2\/categories?post=76868"},{"taxonomy":"post_tag","embeddable":true,"href":"https:\/\/gazdasagportal.hu\/index.php\/wp-json\/wp\/v2\/tags?post=76868"}],"curies":[{"name":"wp","href":"https:\/\/api.w.org\/{rel}","templated":true}]}}