{"id":76856,"date":"2016-03-25T04:01:03","date_gmt":"2016-03-25T03:01:03","guid":{"rendered":"http:\/\/gazdasagportal.hu\/?p=76856"},"modified":"2016-03-24T21:22:11","modified_gmt":"2016-03-24T20:22:11","slug":"brusszeli-merenyletekre-keszult-salah-abdeslam","status":"publish","type":"post","link":"https:\/\/gazdasagportal.hu\/index.php\/brusszeli-merenyletekre-keszult-salah-abdeslam\/","title":{"rendered":"Br\u00fcsszeli mer\u00e9nyletekre k\u00e9sz\u00fclt Salah Abdeslam"},"content":{"rendered":"<p><strong>Br\u00fcsszeli mer\u00e9nyletekre k\u00e9sz\u00fclt a tavaly novemberi p\u00e1rizsi terrort\u00e1mad\u00e1sok felt\u00e9telezett f\u0151szervez\u0151je, az el\u0151z\u0151 h\u00e9ten \u0151rizetbe vett Salah Abdeslam &#8211; jelentette cs\u00fct\u00f6rt\u00f6k\u00f6n a VRT belga k\u00f6zszolg\u00e1lati telev\u00edzi\u00f3.<\/strong><!--more--><\/p>\n<div class=\"ads-in-post1\"><div id=\"gazdasagportal.hu_fullbanner_wideboard\"><\/div>\r\n<\/div>\n<p>    A csatorna n\u00e9v n\u00e9lk\u00fcl nyilatkoz\u00f3 forr\u00e1sokra hivatkozva arr\u00f3l sz\u00e1molt be, hogy a nyomoz\u00f3k szerint Abdeslam \u00e9s k\u00e9t t\u00e1rsa t\u00f6bb helysz\u00ednen v\u00e9grehajtott l\u0151fegyveres rajta\u00fct\u00e9seket tervezett, \u00e9s ezekkel egy id\u0151ben m\u00e1sok \u00f6ngyilkos robbant\u00e1sokat k\u00f6vettek volna el.<br \/>\n    &#8222;A terrorist\u00e1k ugyanazt a forgat\u00f3k\u00f6nyvet tervezt\u00e9k, mint P\u00e1rizsban&#8221; &#8211; k\u00f6z\u00f6lte a VRT k\u00e9t nappal a k\u00e9t helysz\u00ednen elk\u00f6vetett br\u00fcsszeli robbant\u00e1sos mer\u00e9nyletek ut\u00e1n.<br \/>\n    Sven Mary, Abdeslam \u00fcgyv\u00e9dje d\u00e9lut\u00e1n kijelentette, v\u00e9denc\u00e9nek nem volt tudom\u00e1sa arr\u00f3l, hogy mer\u00e9nyletek v\u00e1rhat\u00f3k a belga f\u0151v\u00e1rosban.<br \/>\n    A Politico c\u00edm\u0171 h\u00edrport\u00e1l k\u00e9s\u0151bb arr\u00f3l t\u00e1j\u00e9koztatott, hogy Salah Abdeslamot mind\u00f6ssze egy \u00f3r\u00e1n \u00e1t hallgatt\u00e1k ki a rend\u0151r\u00f6k a f\u00e9rfi p\u00e9ntek d\u00e9lut\u00e1ni br\u00fcsszeli \u0151rizetbe v\u00e9tele \u00e9s a kedd reggeli mer\u00e9nyletek k\u00f6z\u00f6tt eltelt id\u0151ben. Ez annak ellen\u00e9re \u00edgy t\u00f6rt\u00e9nt, hogy a gyan\u00fas\u00edtott ujjlenyomatait kor\u00e1bban megtal\u00e1lt\u00e1k egy hamis pap\u00edrokkal kib\u00e9relt lak\u00e1sban, amelyben robban\u00f3szerkezeteket \u00e9s fegyvereket is t\u00e1roltak.<br \/>\n    &#8222;(Abdeslam) nagyon f\u00e1radtnak t\u0171nt, az el\u0151z\u0151 nap m\u0171t\u00f6tt\u00e9k meg&#8221; &#8211; mondta az \u00fcgyet j\u00f3l ismer\u0151 egyik tiszts\u00e9gvisel\u0151. Egy m\u00e1sik illet\u00e9kes hozz\u00e1tette, &#8222;nem gondoltak a kedd reggeli t\u00f6rt\u00e9ntek lehet\u0151s\u00e9g\u00e9re&#8221;.<br \/>\n    A felt\u00e9telezett terrorista \u00fcgyv\u00e9dje meger\u0151s\u00edtette, hogy csak egy r\u00f6vid kihallgat\u00e1sra ker\u00fclt sor a v\u00e9dence \u0151rizetbe v\u00e9tele \u00e9s a t\u00e1mad\u00e1sok k\u00f6zti id\u0151ben.<br \/>\n    Maggie De Block belga eg\u00e9szs\u00e9g\u00fcgyi miniszter arr\u00f3l sz\u00e1molt be cs\u00fct\u00f6rt\u00f6k este, hogy a legfrissebb \u00f6sszes\u00edt\u00e9sek szerint legal\u00e1bb harmincegy ember \u00e9let\u00e9t vesztette \u00e9s 316-an megsebes\u00fcltek a k\u00e9t helysz\u00ednen v\u00e9grehajtott keddi br\u00fcsszeli terrort\u00e1mad\u00e1sokban. A t\u00e1rcavezet\u0151 t\u00e1j\u00e9koztat\u00e1sa szerint 121 embert m\u00e9g k\u00f3rh\u00e1zban \u00e1polnak, k\u00f6z\u00fcl\u00fck 63-an intenz\u00edv ell\u00e1t\u00e1sra szorulnak.(MTI)<\/p>\n","protected":false},"excerpt":{"rendered":"<p>Br\u00fcsszeli mer\u00e9nyletekre k\u00e9sz\u00fclt a tavaly novemberi p\u00e1rizsi terrort\u00e1mad\u00e1sok felt\u00e9telezett f\u0151szervez\u0151je, az el\u0151z\u0151 h\u00e9ten \u0151rizetbe vett Salah Abdeslam &#8211; jelentette cs\u00fct\u00f6rt\u00f6k\u00f6n a VRT belga k\u00f6zszolg\u00e1lati telev\u00edzi\u00f3.<\/p>\n","protected":false},"author":1,"featured_media":0,"comment_status":"open","ping_status":"closed","sticky":false,"template":"","format":"standard","meta":[],"categories":[12],"tags":[],"_links":{"self":[{"href":"https:\/\/gazdasagportal.hu\/index.php\/wp-json\/wp\/v2\/posts\/76856"}],"collection":[{"href":"https:\/\/gazdasagportal.hu\/index.php\/wp-json\/wp\/v2\/posts"}],"about":[{"href":"https:\/\/gazdasagportal.hu\/index.php\/wp-json\/wp\/v2\/types\/post"}],"author":[{"embeddable":true,"href":"https:\/\/gazdasagportal.hu\/index.php\/wp-json\/wp\/v2\/users\/1"}],"replies":[{"embeddable":true,"href":"https:\/\/gazdasagportal.hu\/index.php\/wp-json\/wp\/v2\/comments?post=76856"}],"version-history":[{"count":1,"href":"https:\/\/gazdasagportal.hu\/index.php\/wp-json\/wp\/v2\/posts\/76856\/revisions"}],"predecessor-version":[{"id":76857,"href":"https:\/\/gazdasagportal.hu\/index.php\/wp-json\/wp\/v2\/posts\/76856\/revisions\/76857"}],"wp:attachment":[{"href":"https:\/\/gazdasagportal.hu\/index.php\/wp-json\/wp\/v2\/media?parent=76856"}],"wp:term":[{"taxonomy":"category","embeddable":true,"href":"https:\/\/gazdasagportal.hu\/index.php\/wp-json\/wp\/v2\/categories?post=76856"},{"taxonomy":"post_tag","embeddable":true,"href":"https:\/\/gazdasagportal.hu\/index.php\/wp-json\/wp\/v2\/tags?post=76856"}],"curies":[{"name":"wp","href":"https:\/\/api.w.org\/{rel}","templated":true}]}}