{"id":76854,"date":"2016-03-25T04:18:44","date_gmt":"2016-03-25T03:18:44","guid":{"rendered":"http:\/\/gazdasagportal.hu\/?p=76854"},"modified":"2016-03-24T21:20:12","modified_gmt":"2016-03-24T20:20:12","slug":"szexualis-kenyszeritessel-es-lopassal-vadoltak-meg-csutortokon-egy-menedekkerot-kolnben","status":"publish","type":"post","link":"https:\/\/gazdasagportal.hu\/index.php\/szexualis-kenyszeritessel-es-lopassal-vadoltak-meg-csutortokon-egy-menedekkerot-kolnben\/","title":{"rendered":"Szexu\u00e1lis k\u00e9nyszer\u00edt\u00e9ssel \u00e9s lop\u00e1ssal v\u00e1doltak meg cs\u00fct\u00f6rt\u00f6k\u00f6n egy mened\u00e9kk\u00e9r\u0151t K\u00f6lnben"},"content":{"rendered":"<p><strong>Szexu\u00e1lis k\u00e9nyszer\u00edt\u00e9ssel \u00e9s lop\u00e1ssal v\u00e1doltak meg cs\u00fct\u00f6rt\u00f6k\u00f6n egy mened\u00e9kk\u00e9r\u0151t K\u00f6lnben. A 26 \u00e9ves alg\u00e9riai \u00e1llampolg\u00e1r a n\u00e9metorsz\u00e1gi v\u00e1rosban szilveszterkor n\u0151k ellen elk\u00f6vetett zaklat\u00e1sok \u00e9s rabl\u00e1sok els\u0151 olyan felt\u00e9telezett elk\u00f6vet\u0151je, aki ellen szexu\u00e1lis b\u0171ncselekm\u00e9ny miatt emeltek v\u00e1dat.<br \/>\n<\/strong><!--more--><\/p>\n<div class=\"ads-in-post1\"><div id=\"gazdasagportal.hu_fullbanner_wideboard\"><\/div>\r\n<\/div>\n    A k\u00f6lni v\u00e1rosi b\u00edr\u00f3s\u00e1g t\u00e1j\u00e9koztat\u00e1sa alapj\u00e1n a v\u00e1diratban az \u00e1ll, hogy az alg\u00e9riai f\u00e9rfi a k\u00f6lni f\u0151p\u00e1lyaudvar el\u0151csarnok\u00e1ban nagyj\u00e1b\u00f3l t\u00edz t\u00e1rs\u00e1val k\u00f6rbevett egy n\u0151t, majd tapogatni kezdte \u00e1ldozat\u00e1t \u00e9s elvette t\u0151le mobiltelefonj\u00e1t.<br \/>\n    Az alg\u00e9riai f\u00e9rfit \u00e9s egy 22 \u00e9ves t\u00e1rs\u00e1t m\u00e9g janu\u00e1rban vett\u00e9k \u0151rizetbe a K\u00f6ln melletti Kerpenben egy mened\u00e9kk\u00e9r\u0151ket befogad\u00f3 \u00e1llom\u00e1son. \u00dcgy\u00e9nek t\u00e1rgyal\u00e1s\u00e1ra m\u00e9g nem t\u0171ztek ki id\u0151pontot.<br \/>\n    Szilveszter \u00e9jjel K\u00f6ln belv\u00e1ros\u00e1ban t\u00f6megesen fordultak el\u0151 b\u0171ncselekm\u00e9nyek. Felh\u00e1borod\u00e1st f\u0151leg a n\u0151k s\u00e9relm\u00e9re elk\u00f6vetett szexu\u00e1lis zaklat\u00e1sok v\u00e1ltottak ki. Az elk\u00f6vet\u0151k k\u00f6rbevett\u00e9k \u00e9s zaklatt\u00e1k az \u00e1ldozatokat, k\u00f6zben loptak t\u0151l\u00fck. A 16 n\u00e9met tartom\u00e1ny k\u00f6z\u00fcl 12-ben t\u00f6rt\u00e9ntek ilyen b\u0171ncselekm\u00e9nyek. Az azonos\u00edtott felt\u00e9telezett elk\u00f6vet\u0151k t\u00falnyom\u00f3 t\u00f6bbs\u00e9ge k\u00fclf\u00f6ldi, \u00e1ltal\u00e1ban \u00e9szak-afrikai f\u00e9rfi, jogi st\u00e1tusa szerint mened\u00e9kk\u00e9r\u0151, mened\u00e9kjogi k\u00e9relem beny\u00fajt\u00e1s\u00e1ra v\u00e1rakoz\u00f3, vagy az orsz\u00e1gban illeg\u00e1lisan tart\u00f3zkod\u00f3 ember.<br \/>\n    K\u00f6lnben eddig t\u00f6bb mint 1100 feljelent\u00e9st tettek, csaknem 500-at szexu\u00e1lis b\u0171ncselekm\u00e9nyek miatt. A hat\u00f3s\u00e1gok eddig mintegy 120 felt\u00e9telezett elk\u00f6vet\u0151t azonos\u00edtottak, t\u00f6bbs\u00e9g\u00fck alg\u00e9riai vagy marokk\u00f3i. B\u00edr\u00f3s\u00e1g el\u00e9 eddig h\u00e1rom embert \u00e1ll\u00edtottak, mindh\u00e1rmat lop\u00e1s miatt. Egy 22 \u00e9ves tun\u00e9ziai \u00e9s egy 23 \u00e9ves marokk\u00f3i fiatalember felf\u00fcggesztett szabads\u00e1gveszt\u00e9s b\u00fcntet\u00e9st kapott, egy 18 \u00e9ves marokk\u00f3i fiatalembert pr\u00f3b\u00e1ra bocs\u00e1tottak.(MTI)<\/p>\n","protected":false},"excerpt":{"rendered":"<p>Szexu\u00e1lis k\u00e9nyszer\u00edt\u00e9ssel \u00e9s lop\u00e1ssal v\u00e1doltak meg cs\u00fct\u00f6rt\u00f6k\u00f6n egy mened\u00e9kk\u00e9r\u0151t K\u00f6lnben. A 26 \u00e9ves alg\u00e9riai \u00e1llampolg\u00e1r a n\u00e9metorsz\u00e1gi v\u00e1rosban szilveszterkor n\u0151k ellen elk\u00f6vetett zaklat\u00e1sok \u00e9s rabl\u00e1sok els\u0151 olyan felt\u00e9telezett elk\u00f6vet\u0151je, aki ellen szexu\u00e1lis b\u0171ncselekm\u00e9ny miatt emeltek v\u00e1dat.<\/p>\n","protected":false},"author":1,"featured_media":0,"comment_status":"open","ping_status":"closed","sticky":false,"template":"","format":"standard","meta":[],"categories":[12],"tags":[],"_links":{"self":[{"href":"https:\/\/gazdasagportal.hu\/index.php\/wp-json\/wp\/v2\/posts\/76854"}],"collection":[{"href":"https:\/\/gazdasagportal.hu\/index.php\/wp-json\/wp\/v2\/posts"}],"about":[{"href":"https:\/\/gazdasagportal.hu\/index.php\/wp-json\/wp\/v2\/types\/post"}],"author":[{"embeddable":true,"href":"https:\/\/gazdasagportal.hu\/index.php\/wp-json\/wp\/v2\/users\/1"}],"replies":[{"embeddable":true,"href":"https:\/\/gazdasagportal.hu\/index.php\/wp-json\/wp\/v2\/comments?post=76854"}],"version-history":[{"count":1,"href":"https:\/\/gazdasagportal.hu\/index.php\/wp-json\/wp\/v2\/posts\/76854\/revisions"}],"predecessor-version":[{"id":76855,"href":"https:\/\/gazdasagportal.hu\/index.php\/wp-json\/wp\/v2\/posts\/76854\/revisions\/76855"}],"wp:attachment":[{"href":"https:\/\/gazdasagportal.hu\/index.php\/wp-json\/wp\/v2\/media?parent=76854"}],"wp:term":[{"taxonomy":"category","embeddable":true,"href":"https:\/\/gazdasagportal.hu\/index.php\/wp-json\/wp\/v2\/categories?post=76854"},{"taxonomy":"post_tag","embeddable":true,"href":"https:\/\/gazdasagportal.hu\/index.php\/wp-json\/wp\/v2\/tags?post=76854"}],"curies":[{"name":"wp","href":"https:\/\/api.w.org\/{rel}","templated":true}]}}