{"id":76846,"date":"2016-03-24T19:03:39","date_gmt":"2016-03-24T18:03:39","guid":{"rendered":"http:\/\/gazdasagportal.hu\/?p=76846"},"modified":"2016-03-24T17:44:21","modified_gmt":"2016-03-24T16:44:21","slug":"folytatja-a-felkeszulest-a-fogaz-a-tigaz-fogyasztoinak-atvetelere","status":"publish","type":"post","link":"https:\/\/gazdasagportal.hu\/index.php\/folytatja-a-felkeszulest-a-fogaz-a-tigaz-fogyasztoinak-atvetelere\/","title":{"rendered":"Folytatja a felk\u00e9sz\u00fcl\u00e9st a F\u0151g\u00e1z a Tig\u00e1z fogyaszt\u00f3inak \u00e1tv\u00e9tel\u00e9re"},"content":{"rendered":"<p><strong>Folytatja a felk\u00e9sz\u00fcl\u00e9st a nemzeti k\u00f6zm\u0171szolg\u00e1ltat\u00e1s r\u00e9szek\u00e9nt m\u0171k\u00f6d\u0151 F\u0151g\u00e1z, hogy legk\u00e9s\u0151bb okt\u00f3ber 1-j\u00e9t\u0151l \u00e1tvegye a Tig\u00e1z mintegy 1,2 milli\u00f3 lakoss\u00e1gi f\u00f6ldg\u00e1zfogyaszt\u00f3j\u00e1t.<\/strong><!--more--><\/p>\n<div class=\"ads-in-post1\"><div id=\"gazdasagportal.hu_fullbanner_wideboard\"><\/div>\r\n<\/div>\n<p>    A F\u0151g\u00e1z Zrt. cs\u00fct\u00f6rt\u00f6ki k\u00f6zlem\u00e9nye szerint a mostanra m\u00e1r az orsz\u00e1g legnagyobb lakoss\u00e1gi f\u00f6ldg\u00e1zszolg\u00e1ltat\u00f3j\u00e1v\u00e1 v\u00e1lt t\u00e1rsas\u00e1gnak kiemelten fontos, hogy fenntartsa az \u00e1tfog\u00f3 rezsics\u00f6kkent\u00e9s eredm\u00e9nyeit \u00e9s a legmagasabb sz\u00ednvonalon biztos\u00edtsa szolg\u00e1ltat\u00e1s\u00e1t.<br \/>\n    A t\u00e1rsas\u00e1g folyamatos innov\u00e1ci\u00f3ra t\u00f6rekszik, a k\u00f6zelm\u00faltban meg\u00faj\u00edtotta online \u00fcgyf\u00e9lszolg\u00e1lati fel\u00fclet\u00e9t \u00e9s el\u00e9rhet\u0151v\u00e9 tette az elektronikus sz\u00e1mlaig\u00e9nyl\u00e9st.<br \/>\n    A F\u0151g\u00e1z az \u00e9v v\u00e9g\u00e9re nemcsak az orsz\u00e1g egyetlen lakoss\u00e1gi szolg\u00e1ltat\u00f3ja lesz, hanem felel a f\u0151v\u00e1rosi f\u00f6ldg\u00e1zeloszt\u00e1s\u00e9rt \u00e9s h\u00e1l\u00f3zat\u00fczemeltet\u00e9s\u00e9rt is, mik\u00f6zben az \u00fczleti piac legnagyobb szerepl\u0151je is egyben &#8211; hangs\u00falyozt\u00e1k, hozz\u00e1t\u00e9ve, hogy eredm\u00e9nyes gazd\u00e1lkod\u00e1ssal az egyre sz\u0171k\u00fcl\u0151 f\u00f6ldg\u00e1zpiacon kell meg\u0151rizni versenyk\u00e9pess\u00e9g\u00fcket.<br \/>\n    A k\u00f6zlem\u00e9ny szerint a F\u0151g\u00e1z sikerrel tud versenyezni az \u00fczleti fogyaszt\u00f3k\u00e9rt is. A kis- \u00e9s k\u00f6z\u00e9pv\u00e1llalatok is egyre k\u00f6r\u00fcltekint\u0151bbek \u00e9s t\u00f6bbet t\u00e1j\u00e9koz\u00f3dnak a piaci lehet\u0151s\u00e9gekr\u0151l, ez\u00e9rt kiemelt jelent\u0151s\u00e9g\u0171 a szolg\u00e1ltat\u00f3k sz\u00e1m\u00e1ra, ha \u00fcgyfeleikkel hossz\u00fa t\u00e1v\u00fa partners\u00e9get alak\u00edthatnak ki &#8211; k\u00f6z\u00f6lt\u00e9k.<br \/>\n    A t\u00e1rsas\u00e1g jelezte, a Tig\u00e1z megv\u00e1lik \u00fczleti \u00fcgyfeleit\u0151l is, akiknek lehet\u0151s\u00e9g\u00fck lesz arra, hogy a F\u0151g\u00e1zt v\u00e1lassz\u00e1k.<br \/>\n    A F\u0151g\u00e1z az elm\u00falt id\u0151szak sikeresen lez\u00e1rt tranzakci\u00f3val \u00e9s integr\u00e1ci\u00f3s folyamataival kell\u0151 tapasztalatot gy\u0171jt\u00f6tt ahhoz, hogy a kit\u0171z\u00f6tt hat\u00e1rid\u0151re megval\u00f3s\u00edtsa a Tig\u00e1z lakoss\u00e1gi f\u00f6ldg\u00e1zfelhaszn\u00e1l\u00f3inak \u00e1tv\u00e9tel\u00e9t \u00e9s biztons\u00e1gos ell\u00e1t\u00e1s\u00e1t. Az orsz\u00e1g hamarosan egyetlen lakoss\u00e1gi f\u00f6ldg\u00e1zszolg\u00e1ltat\u00f3jak\u00e9nt kiemelten fontos, hogy tov\u00e1bbra is ki\u00e9rdemelj\u00e9k a fogyaszt\u00f3k el\u00e9gedetts\u00e9g\u00e9t, ez\u00e9rt az alapszolg\u00e1ltat\u00e1son fel\u00fcl folyamatosan \u00faj k\u00e9nyelmi megold\u00e1sokat biztos\u00edtsanak az \u00fcgyfeleknek &#8211; id\u00e9zte a k\u00f6zlem\u00e9ny Kr\u00e1lik G\u00e1bort, a F\u0151g\u00e1z Zrt. vez\u00e9rigazgat\u00f3j\u00e1t.<br \/>\n    Az olasz Eni energiaipari c\u00e9g tulajdon\u00e1ban l\u00e9v\u0151 Tig\u00e1z Magyarorsz\u00e1g egyetemes g\u00e1zszolg\u00e1ltat\u00e1si enged\u00e9ly\u00e9t a Magyar Energetikai \u00e9s K\u00f6zm\u0171-szab\u00e1lyoz\u00e1si Hivatal (MEKH) 2016. okt\u00f3ber 1-jei  hat\u00e1rid\u0151vel vonta vissza a v\u00e1llalat k\u00e9r\u00e9s\u00e9re. A c\u00e9g Magyarorsz\u00e1g egyharmad\u00e1n v\u00e9gzett g\u00e1zszolg\u00e1ltat\u00e1si tev\u00e9kenys\u00e9get. A c\u00e9g szabadpiaci g\u00e1zkereskedelmi portf\u00f3li\u00f3j\u00e1t is \u00e9rt\u00e9kes\u00edtette.(MTI)<\/p>\n","protected":false},"excerpt":{"rendered":"<p>Folytatja a felk\u00e9sz\u00fcl\u00e9st a nemzeti k\u00f6zm\u0171szolg\u00e1ltat\u00e1s r\u00e9szek\u00e9nt m\u0171k\u00f6d\u0151 F\u0151g\u00e1z, hogy legk\u00e9s\u0151bb okt\u00f3ber 1-j\u00e9t\u0151l \u00e1tvegye a Tig\u00e1z mintegy 1,2 milli\u00f3 lakoss\u00e1gi f\u00f6ldg\u00e1zfogyaszt\u00f3j\u00e1t.<\/p>\n","protected":false},"author":1,"featured_media":0,"comment_status":"open","ping_status":"closed","sticky":false,"template":"","format":"standard","meta":[],"categories":[19],"tags":[],"_links":{"self":[{"href":"https:\/\/gazdasagportal.hu\/index.php\/wp-json\/wp\/v2\/posts\/76846"}],"collection":[{"href":"https:\/\/gazdasagportal.hu\/index.php\/wp-json\/wp\/v2\/posts"}],"about":[{"href":"https:\/\/gazdasagportal.hu\/index.php\/wp-json\/wp\/v2\/types\/post"}],"author":[{"embeddable":true,"href":"https:\/\/gazdasagportal.hu\/index.php\/wp-json\/wp\/v2\/users\/1"}],"replies":[{"embeddable":true,"href":"https:\/\/gazdasagportal.hu\/index.php\/wp-json\/wp\/v2\/comments?post=76846"}],"version-history":[{"count":1,"href":"https:\/\/gazdasagportal.hu\/index.php\/wp-json\/wp\/v2\/posts\/76846\/revisions"}],"predecessor-version":[{"id":76847,"href":"https:\/\/gazdasagportal.hu\/index.php\/wp-json\/wp\/v2\/posts\/76846\/revisions\/76847"}],"wp:attachment":[{"href":"https:\/\/gazdasagportal.hu\/index.php\/wp-json\/wp\/v2\/media?parent=76846"}],"wp:term":[{"taxonomy":"category","embeddable":true,"href":"https:\/\/gazdasagportal.hu\/index.php\/wp-json\/wp\/v2\/categories?post=76846"},{"taxonomy":"post_tag","embeddable":true,"href":"https:\/\/gazdasagportal.hu\/index.php\/wp-json\/wp\/v2\/tags?post=76846"}],"curies":[{"name":"wp","href":"https:\/\/api.w.org\/{rel}","templated":true}]}}