{"id":76841,"date":"2016-03-24T17:41:11","date_gmt":"2016-03-24T16:41:11","guid":{"rendered":"http:\/\/gazdasagportal.hu\/?p=76841"},"modified":"2016-03-24T17:41:11","modified_gmt":"2016-03-24T16:41:11","slug":"sziria-behatoltak-a-kormanyerok-az-iszlam-allam-altal-megszallt-palmuraba","status":"publish","type":"post","link":"https:\/\/gazdasagportal.hu\/index.php\/sziria-behatoltak-a-kormanyerok-az-iszlam-allam-altal-megszallt-palmuraba\/","title":{"rendered":"Sz\u00edria &#8211; Behatoltak a korm\u00e1nyer\u0151k az Iszl\u00e1m \u00c1llam \u00e1ltal megsz\u00e1llt Palm\u00fcr\u00e1ba"},"content":{"rendered":"<p><strong>Behatoltak a sz\u00edriai korm\u00e1nyer\u0151k cs\u00fct\u00f6rt\u00f6k\u00f6n az Iszl\u00e1m \u00c1llam (I\u00c1) terrorszervezet \u00e1ltal megsz\u00e1llva tartott \u00f3kori romv\u00e1rosba, Palm\u00fcr\u00e1ba &#8211; jelentette a sz\u00edriai \u00e1llami telev\u00edzi\u00f3. Ellenz\u00e9ki forr\u00e1sok szerint a hadsereg egyel\u0151re a v\u00e1ros d\u00e9lnyugati r\u00e9sz\u00e9be nyomult be.<\/strong><!--more--><\/p>\n<div class=\"ads-in-post1\"><div id=\"gazdasagportal.hu_fullbanner_wideboard\"><\/div>\r\n<\/div>\n<p>    Az al-Ihb\u00e1r\u00edja \u00e1llami h\u00edrcsatorna kor\u00e1bban azt jelentette, hogy a hadsereg el\u00e9rte a v\u00e1ros &#8222;sz\u00edv\u00e9t&#8221;.<br \/>\n    R\u00e1mi Abder-Rahm\u00e1n, az Emberi Jogok Sz\u00edriai Megfigyel\u0151k\u00f6zpontja (OSDH) nev\u0171, kiterjedt sz\u00edriai aktivista h\u00e1l\u00f3zattal rendelkez\u0151 emigr\u00e1ns szervezet igazgat\u00f3ja el\u0151sz\u00f6r c\u00e1folta az \u00e1llami telev\u00edzi\u00f3 h\u00edr\u00e9t a BBC brit k\u00f6zszolg\u00e1lati ad\u00f3 arab nyelv\u0171 csatorn\u00e1j\u00e1nak nyilatkozva, \u00e9s hangs\u00falyozta, hogy a Bass\u00e1r el-Aszad sz\u00edriai eln\u00f6kh\u00f6z h\u0171 er\u0151k mind\u00f6ssze a v\u00e1roshoz k\u00f6zeli, d\u00e9lnyugati ter\u00fcleteket \u00e9rt\u00e9k el. Az OSDH id\u0151k\u00f6zben azt jelentette, hogy a korm\u00e1nyer\u0151k behatoltak a v\u00e1ros d\u00e9lnyugati r\u00e9sz\u00e9be \u00e9s \u00e9szaki ir\u00e1nyb\u00f3l is nyomulnak el\u0151re. A jelent\u00e9s szerint a tov\u00e1bbra is tart\u00f3 heves harcokban mindk\u00e9t oldalon sokan meghaltak.<br \/>\n    Abder-Rahm\u00e1n arra eml\u00e9keztetett, hogy a korm\u00e1nyer\u0151k kor\u00e1bban felsz\u00f3l\u00edtott\u00e1k a lakoss\u00e1got, hogy hagyj\u00e1k el otthonaikat, mivel utcai harcokra sz\u00e1m\u00edtanak a dzsihadist\u00e1kkal. A BBC arab nyelv\u0171 csatorn\u00e1ja k\u00e9s\u0151bb azt jelentette, hogy a dzsihadist\u00e1k sz\u00f3l\u00edtott\u00e1k fel menek\u00fcl\u00e9sre a lakoss\u00e1got hangsz\u00f3r\u00f3kon kereszt\u00fcl.<br \/>\n    Az al-Ihb\u00e1r\u00edja Facebook-oldal\u00e1n k\u00f6z\u00f6lt vide\u00f3 szerint a hadsereg el\u0151renyomul\u00e1s\u00e1t a sz\u00edriai l\u00e9gier\u0151 \u00e9s neh\u00e9zt\u00fcz\u00e9rs\u00e9g biztos\u00edtotta. A telep\u00fcl\u00e9s perem\u00e9n \u00e1ll\u00f3 tud\u00f3s\u00edt\u00f3 szerint st\u00e1bj\u00e1val kor\u00e1bban a belv\u00e1rosban volt, ahol jelenleg a hadsereg t\u0171zszer\u00e9szei szedik fel az I\u00c1 \u00e1ltal elhelyezett akn\u00e1kat. A h\u00edrcsatorna szerint a hadsereg el\u0151sz\u00f6r elfoglalta a Palm\u00fcr\u00e1t\u00f3l nyugatra fekv\u0151 at-Tar hegys\u00e9get, ami jelent\u0151sen megk\u00f6nny\u00edtette az el\u0151renyomul\u00e1st.<br \/>\n    Az OSDH igazgat\u00f3ja szerint a katonai akci\u00f3t a korm\u00e1nyer\u0151kkel sz\u00f6vets\u00e9ges Szuk\u00far asz-Szahra mil\u00edcia t\u00e1mogatta, de ir\u00e1ni harcosok \u00e9s a szint\u00e9n az Aszad-rezsim mellett \u00e1ll\u00f3 libanoni s\u00edita szervezet, a Hezbollah is akt\u00edvan r\u00e9szt vesz a hadm\u0171veletben. Abder-Rahm\u00e1n szerint egy orosz katonai tan\u00e1csad\u00f3t is meg\u00f6ltek Palm\u00fcra k\u00f6zel\u00e9ben.<br \/>\n    Megfigyel\u0151k Palm\u00fcra fontos strat\u00e9giai fekv\u00e9s\u00e9re h\u00edvt\u00e1k fel a figyelmet. A telep\u00fcl\u00e9s elfoglal\u00e1s\u00e1val Aszad er\u0151i kevesebb mint 100 kilom\u00e9terre ker\u00fcln\u00e9nek az I\u00c1 f\u0151v\u00e1ros\u00e1nak sz\u00e1m\u00edt\u00f3 \u00e9szakkeleti Rakk\u00e1hoz. Palm\u00fcr\u00e1b\u00f3l ugyanakkor aut\u00f3p\u00e1lya vezet a nyugaton fekv\u0151 Deir-ez-Z\u00f3r v\u00e1rost k\u00f6r\u00fclvev\u0151, nagyr\u00e9szt az I\u00c1 \u00e1ltal uralt r\u00e9gi\u00f3ba, amelybe az Irakkal k\u00f6z\u00f6s fontosabb hat\u00e1r\u00e1tkel\u0151k is tartoznak.<br \/>\n    A sz\u00edriai sivatagban, Damaszkuszt\u00f3l 205 kilom\u00e9terre keletre fekv\u0151 Palm\u00fcr\u00e1t (arab nev\u00e9n Tadmur) az I\u00c1 2015 m\u00e1jus\u00e1ban foglalta el. Az\u00f3ta a dzsihadist\u00e1k sz\u00e1mos puszt\u00edt\u00e1st hajtottak v\u00e9gre az UNESCO vil\u00e1g\u00f6r\u00f6ks\u00e9gi list\u00e1j\u00e1n szerepl\u0151 v\u00e1ros gazdag r\u00e9g\u00e9szeti kincsei k\u00f6z\u00f6tt. A romv\u00e1ros maga nem lakott, a modern telep\u00fcl\u00e9s annak k\u00f6zvetlen k\u00f6zel\u00e9ben \u00e9p\u00fclt.<br \/>\n    A korm\u00e1nyer\u0151k k\u00e9t hete kezdt\u00e9k meg Palm\u00fcra visszafoglal\u00e1s\u00e1t az orosz l\u00e9gier\u0151k jelent\u0151s t\u00e1mogat\u00e1sa mellett.<br \/>\n(MTI)<\/p>\n","protected":false},"excerpt":{"rendered":"<p>Behatoltak a sz\u00edriai korm\u00e1nyer\u0151k cs\u00fct\u00f6rt\u00f6k\u00f6n az Iszl\u00e1m \u00c1llam (I\u00c1) terrorszervezet \u00e1ltal megsz\u00e1llva tartott \u00f3kori romv\u00e1rosba, Palm\u00fcr\u00e1ba &#8211; jelentette a sz\u00edriai \u00e1llami telev\u00edzi\u00f3. Ellenz\u00e9ki forr\u00e1sok szerint a hadsereg egyel\u0151re a v\u00e1ros d\u00e9lnyugati r\u00e9sz\u00e9be nyomult be.<\/p>\n","protected":false},"author":1,"featured_media":0,"comment_status":"open","ping_status":"closed","sticky":false,"template":"","format":"standard","meta":[],"categories":[16],"tags":[],"_links":{"self":[{"href":"https:\/\/gazdasagportal.hu\/index.php\/wp-json\/wp\/v2\/posts\/76841"}],"collection":[{"href":"https:\/\/gazdasagportal.hu\/index.php\/wp-json\/wp\/v2\/posts"}],"about":[{"href":"https:\/\/gazdasagportal.hu\/index.php\/wp-json\/wp\/v2\/types\/post"}],"author":[{"embeddable":true,"href":"https:\/\/gazdasagportal.hu\/index.php\/wp-json\/wp\/v2\/users\/1"}],"replies":[{"embeddable":true,"href":"https:\/\/gazdasagportal.hu\/index.php\/wp-json\/wp\/v2\/comments?post=76841"}],"version-history":[{"count":1,"href":"https:\/\/gazdasagportal.hu\/index.php\/wp-json\/wp\/v2\/posts\/76841\/revisions"}],"predecessor-version":[{"id":76843,"href":"https:\/\/gazdasagportal.hu\/index.php\/wp-json\/wp\/v2\/posts\/76841\/revisions\/76843"}],"wp:attachment":[{"href":"https:\/\/gazdasagportal.hu\/index.php\/wp-json\/wp\/v2\/media?parent=76841"}],"wp:term":[{"taxonomy":"category","embeddable":true,"href":"https:\/\/gazdasagportal.hu\/index.php\/wp-json\/wp\/v2\/categories?post=76841"},{"taxonomy":"post_tag","embeddable":true,"href":"https:\/\/gazdasagportal.hu\/index.php\/wp-json\/wp\/v2\/tags?post=76841"}],"curies":[{"name":"wp","href":"https:\/\/api.w.org\/{rel}","templated":true}]}}