{"id":76789,"date":"2016-03-23T18:44:54","date_gmt":"2016-03-23T17:44:54","guid":{"rendered":"http:\/\/gazdasagportal.hu\/?p=76789"},"modified":"2016-03-23T17:16:49","modified_gmt":"2016-03-23T16:16:49","slug":"brusszeli-robbantasok-brit-belugyminiszter-nem-valtozott-a-keszultsegi-szint-de-szigorodtak-az-ellenorzesek","status":"publish","type":"post","link":"https:\/\/gazdasagportal.hu\/index.php\/brusszeli-robbantasok-brit-belugyminiszter-nem-valtozott-a-keszultsegi-szint-de-szigorodtak-az-ellenorzesek\/","title":{"rendered":"Br\u00fcsszeli robbant\u00e1sok &#8211; Brit bel\u00fcgyminiszter: nem v\u00e1ltozott a k\u00e9sz\u00fclts\u00e9gi szint, de szigorodtak az ellen\u0151rz\u00e9sek"},"content":{"rendered":"<p><strong>Nem v\u00e1ltozott Nagy-Britanni\u00e1ban a terrork\u00e9sz\u00fclts\u00e9gi szint, de a strat\u00e9giai fontoss\u00e1g\u00fa pontokon szigorodott a rend\u0151ri ellen\u0151rz\u00e9s &#8211; mondta szerd\u00e1n a brit bel\u00fcgyminiszter.<\/strong><!--more--><\/p>\n<div class=\"ads-in-post1\"><div id=\"gazdasagportal.hu_fullbanner_wideboard\"><\/div>\r\n<\/div>\n<p>    Theresa May, aki az el\u0151z\u0151 napi br\u00fcsszeli terrort\u00e1mad\u00e1s ut\u00e1n hozott brit int\u00e9zked\u00e9sekr\u0151l t\u00e1j\u00e9koztatta az als\u00f3h\u00e1z k\u00e9pvisel\u0151it, elmondta, hogy tov\u00e1bbra is a m\u00e1sodik legmagasabb k\u00e9sz\u00fclts\u00e9gi fokozat van \u00e9rv\u00e9nyben, amely a hivatalos meghat\u00e1roz\u00e1s szerint s\u00falyos terrorfenyegetetts\u00e9get jelent, \u00e9s azt t\u00fckr\u00f6zi, hogy a brit biztons\u00e1gi szolg\u00e1latok meg\u00edt\u00e9l\u00e9se szerint jelent\u0151s val\u00f3sz\u00edn\u0171s\u00e9ggel lehet sz\u00e1m\u00edtani terrort\u00e1mad\u00e1si k\u00eds\u00e9rletre.<br \/>\n    Ezt a k\u00e9sz\u00fclts\u00e9gi fokozatot a brit korm\u00e1ny 2014 augusztus\u00e1ban l\u00e9ptette \u00e9letbe, azzal az indokkal, hogy k\u00f6zvetlen fenyeget\u00e9st jelent Nagy-Britannia nemzetbiztons\u00e1g\u00e1ra az Iszl\u00e1m \u00c1llam nev\u0171 dzsihadista terrorszervezet.<br \/>\n    Az \u00f6tfokozat\u00fa brit k\u00e9sz\u00fclts\u00e9gi rendszerben enn\u00e9l m\u00e1r csak egy magasabb riaszt\u00e1si fokozat van, a kritikus, amelyet akkor rendelnek el, ha a brit korm\u00e1ny k\u00fcsz\u00f6b\u00f6n\u00e1ll\u00f3 mer\u00e9nylet terveir\u0151l kap konkr\u00e9t \u00e9rtes\u00fcl\u00e9seket.<br \/>\n    Theresa May szerdai als\u00f3h\u00e1zi nyilatkozat\u00e1ban elmondta, hogy az elm\u00falt 18 h\u00f3napban a rend\u0151rs\u00e9g \u00e9s a biztons\u00e1gi szolg\u00e1latok h\u00e9t nagy-britanniai terrort\u00e1mad\u00e1si k\u00eds\u00e9rletet hi\u00fas\u00edtottak meg. Mindegyik mer\u00e9nyletterv vagy k\u00f6zvetlen\u00fcl az Iszl\u00e1m \u00c1llamhoz k\u00f6t\u0151d\u00f6tt, vagy annak propagand\u00e1ja inspir\u00e1lta a t\u00e1mad\u00e1s kitervel\u0151it &#8211; tette hozz\u00e1 a brit bel\u00fcgyminiszter.<br \/>\n    Kijelentette: a brit korm\u00e1nynak tudom\u00e1sa van arr\u00f3l is, hogy az Iszl\u00e1m \u00c1llam k\u00fcls\u0151 t\u00e1mad\u00e1sokra sz\u00e1nt m\u0171veleti egys\u00e9get hozott l\u00e9tre Sz\u00edri\u00e1ban, \u00e9s ez az alakulat t\u00f6megek s\u00e9r\u00fcl\u00e9s\u00e9vel vagy hal\u00e1l\u00e1val j\u00e1r\u00f3 mer\u00e9nyleteket tervez vil\u00e1gszerte.<br \/>\n    Theresa May arr\u00f3l is t\u00e1j\u00e9koztatta az als\u00f3h\u00e1zi k\u00e9pvisel\u0151ket, hogy a br\u00fcsszeli mer\u00e9nyletek ut\u00e1n a brit hat\u00e1r\u0151rizeti hat\u00f3s\u00e1g a Belgiumba \u00e9s Franciaorsz\u00e1gba telep\u00edtett brit bel\u00e9ptet\u00e9si pontokon meger\u0151s\u00edtette a beutaz\u00f3k ellen\u0151rz\u00e9s\u00e9t, megemelte a brit kik\u00f6t\u0151ben dolgoz\u00f3 hat\u00e1r\u0151r\u00e1llom\u00e1ny l\u00e9tsz\u00e1m\u00e1t, \u00e9s alaposabban \u00e1tkutatja a Nagy-Britanni\u00e1ba bel\u00e9p\u0151 turistaj\u00e1rm\u0171veket.<br \/>\n    Londonban a Scotland Yard ugyancsak megemelte a t\u00f6megk\u00f6zleked\u00e9si h\u00e1l\u00f3zat biztons\u00e1g\u00e1ra \u00fcgyel\u0151 j\u00e1r\u0151regys\u00e9gek l\u00e9tsz\u00e1m\u00e1t.<br \/>\n    A brit bel\u00fcgyminiszter hangs\u00falyozta ugyanakkor, hogy ezek az int\u00e9zked\u00e9sek nem valamely konkr\u00e9t h\u00edrszerz\u00e9si \u00e9rtes\u00fcl\u00e9sre adott v\u00e1laszl\u00e9p\u00e9sek, c\u00e9ljuk a lakoss\u00e1g megnyugtat\u00e1sa.<br \/>\n    Theresa May als\u00f3h\u00e1zi nyilatkozata el\u0151tt \u00fcl\u00e9st tartott &#8211; a br\u00fcsszeli mer\u00e9nyletek \u00f3ta imm\u00e1r m\u00e1sodszor &#8211; a brit korm\u00e1ny rendk\u00edv\u00fcli esem\u00e9nyek idej\u00e9n \u00f6sszeh\u00edvott tan\u00e1cskoz\u00f3 test\u00fclete (COBRA) David Cameron korm\u00e1nyf\u0151 eln\u00f6klet\u00e9vel. Az \u00e9rtekezlet ut\u00e1n Cameron az als\u00f3h\u00e1zban elmondta: a br\u00fcsszeli mer\u00e9nyletekben n\u00e9gy brit \u00e1llampolg\u00e1r megs\u00e9r\u00fclt, egy tov\u00e1bbi britet pedig a hat\u00f3s\u00e1gok elt\u0171ntk\u00e9nt tartanak nyilv\u00e1n, az \u0151 holl\u00e9t\u00e9r\u0151l a terrort\u00e1mad\u00e1s \u00f3ta nincs h\u00edr.<br \/>\n    A brit korm\u00e1ny ugyanakkor most m\u00e1r nem tan\u00e1csolja a brit \u00e1llampolg\u00e1roknak, hogy ne utazzanak Br\u00fcsszelbe, de arra inti \u0151ket, hogy ha a belga f\u0151v\u00e1rosba l\u00e1togatnak, ker\u00fclj\u00e9k a zs\u00fafolt helysz\u00edneket, \u00e9s mindig k\u00f6vess\u00e9k a belga hat\u00f3s\u00e1gok utas\u00edt\u00e1sait.<br \/>\n    El\u0151z\u0151 nap a brit k\u00fcl\u00fcgyminiszt\u00e9rium utaz\u00e1si tan\u00e1csad\u00f3 szolg\u00e1lata azt k\u00e9rte, hogy a legsz\u00fcks\u00e9gesebb esetekt\u0151l eltekintve senki ne utazzon Br\u00fcsszelbe.(MTI)<\/p>\n","protected":false},"excerpt":{"rendered":"<p>Nem v\u00e1ltozott Nagy-Britanni\u00e1ban a terrork\u00e9sz\u00fclts\u00e9gi szint, de a strat\u00e9giai fontoss\u00e1g\u00fa pontokon szigorodott a rend\u0151ri ellen\u0151rz\u00e9s &#8211; mondta szerd\u00e1n a brit bel\u00fcgyminiszter.<\/p>\n","protected":false},"author":1,"featured_media":0,"comment_status":"open","ping_status":"closed","sticky":false,"template":"","format":"standard","meta":[],"categories":[12],"tags":[],"_links":{"self":[{"href":"https:\/\/gazdasagportal.hu\/index.php\/wp-json\/wp\/v2\/posts\/76789"}],"collection":[{"href":"https:\/\/gazdasagportal.hu\/index.php\/wp-json\/wp\/v2\/posts"}],"about":[{"href":"https:\/\/gazdasagportal.hu\/index.php\/wp-json\/wp\/v2\/types\/post"}],"author":[{"embeddable":true,"href":"https:\/\/gazdasagportal.hu\/index.php\/wp-json\/wp\/v2\/users\/1"}],"replies":[{"embeddable":true,"href":"https:\/\/gazdasagportal.hu\/index.php\/wp-json\/wp\/v2\/comments?post=76789"}],"version-history":[{"count":1,"href":"https:\/\/gazdasagportal.hu\/index.php\/wp-json\/wp\/v2\/posts\/76789\/revisions"}],"predecessor-version":[{"id":76790,"href":"https:\/\/gazdasagportal.hu\/index.php\/wp-json\/wp\/v2\/posts\/76789\/revisions\/76790"}],"wp:attachment":[{"href":"https:\/\/gazdasagportal.hu\/index.php\/wp-json\/wp\/v2\/media?parent=76789"}],"wp:term":[{"taxonomy":"category","embeddable":true,"href":"https:\/\/gazdasagportal.hu\/index.php\/wp-json\/wp\/v2\/categories?post=76789"},{"taxonomy":"post_tag","embeddable":true,"href":"https:\/\/gazdasagportal.hu\/index.php\/wp-json\/wp\/v2\/tags?post=76789"}],"curies":[{"name":"wp","href":"https:\/\/api.w.org\/{rel}","templated":true}]}}