{"id":76780,"date":"2016-03-23T16:04:34","date_gmt":"2016-03-23T15:04:34","guid":{"rendered":"http:\/\/gazdasagportal.hu\/?p=76780"},"modified":"2016-03-23T16:00:34","modified_gmt":"2016-03-23T15:00:34","slug":"250-millio-euros-beruhazas-a-kecskemeti-mercedes-benz-gyarban","status":"publish","type":"post","link":"https:\/\/gazdasagportal.hu\/index.php\/250-millio-euros-beruhazas-a-kecskemeti-mercedes-benz-gyarban\/","title":{"rendered":"250 milli\u00f3 eur\u00f3s beruh\u00e1z\u00e1s a kecskem\u00e9ti Mercedes-Benz Gy\u00e1rban"},"content":{"rendered":"<p><strong>\u00daj karossz\u00e9ria\u00fczemmel b\u0151v\u00fcl a kecskem\u00e9ti Mercedes-Benz Gy\u00e1r<\/strong><!--more--><\/p>\n<div class=\"ads-in-post1\"><div id=\"gazdasagportal.hu_fullbanner_wideboard\"><\/div>\r\n<\/div>\n<ul>\n<li>A v\u00e1llalat 2018-ig 250 milli\u00f3 eur\u00f3t ford\u00edt technol\u00f3giafejleszt\u00e9sre, valamint a termel\u0151kapacit\u00e1s b\u0151v\u00edt\u00e9s\u00e9re a telephelyen.<\/li>\n<li>Az \u00faj karossz\u00e9ria\u00fczemben gy\u00e1rtj\u00e1k majd az \u00faj gener\u00e1ci\u00f3s kompaktaut\u00f3kat.<\/li>\n<li>\u201eA beruh\u00e1z\u00e1s egy\u00e9rtelm\u0171en a Kecskem\u00e9t ir\u00e1nti elk\u00f6telezetts\u00e9g megnyilv\u00e1nul\u00e1sa, valamint megteremti az \u00faj gener\u00e1ci\u00f3s kompaktaut\u00f3ink sikeres gy\u00e1rt\u00e1s\u00e1nak felt\u00e9tel\u00e9t. Ez a d\u00f6nt\u00e9s is al\u00e1t\u00e1masztja a Mercedes-Benz hossz\u00fa t\u00e1v\u00fa terveit Magyarorsz\u00e1gon\u201d &#8211; hangs\u00falyozta Christian Wolff, a Mercedes-Benz Manufacturing Hungary Kft. \u00fcgyvezet\u00e9s\u00e9nek eln\u00f6ke.<\/li>\n<li>A beruh\u00e1z\u00e1ssal tov\u00e1bb er\u0151s\u00f6dik a kecskem\u00e9ti gy\u00e1r szerepe a pr\u00e9miumm\u00e1rka glob\u00e1lis termel\u00e9si h\u00e1l\u00f3zat\u00e1ban.<\/li>\n<\/ul>\n<p>A Mercedes-Benz 250 milli\u00f3 eur\u00f3s beruh\u00e1z\u00e1st val\u00f3s\u00edt meg a kecskem\u00e9ti gy\u00e1rban, melynek keret\u00e9ben \u00faj karossz\u00e9ria\u00fczem \u00e9p\u00fcl cs\u00facstechnol\u00f3gia felhaszn\u00e1l\u00e1s\u00e1val. Ez\u00e1ltal a v\u00e1llalat eddigi beruh\u00e1z\u00e1sai a telephelyen t\u00f6bb mint 1,3 milli\u00e1rd eur\u00f3ra n\u00f6vekednek. A gy\u00e1r b\u0151v\u00edt\u00e9se lehet\u0151v\u00e9 teszi az \u00faj gener\u00e1ci\u00f3s kompaktaut\u00f3k m\u00e9g rugalmasabb \u00e9s hat\u00e9konyabb gy\u00e1rt\u00e1s\u00e1t.<\/p>\n<p>\u201eA beruh\u00e1z\u00e1s egy\u00e9rtelm\u0171en a Kecskem\u00e9t ir\u00e1nti elk\u00f6telezetts\u00e9g megnyilv\u00e1nul\u00e1sa, valamint megteremti az \u00faj gener\u00e1ci\u00f3s kompaktaut\u00f3ink sikeres gy\u00e1rt\u00e1s\u00e1nak felt\u00e9tel\u00e9t. A fejleszt\u00e9s a Mercedes-Benz hossz\u00fa t\u00e1v\u00fa magyarorsz\u00e1gi terveit bizony\u00edtja\u201d &#8211; hangs\u00falyozta Christian Wolff, a Mercedes-Benz Manufacturing Hungary Kft. \u00fcgyvezet\u00e9s\u00e9nek eln\u00f6ke.<\/p><div id=\"gazda-111765569\" class=\"gazda-tartalomban gazda-entity-placement\"><script async src=\"https:\/\/pagead2.googlesyndication.com\/pagead\/js\/adsbygoogle.js\"><\/script>\r\n<ins class=\"adsbygoogle\"\r\n     style=\"display:block\"\r\n     data-ad-format=\"fluid\"\r\n     data-ad-layout-key=\"-6t+ed+2i-1n-4w\"\r\n     data-ad-client=\"ca-pub-1959107119989764\"\r\n     data-ad-slot=\"4008251320\"><\/ins>\r\n<script>\r\n     (adsbygoogle = window.adsbygoogle || []).push({});\r\n<\/script><\/div>\n<p><a href=\"https:\/\/gazdasagportal.hu\/wp-content\/uploads\/2016\/03\/Mercedes-Benz-Kecskem\u00e9t.jpg\"><img decoding=\"async\" loading=\"lazy\" class=\"alignleft size-medium wp-image-76781\" src=\"https:\/\/gazdasagportal.hu\/wp-content\/uploads\/2016\/03\/Mercedes-Benz-Kecskem\u00e9t-300x213.jpg\" alt=\"Mercedes-Benz-Kecskem\u00e9t\" width=\"300\" height=\"213\" srcset=\"https:\/\/gazdasagportal.hu\/wp-content\/uploads\/2016\/03\/Mercedes-Benz-Kecskem\u00e9t-300x213.jpg 300w, https:\/\/gazdasagportal.hu\/wp-content\/uploads\/2016\/03\/Mercedes-Benz-Kecskem\u00e9t-1024x728.jpg 1024w, https:\/\/gazdasagportal.hu\/wp-content\/uploads\/2016\/03\/Mercedes-Benz-Kecskem\u00e9t.jpg 1347w\" sizes=\"(max-width: 300px) 100vw, 300px\" \/><\/a>A beruh\u00e1z\u00e1snak k\u00f6sz\u00f6nhet\u0151en -a legmodernebb technol\u00f3gi\u00e1k alkalmaz\u00e1s\u00e1val- a v\u00e1llalat l\u00e9nyegesen megn\u00f6veli a termel\u00e9s rugalmass\u00e1g\u00e1t \u00e9s hat\u00e9konys\u00e1g\u00e1t, ugyanakkor er\u0151s\u00edti a gy\u00e1r szerep\u00e9t a pr\u00e9miumm\u00e1rka glob\u00e1lis termel\u00e9si h\u00e1l\u00f3zat\u00e1ban. A kecskem\u00e9ti gy\u00e1r szoros egy\u00fcttm\u0171k\u00f6d\u00e9sben dolgozik a rastatti testv\u00e9rgy\u00e1rral. Ezen a telephelyen 2020-ig szint\u00e9n nagy volumen\u0171 beruh\u00e1z\u00e1sokat hajt v\u00e9gre a v\u00e1llalat, mert vil\u00e1gszerte jelent\u0151s kereslet mutatkozik a Mercedes-Benz pr\u00e9mium kompaktaut\u00f3i ir\u00e1nt. Ez azt jelenti, hogy tart\u00f3san biztos\u00edtottak a munkahelyek a kecskem\u00e9ti Mercedes-Benz Gy\u00e1rban.<strong>\u00a0 <\/strong>A Mercedes-Benz nemzetk\u00f6zi siker\u00e9hez nagym\u00e9rt\u00e9kben hozz\u00e1j\u00e1rul a kecskem\u00e9ti gy\u00e1r a B-oszt\u00e1ly, a CLA \u00e9s a CLA Shooting Brake gy\u00e1rt\u00e1s\u00e1val. A CLA \u00e9s CLA Shooting Brake modelljeit kiz\u00e1r\u00f3lag Kecskem\u00e9ten gy\u00e1rtj\u00e1k az eg\u00e9sz vil\u00e1g r\u00e9sz\u00e9re.<\/p>\n<p><strong>A Mercedes-Benz glob\u00e1lis kompaktaut\u00f3 gy\u00e1rt\u00e1s\u00e1r\u00f3l <\/strong><\/p>\n<p>A Mercedes-Benz kompaktaut\u00f3inak sikert\u00f6rt\u00e9nete 1997-ben kezd\u0151d\u00f6tt az\u00a0\u00a0\u00a0\u00a0\u00a0\u00a0\u00a0\u00a0 A-oszt\u00e1ly piaci bevet\u00e9s\u00e9vel. Az\u00f3ta t\u00f6bb mint n\u00e9gy milli\u00f3 \u00fcgyf\u00e9l v\u00e1lasztotta az \u00a0A-oszt\u00e1ly, a B-oszt\u00e1ly, a CLA vagy a GLA modelljeit.<\/p>\n<p>A kecskem\u00e9ti Mercedes-Benz Gy\u00e1r a nemzetk\u00f6zi Mercedes-Benz Cars rugalmas \u00e9s hat\u00e9kony gy\u00e1rt\u00e1si h\u00e1l\u00f3zat\u00e1nak r\u00e9sze a kompaktaut\u00f3 termel\u00e9si h\u00e1l\u00f3zaton bel\u00fcl. A kompaktaut\u00f3 h\u00e1l\u00f3zathoz tartozik a kecskem\u00e9ti gy\u00e1ron k\u00edv\u00fcl a rastatti testv\u00e9rgy\u00e1r, valamint a pekingi BBAC (K\u00edna), ahol a k\u00ednai piacra ker\u00fcl\u0151 kompakt SUV GLA gy\u00e1rt\u00e1sa zajlik. Ezenk\u00edv\u00fcl az A-oszt\u00e1ly sz\u00e1m\u00e1ra tov\u00e1bbi gy\u00e1rt\u00f3kapacit\u00e1s \u00e1ll rendelkez\u00e9sre a szerz\u0151d\u00e9ses gy\u00e1rt\u00f3k\u00e9nt m\u0171k\u00f6d\u0151 finn Valmet Automotive \u00e1ltal. A k\u00f6z\u00f6s architekt\u00far\u00e1nak k\u00f6sz\u00f6nhet\u0151en valamennyi telephelyen tetsz\u0151leges sorrendben \u00e9s darabsz\u00e1mban \u00e1ll\u00edthat\u00f3 el\u0151 az \u00f6sszes t\u00edpus, \u00edgy a mennyis\u00e9get mindenkor az aktu\u00e1lis piaci keresletnek megfelel\u0151en optim\u00e1lisan lehet elosztani a h\u00e1l\u00f3zaton bel\u00fcl.<\/p>\n<h2>A Mercedes-Benz Cars Operations-r\u0151l<\/h2>\n<p>A Mercedes-Benz Cars Operations vil\u00e1gszerte 26 telephelyen felel a szem\u00e9lyg\u00e9pj\u00e1rm\u0171vek gy\u00e1rt\u00e1s\u00e1\u00e9rt egy rugalmas \u00e9s hat\u00e9kony termel\u00e9si h\u00e1l\u00f3zaton bel\u00fcl, mintegy 78.000 alkalmazottat foglalkoztatva. Ide tartoznak az olyan k\u00f6zponti funkci\u00f3k, mint a tervez\u00e9s, a logisztika \u00e9s a min\u0151s\u00e9gbiztos\u00edt\u00e1s. Az elm\u00falt \u00e9vben a Mercedes-Benz Cars t\u00f6bb mint k\u00e9tmilli\u00f3 j\u00e1rm\u0171vet gy\u00e1rtott Mercedes-Benz ill. Smart m\u00e1rkan\u00e9v alatt, \u00e9s ezzel az \u00f6t\u00f6dik egym\u00e1st k\u00f6vet\u0151 rekordot \u00e9rte el. A termel\u00e9si h\u00e1l\u00f3zat az els\u0151ker\u00e9k-meghajt\u00e1s\u00fa aut\u00f3k (kompakt aut\u00f3k), a h\u00e1ts\u00f3ker\u00e9k-meghajt\u00e1s\u00fa aut\u00f3k (p\u00e9ld\u00e1ul S-, E- \u00e9s C-oszt\u00e1ly), valamint a SUV \u00e9s sportaut\u00f3k gy\u00e1rt\u00e1s\u00e1ra f\u00f3kusz\u00e1l. Ehhez kapcsol\u00f3dik a hajt\u00e1sl\u00e1ncok (motorok, sebess\u00e9gv\u00e1lt\u00f3k, tengelyek, alkatr\u00e9szek) termel\u00e9si h\u00e1l\u00f3zata. Minden egyes termel\u00e9si h\u00e1l\u00f3zat k\u00f6z\u00e9ppontj\u00e1ban egy vezet\u0151 gy\u00e1r (Lead-gy\u00e1r) \u00e1ll, amely technol\u00f3giai \u00e9s min\u0151s\u00e9gbiztos\u00edt\u00e1si kompetencia k\u00f6zpontk\u00e9nt szolg\u00e1l az \u00fajonnan bevezetend\u0151 modellekhez kapcsol\u00f3d\u00f3an. A napi munka sor\u00e1n a modern gy\u00e1rt\u00e1si folyamatok \u00e1lland\u00f3 jav\u00edt\u00e1s\u00e1ra \u00e9s fejleszt\u00e9s\u00e9re f\u00f3kusz\u00e1lnak, amelyek lehet\u0151v\u00e9 teszik a j\u00f6v\u0151 high-tech j\u00e1rm\u0171veinek hat\u00e9kony, rugalmas \u00e9s k\u00f6rnyezetbar\u00e1t el\u0151\u00e1ll\u00edt\u00e1s\u00e1t Mercedes-Benz min\u0151s\u00e9gben. A v\u00e1llalat \u00e9let\u00e9nek k\u00f6z\u00e9ppontj\u00e1ban a dolgoz\u00f3k tud\u00e1sa \u00e1ll. A koll\u00e9g\u00e1k munk\u00e1j\u00e1t a gy\u00e1r a munkahely ergonomikus kialak\u00edt\u00e1s\u00e1val \u00e9s intelligens automatiz\u00e1l\u00e1ssal t\u00e1mogatja. A saj\u00e1t \u00fczemei mellett a Mercedes-Benz a n\u00f6veked\u00e9s \u00e9rdek\u00e9ben fokozza az egy\u00fcttm\u0171k\u00f6d\u00e9st a szerz\u0151d\u00e9ses gy\u00e1rt\u00f3kkal \u00e9s ig\u00e9nybe veszi kapacit\u00e1sukat.<\/p>\n<p>&nbsp;<\/p>\n<p><strong>Mercedes-Benz Manufacturing Hungary Kft.<\/strong><\/p>\n<p>A Mercedes-Benz Manufacturing Hungary Kft., Magyarorsz\u00e1g legvonz\u00f3bb munkaad\u00f3ja*,2012 m\u00e1rcius\u00e1ban nyitotta meg gy\u00e1r\u00e1t; \u00e9s m\u00e1ra m\u00e1r Magyarorsz\u00e1g meghat\u00e1roz\u00f3 befektet\u0151je \u00e9s munkaad\u00f3ja lett.<\/p>\n<p>Az els\u0151 Magyarorsz\u00e1gon is gy\u00e1rtott term\u00e9k a B-oszt\u00e1ly volt; m\u00edg 2013-ban a n\u00e9gyajt\u00f3s CLA coup\u00e9, illetve 2015 janu\u00e1rj\u00e1ban a CLA Shooting Brake gy\u00e1rt\u00e1s\u00e1t is megkezdte a kecskem\u00e9ti gy\u00e1r. K\u00fcl\u00f6n b\u00fcszkes\u00e9g, hogy ez ut\u00f3bbi k\u00e9t t\u00edpust kiz\u00e1r\u00f3lag itt Magyarorsz\u00e1gon gy\u00e1rtj\u00e1k az eg\u00e9sz vil\u00e1g &#8211; t\u00f6bb mint 180 orsz\u00e1g \u2013 r\u00e9sz\u00e9re.<\/p>\n<p>A Mercedes-Benz Manufacturing Hungary Kft. k\u00f6zel 4.000 munkav\u00e1llal\u00f3 sz\u00e1m\u00e1ra biztos\u00edt munkahelyet, valamint 32 hazai sz\u00e9khely\u0171 besz\u00e1ll\u00edt\u00f3val dolgozik. A 2012-ben megnyitott \u00fczemben a mai napig t\u00f6bb mint 1 milli\u00e1rd eur\u00f3t fektetett be a c\u00e9g.<\/p>\n<p>*A Randstad Hungary felm\u00e9r\u00e9se alapj\u00e1n Magyarorsz\u00e1g legvonz\u00f3bb munkaad\u00f3ja 2015-ben.<\/p>\n","protected":false},"excerpt":{"rendered":"<p>\u00daj karossz\u00e9ria\u00fczemmel b\u0151v\u00fcl a kecskem\u00e9ti Mercedes-Benz Gy\u00e1r<\/p>\n","protected":false},"author":1,"featured_media":76781,"comment_status":"open","ping_status":"closed","sticky":false,"template":"","format":"standard","meta":[],"categories":[146,19],"tags":[],"_links":{"self":[{"href":"https:\/\/gazdasagportal.hu\/index.php\/wp-json\/wp\/v2\/posts\/76780"}],"collection":[{"href":"https:\/\/gazdasagportal.hu\/index.php\/wp-json\/wp\/v2\/posts"}],"about":[{"href":"https:\/\/gazdasagportal.hu\/index.php\/wp-json\/wp\/v2\/types\/post"}],"author":[{"embeddable":true,"href":"https:\/\/gazdasagportal.hu\/index.php\/wp-json\/wp\/v2\/users\/1"}],"replies":[{"embeddable":true,"href":"https:\/\/gazdasagportal.hu\/index.php\/wp-json\/wp\/v2\/comments?post=76780"}],"version-history":[{"count":1,"href":"https:\/\/gazdasagportal.hu\/index.php\/wp-json\/wp\/v2\/posts\/76780\/revisions"}],"predecessor-version":[{"id":76782,"href":"https:\/\/gazdasagportal.hu\/index.php\/wp-json\/wp\/v2\/posts\/76780\/revisions\/76782"}],"wp:featuredmedia":[{"embeddable":true,"href":"https:\/\/gazdasagportal.hu\/index.php\/wp-json\/wp\/v2\/media\/76781"}],"wp:attachment":[{"href":"https:\/\/gazdasagportal.hu\/index.php\/wp-json\/wp\/v2\/media?parent=76780"}],"wp:term":[{"taxonomy":"category","embeddable":true,"href":"https:\/\/gazdasagportal.hu\/index.php\/wp-json\/wp\/v2\/categories?post=76780"},{"taxonomy":"post_tag","embeddable":true,"href":"https:\/\/gazdasagportal.hu\/index.php\/wp-json\/wp\/v2\/tags?post=76780"}],"curies":[{"name":"wp","href":"https:\/\/api.w.org\/{rel}","templated":true}]}}