{"id":76754,"date":"2016-03-23T09:58:27","date_gmt":"2016-03-23T08:58:27","guid":{"rendered":"http:\/\/gazdasagportal.hu\/?p=76754"},"modified":"2016-03-23T09:58:27","modified_gmt":"2016-03-23T08:58:27","slug":"mnb-alelnok-a-jegybank-meglepetest-akart-okozni-a-kamatcsokkentessel","status":"publish","type":"post","link":"https:\/\/gazdasagportal.hu\/index.php\/mnb-alelnok-a-jegybank-meglepetest-akart-okozni-a-kamatcsokkentessel\/","title":{"rendered":"MNB-aleln\u00f6k: a jegybank meglepet\u00e9st akart okozni a kamatcs\u00f6kkent\u00e9ssel"},"content":{"rendered":"<p><strong>Meglepet\u00e9st akart okozni a monet\u00e1ris tan\u00e1cs azzal, hogy most kezdte el a kamatcs\u00f6kkent\u00e9si ciklust &#8211; mondta Nagy M\u00e1rton, az MNB aleln\u00f6ke szerd\u00e1n Budapesten egy h\u00e1tt\u00e9rbesz\u00e9lget\u00e9sen.<\/strong><!--more--><\/p>\n<div class=\"ads-in-post1\"><div id=\"gazdasagportal.hu_fullbanner_wideboard\"><\/div>\r\n<\/div>\n<p>    Kiemelte, a kamatcs\u00f6kkent\u00e9si ciklus t\u00f6bb l\u00e9p\u00e9sb\u0151l \u00e1ll majd, az infl\u00e1ci\u00f3s c\u00e9l el\u00e9r\u00e9s\u00e9vel konzisztens kamatszintet kell el\u00e9rni.<br \/>\n    K\u00f6z\u00f6lte: az MNB nagy figyelmet ford\u00edt majd a BUBOR-piacra. A BUBOR most nem teljes\u00edti a referencia-kamat szerep\u00e9t, p\u00e9ld\u00e1ul nem mozog a kamatfolyos\u00f3n bel\u00fcl, ink\u00e1bb az alapkamathoz tapad.<br \/>\n    Minden banki hitelszerz\u0151d\u00e9sben a BUBOR-hoz k\u00f6tik a felt\u00e9teleket.<br \/>\n    A 12 legjelent\u0151sebb kereskedelmi bank olyan k\u00f6telez\u0151 jelleg\u0171 szab\u00e1lyt fogadott el mag\u00e1ra n\u00e9zve, hogy m\u00e1just\u00f3l a BUBOR-ra \u00e1rjegyz\u00e9st v\u00e9gez majd. Ezt az MNB \u0151szig fogja figyelni &#8211; mondta az aleln\u00f6k.<br \/>\n    Nagy M\u00e1rton hozz\u00e1tette: ezeknek a bankoknak az 1 h\u00f3napos \u00e9s 3 h\u00f3napos BUBOR-ra kell jegyezni\u00fck az \u00e1rat.(MTI)<\/p>\n","protected":false},"excerpt":{"rendered":"<p>Meglepet\u00e9st akart okozni a monet\u00e1ris tan\u00e1cs azzal, hogy most kezdte el a kamatcs\u00f6kkent\u00e9si ciklust &#8211; mondta Nagy M\u00e1rton, az MNB aleln\u00f6ke szerd\u00e1n Budapesten egy h\u00e1tt\u00e9rbesz\u00e9lget\u00e9sen.<\/p>\n","protected":false},"author":1,"featured_media":0,"comment_status":"open","ping_status":"closed","sticky":false,"template":"","format":"standard","meta":[],"categories":[19],"tags":[],"_links":{"self":[{"href":"https:\/\/gazdasagportal.hu\/index.php\/wp-json\/wp\/v2\/posts\/76754"}],"collection":[{"href":"https:\/\/gazdasagportal.hu\/index.php\/wp-json\/wp\/v2\/posts"}],"about":[{"href":"https:\/\/gazdasagportal.hu\/index.php\/wp-json\/wp\/v2\/types\/post"}],"author":[{"embeddable":true,"href":"https:\/\/gazdasagportal.hu\/index.php\/wp-json\/wp\/v2\/users\/1"}],"replies":[{"embeddable":true,"href":"https:\/\/gazdasagportal.hu\/index.php\/wp-json\/wp\/v2\/comments?post=76754"}],"version-history":[{"count":1,"href":"https:\/\/gazdasagportal.hu\/index.php\/wp-json\/wp\/v2\/posts\/76754\/revisions"}],"predecessor-version":[{"id":76755,"href":"https:\/\/gazdasagportal.hu\/index.php\/wp-json\/wp\/v2\/posts\/76754\/revisions\/76755"}],"wp:attachment":[{"href":"https:\/\/gazdasagportal.hu\/index.php\/wp-json\/wp\/v2\/media?parent=76754"}],"wp:term":[{"taxonomy":"category","embeddable":true,"href":"https:\/\/gazdasagportal.hu\/index.php\/wp-json\/wp\/v2\/categories?post=76754"},{"taxonomy":"post_tag","embeddable":true,"href":"https:\/\/gazdasagportal.hu\/index.php\/wp-json\/wp\/v2\/tags?post=76754"}],"curies":[{"name":"wp","href":"https:\/\/api.w.org\/{rel}","templated":true}]}}