{"id":76752,"date":"2016-03-23T09:27:19","date_gmt":"2016-03-23T08:27:19","guid":{"rendered":"http:\/\/gazdasagportal.hu\/?p=76752"},"modified":"2016-03-23T09:27:19","modified_gmt":"2016-03-23T08:27:19","slug":"orban-minden-biztonsagi-intezkedest-fenntart-vagy-megemel-magyarorszag","status":"publish","type":"post","link":"https:\/\/gazdasagportal.hu\/index.php\/orban-minden-biztonsagi-intezkedest-fenntart-vagy-megemel-magyarorszag\/","title":{"rendered":"Orb\u00e1n: minden biztons\u00e1gi int\u00e9zked\u00e9st fenntart vagy megemel Magyarorsz\u00e1g"},"content":{"rendered":"<p><strong>Minden biztons\u00e1gi int\u00e9zked\u00e9st fenntart vagy egy fokozattal megemel Magyarorsz\u00e1g a hat\u00e1rokon &#8211; jelentette be Orb\u00e1n Viktor minisztereln\u00f6k az M1 aktu\u00e1lis csatorn\u00e1n az operat\u00edv t\u00f6rzs \u00fcl\u00e9se ut\u00e1n szerda reggel.<br \/>\n<\/strong><!--more--><\/p>\n<div class=\"ads-in-post1\"><div id=\"gazdasagportal.hu_fullbanner_wideboard\"><\/div>\r\n<\/div>\n    Orb\u00e1n Viktor elmondta, hogy a Bel\u00fcgyminiszt\u00e9riumban tartott megbesz\u00e9l\u00e9sen a keddi, br\u00fcsszeli robbant\u00e1sok miatt \u00e1ttekintett\u00e9k a biztons\u00e1gi helyzetet \u00e9s meghozt\u00e1k a sz\u00fcks\u00e9gesnek \u00edt\u00e9lt int\u00e9zked\u00e9seket.<br \/>\n    Fenntartj\u00e1k a kettes terrorfokozatot \u00e9s a Terrorelh\u00e1r\u00edt\u00e1si K\u00f6zpont (TEK) teljes riad\u00f3j\u00e1t, fokozott rend\u0151ri k\u00e9sz\u00fclts\u00e9get rendeltek el Magyarorsz\u00e1g eg\u00e9sz ter\u00fclet\u00e9re, valamint tov\u00e1bbra is \u00e9rv\u00e9nyben tartj\u00e1k a migr\u00e1ci\u00f3s v\u00e1ls\u00e1ghelyzetet &#8211; ismertette a korm\u00e1nyf\u0151, aki utas\u00edtotta Pint\u00e9r S\u00e1ndor bel\u00fcgyminisztert, hogy a szerdai korm\u00e1ny\u00fcl\u00e9sre minden olyan, a terrorizmussal kapcsolatos tervezetet k\u00e9sz\u00edtsen el\u0151, amely kor\u00e1bban politikai vit\u00e1k miatt megrekedt; ilyen p\u00e9ld\u00e1ul az alkotm\u00e1nym\u00f3dos\u00edt\u00e1s.<br \/>\n    A minisztereln\u00f6k arr\u00f3l is besz\u00e9lt, hogy Magyarorsz\u00e1gnak technol\u00f3giai fejleszt\u00e9seket kell v\u00e9grehajtania, fel kell z\u00e1rk\u00f3znia azokhoz az orsz\u00e1gokhoz, amelyek a legjobb technikai felk\u00e9sz\u00fclts\u00e9g\u0171 titkosszolg\u00e1lattal rendelkeznek. &#8222;Technol\u00f3gi\u00e1kat fogunk v\u00e1s\u00e1rolni, k\u00e9pz\u00e9seket, oktat\u00e1sokat fogunk tartani&#8221; &#8211; mondta.<br \/>\n    Hozz\u00e1tette: a lakoss\u00e1g mindebb\u0151l azt tapasztalja majd, hogy sok rend\u0151rt fog l\u00e1tni, valamint bizonyos helyeken &#8211; k\u00fcl\u00f6n\u00f6sen a rep\u00fcl\u0151t\u00e9ren &#8211; p\u00e1nc\u00e9lozott eszk\u00f6z\u00f6ket is. Az utc\u00e1kon j\u00e1r\u0151r\u00f6z\u0151 katonai rend\u00e9szekkel lehet majd tal\u00e1lkozni, \u00e9s a hat\u00f3s\u00e1gok figyelik &#8222;az inform\u00e1ci\u00f3 tov\u00e1bb\u00edt\u00e1s\u00e1ra haszn\u00e1latos eszk\u00f6z\u00f6ket&#8221;. A minisztereln\u00f6k azt k\u00e9rte, hogy a lakoss\u00e1g fogadja t\u00fcrelemmel az int\u00e9zked\u00e9seket, \u00e9s m\u0171k\u00f6dj\u00f6n egy\u00fctt a hat\u00f3s\u00e1gokkal.<br \/>\n    Orb\u00e1n Viktor \u00fagy fogalmazott, hogy a keddi robbant\u00e1sok c\u00e9lpontja nem Belgium volt, hanem Eur\u00f3pa, ez\u00e9rt \u00fagy kell tekinteni, hogy a t\u00e1mad\u00e1s Magyarorsz\u00e1g ellen is ir\u00e1nyult, de szerencs\u00e9re nem Magyarorsz\u00e1g ter\u00fclet\u00e9n t\u00f6rt\u00e9nt. Mivel azonban Magyarorsz\u00e1g is az Eur\u00f3pai Uni\u00f3hoz tartozik, fel kell k\u00e9sz\u00fclni a vesz\u00e9lyre, \u00e9s itt is minden sz\u00fcks\u00e9ges int\u00e9zked\u00e9st meg kell hozni &#8211; mondta.<br \/>\n    Az operat\u00edv t\u00f6rzs \u00fcl\u00e9s\u00e9n r\u00e9szt vett Hajdu J\u00e1nos, a TEK f\u0151igazgat\u00f3ja, valamint Papp K\u00e1roly orsz\u00e1gos rend\u0151rf\u0151kapit\u00e1ny is.<br \/>\n    Kedd reggel terrort\u00e1mad\u00e1sok t\u00f6rt\u00e9ntek a br\u00fcsszeli Zaventem nemzetk\u00f6zi rep\u00fcl\u0151t\u00e9ren \u00e9s a v\u00e1rosk\u00f6zpontban. Az eddigi \u00f6sszes\u00edt\u00e9s szerint a robbant\u00e1ssorozatnak legal\u00e1bb harmincn\u00e9gy halottja \u00e9s 230 sebes\u00fcltje van.(MTI)<\/p>\n","protected":false},"excerpt":{"rendered":"<p>Minden biztons\u00e1gi int\u00e9zked\u00e9st fenntart vagy egy fokozattal megemel Magyarorsz\u00e1g a hat\u00e1rokon &#8211; jelentette be Orb\u00e1n Viktor minisztereln\u00f6k az M1 aktu\u00e1lis csatorn\u00e1n az operat\u00edv t\u00f6rzs \u00fcl\u00e9se ut\u00e1n szerda reggel.<\/p>\n","protected":false},"author":1,"featured_media":0,"comment_status":"open","ping_status":"closed","sticky":false,"template":"","format":"standard","meta":[],"categories":[4],"tags":[],"_links":{"self":[{"href":"https:\/\/gazdasagportal.hu\/index.php\/wp-json\/wp\/v2\/posts\/76752"}],"collection":[{"href":"https:\/\/gazdasagportal.hu\/index.php\/wp-json\/wp\/v2\/posts"}],"about":[{"href":"https:\/\/gazdasagportal.hu\/index.php\/wp-json\/wp\/v2\/types\/post"}],"author":[{"embeddable":true,"href":"https:\/\/gazdasagportal.hu\/index.php\/wp-json\/wp\/v2\/users\/1"}],"replies":[{"embeddable":true,"href":"https:\/\/gazdasagportal.hu\/index.php\/wp-json\/wp\/v2\/comments?post=76752"}],"version-history":[{"count":1,"href":"https:\/\/gazdasagportal.hu\/index.php\/wp-json\/wp\/v2\/posts\/76752\/revisions"}],"predecessor-version":[{"id":76753,"href":"https:\/\/gazdasagportal.hu\/index.php\/wp-json\/wp\/v2\/posts\/76752\/revisions\/76753"}],"wp:attachment":[{"href":"https:\/\/gazdasagportal.hu\/index.php\/wp-json\/wp\/v2\/media?parent=76752"}],"wp:term":[{"taxonomy":"category","embeddable":true,"href":"https:\/\/gazdasagportal.hu\/index.php\/wp-json\/wp\/v2\/categories?post=76752"},{"taxonomy":"post_tag","embeddable":true,"href":"https:\/\/gazdasagportal.hu\/index.php\/wp-json\/wp\/v2\/tags?post=76752"}],"curies":[{"name":"wp","href":"https:\/\/api.w.org\/{rel}","templated":true}]}}