{"id":76746,"date":"2016-03-23T08:49:38","date_gmt":"2016-03-23T07:49:38","guid":{"rendered":"http:\/\/gazdasagportal.hu\/?p=76746"},"modified":"2016-03-23T08:49:38","modified_gmt":"2016-03-23T07:49:38","slug":"brusszeli-robbantasok-azonositottak-a-harmadik-szokesben-levo-repuloteri-merenylot-is","status":"publish","type":"post","link":"https:\/\/gazdasagportal.hu\/index.php\/brusszeli-robbantasok-azonositottak-a-harmadik-szokesben-levo-repuloteri-merenylot-is\/","title":{"rendered":"Br\u00fcsszeli robbant\u00e1sok &#8211; Azonos\u00edtott\u00e1k a harmadik, sz\u00f6k\u00e9sben l\u00e9v\u0151 rep\u00fcl\u0151t\u00e9ri mer\u00e9nyl\u0151t is"},"content":{"rendered":"<p><strong>Azonos\u00edtott\u00e1k a harmadik, m\u00e9g sz\u00f6k\u00e9sben l\u00e9v\u0151 mer\u00e9nyl\u0151t is, aki r\u00e9szt vett a br\u00fcsszeli Zaventem nemzetk\u00f6zi rep\u00fcl\u0151t\u00e9r elleni robbant\u00e1sos mer\u00e9nyletben: a f\u00e9rfi neve Najim Laachraoui a La Derni\u00e9re Heure c\u00edm\u0171 helyi lap szerda reggeli \u00e9rtes\u00fcl\u00e9sei szerint.<\/strong><!--more--><\/p>\n<div class=\"ads-in-post1\"><div id=\"gazdasagportal.hu_fullbanner_wideboard\"><\/div>\r\n<\/div>\n<p>    A fiatalemberr\u0151l nemr\u00e9giben azt k\u00f6z\u00f6lte a belga \u00e1llam\u00fcgy\u00e9szs\u00e9g, hogy tavaly \u0151sszel Magyarorsz\u00e1gon kereszt\u00fcl \u00e9rkezett vissza Sz\u00edri\u00e1b\u00f3l Belgiumba, majd seg\u00edtette a p\u00e1rizsi \u00f6ngyilkos mer\u00e9nyletek el\u0151k\u00e9sz\u00edt\u00e9s\u00e9t.<br \/>\n    A 24 \u00e9ves Najim Laachraoui a hat\u00f3s\u00e1gok szerint 2013-ban csatlakozott az Iszl\u00e1m \u00c1llam nev\u0171 dzsihadista csoport Sz\u00edri\u00e1ban, majd a menek\u00fclthull\u00e1mot kihaszn\u00e1lva t\u00e9rt vissza illeg\u00e1lisan Belgiumba.<br \/>\n     A nyomoz\u00e1s r\u00e9szleteit ismer\u0151 forr\u00e1sok szerint a f\u00e9rfi DNS-\u00e9t a P\u00e1rizsban haszn\u00e1lt robban\u00f3szerkezetek maradv\u00e1nyain is megtal\u00e1lt\u00e1k.(MTI)<\/p>\n","protected":false},"excerpt":{"rendered":"<p>Azonos\u00edtott\u00e1k a harmadik, m\u00e9g sz\u00f6k\u00e9sben l\u00e9v\u0151 mer\u00e9nyl\u0151t is, aki r\u00e9szt vett a br\u00fcsszeli Zaventem nemzetk\u00f6zi rep\u00fcl\u0151t\u00e9r elleni robbant\u00e1sos mer\u00e9nyletben: a f\u00e9rfi neve Najim Laachraoui a La Derni\u00e9re Heure c\u00edm\u0171 helyi lap szerda reggeli \u00e9rtes\u00fcl\u00e9sei szerint.<\/p>\n","protected":false},"author":1,"featured_media":0,"comment_status":"open","ping_status":"closed","sticky":false,"template":"","format":"standard","meta":[],"categories":[12],"tags":[219],"_links":{"self":[{"href":"https:\/\/gazdasagportal.hu\/index.php\/wp-json\/wp\/v2\/posts\/76746"}],"collection":[{"href":"https:\/\/gazdasagportal.hu\/index.php\/wp-json\/wp\/v2\/posts"}],"about":[{"href":"https:\/\/gazdasagportal.hu\/index.php\/wp-json\/wp\/v2\/types\/post"}],"author":[{"embeddable":true,"href":"https:\/\/gazdasagportal.hu\/index.php\/wp-json\/wp\/v2\/users\/1"}],"replies":[{"embeddable":true,"href":"https:\/\/gazdasagportal.hu\/index.php\/wp-json\/wp\/v2\/comments?post=76746"}],"version-history":[{"count":1,"href":"https:\/\/gazdasagportal.hu\/index.php\/wp-json\/wp\/v2\/posts\/76746\/revisions"}],"predecessor-version":[{"id":76747,"href":"https:\/\/gazdasagportal.hu\/index.php\/wp-json\/wp\/v2\/posts\/76746\/revisions\/76747"}],"wp:attachment":[{"href":"https:\/\/gazdasagportal.hu\/index.php\/wp-json\/wp\/v2\/media?parent=76746"}],"wp:term":[{"taxonomy":"category","embeddable":true,"href":"https:\/\/gazdasagportal.hu\/index.php\/wp-json\/wp\/v2\/categories?post=76746"},{"taxonomy":"post_tag","embeddable":true,"href":"https:\/\/gazdasagportal.hu\/index.php\/wp-json\/wp\/v2\/tags?post=76746"}],"curies":[{"name":"wp","href":"https:\/\/api.w.org\/{rel}","templated":true}]}}