{"id":76735,"date":"2016-03-23T05:15:06","date_gmt":"2016-03-23T04:15:06","guid":{"rendered":"http:\/\/gazdasagportal.hu\/?p=76735"},"modified":"2016-03-23T07:31:09","modified_gmt":"2016-03-23T06:31:09","slug":"iszlam-allam-harcosai-egy-sor-tamadast-hajtottak-vegre","status":"publish","type":"post","link":"https:\/\/gazdasagportal.hu\/index.php\/iszlam-allam-harcosai-egy-sor-tamadast-hajtottak-vegre\/","title":{"rendered":"Iszl\u00e1m \u00c1llam harcosai egy sor t\u00e1mad\u00e1st hajtottak v\u00e9gre"},"content":{"rendered":"<p><strong>A Nemzeti K\u00f6zszolg\u00e1lati Egyetem (NKE) docense szerint sokr\u00e9t\u0171 \u00fczenete van a kedd reggel Br\u00fcsszelben t\u00f6rt\u00e9nt robbant\u00e1sos mer\u00e9nyleteknek. Az MTI-nek nyilatkoz\u00f3 szak\u00e9rt\u0151 szerint a br\u00fcsszeli terrorcselekm\u00e9ny egyszerre ir\u00e1nyulhatott a nyugati civiliz\u00e1ci\u00f3, a nyugati vall\u00e1s \u00e9s az Eur\u00f3pai Uni\u00f3 ellen.<\/strong><!--more--><\/p>\n<div class=\"ads-in-post1\"><div id=\"gazdasagportal.hu_fullbanner_wideboard\"><\/div>\r\n<\/div>\n<p>    Br\u00fcsszelben kedd reggel h\u00e1rom robbant\u00e1sos mer\u00e9nylet t\u00f6rt\u00e9nt &#8211; kett\u0151 a Zaventem nemzetk\u00f6zi rep\u00fcl\u0151t\u00e9ren, egy az eur\u00f3pai uni\u00f3s int\u00e9zm\u00e9nyek k\u00f6zel\u00e9ben l\u00e9v\u0151 Maelbeek metr\u00f3meg\u00e1ll\u00f3ban -, amelyekben 34 ember meghalt, mintegy k\u00e9tsz\u00e1z pedig megsebes\u00fclt.<br \/>\n    A mag\u00e1t Iszl\u00e1m \u00c1llamnak nevez\u0151 terrorszervezet kedden d\u00e9lut\u00e1n jelentkezett a br\u00fcsszeli terrorcselekm\u00e9nyek v\u00e9grehajt\u00f3jak\u00e9nt. A terrorista szervezethez k\u00f6zel\u00e1ll\u00f3 Aam\u00e1k h\u00edr\u00fcgyn\u00f6ks\u00e9g angol nyelv\u0171, br\u00fcsszeli keltez\u00e9s\u0171 jelent\u00e9se szerint az &#8222;Iszl\u00e1m \u00c1llam harcosai egy sor t\u00e1mad\u00e1st hajtottak v\u00e9gre&#8221; egyebek mellett robban\u00f3mell\u00e9nyek bevet\u00e9s\u00e9vel. A t\u00e1mad\u00e1s indokl\u00e1sak\u00e9nt az \u00e1llt a jelent\u00e9sben, hogy Belgium az I\u00c1 elleni nemzetk\u00f6zi koal\u00edci\u00f3 tagja.<br \/>\n    Kis-Benedek J\u00f3zsef kiemelte: a br\u00fcsszeli mer\u00e9nylet egy nagyon j\u00f3l \u00f6sszehangolt, megtervezett m\u0171velet volt. A szak\u00e9rt\u0151 ugyanakkor a m\u00e1sik oldalr\u00f3l n\u00e9zve azt is kiemelte, hogy a t\u00e1mad\u00e1s nem volt v\u00e1ratlan, lehetett r\u00e1 sz\u00e1m\u00edtani. Mint felid\u00e9zte: a tavaly novemberi p\u00e1rizsi mer\u00e9nyletek \u00f3ta folyamatosan folyik egy kem\u00e9ny kutat\u00e1s \u00e9s sz\u0171r\u00e9s a k\u00fcl\u00f6nb\u00f6z\u0151 terrorszervezetek ellen. Pr\u00f3b\u00e1lj\u00e1k kisz\u0171rni azokat az embereket, akik r\u00e9szt vettek vagy r\u00e9szt vehetnek, illetve potenci\u00e1lis jel\u00f6ltek lehetnek k\u00fcl\u00f6nb\u00f6z\u0151 t\u00e1mad\u00e1sok v\u00e9grehajt\u00e1s\u00e1ra.<br \/>\n    A m\u00e1sik mot\u00edvumk\u00e9nt azt emelte ki, hogy a mag\u00e1t Iszl\u00e1m \u00c1llamnak nevez\u0151 terrorszervezet ellen sz\u00e9lesk\u00f6r\u0171 t\u00e1mad\u00e1st ind\u00edtottak a k\u00fcl\u00f6nb\u00f6z\u0151 koal\u00edci\u00f3s er\u0151k. Ennek k\u00f6vetkezt\u00e9ben a terrorszervezet els\u0151sorban katonai k\u00e9pess\u00e9geiben jelent\u0151s vesztes\u00e9gek \u00e9rt\u00e9k. Ez indokolhatja, hogy az aszimmetrikus hadvisel\u00e9st v\u00e1lassz\u00e1k, amelynek egyik meghat\u00e1roz\u00f3 m\u00f3dja a terrorizmus.<br \/>\n    Az NKE docense szerint az Eur\u00f3pai Uni\u00f3nak sz\u00f3l\u00f3 \u00fczenet, hogy az EU k\u00f6zpontj\u00e1nak k\u00f6zel\u00e9ben hajtott\u00e1k v\u00e9gre a mer\u00e9nyleteket. Mindemellett a bossz\u00fa is k\u00f6zrej\u00e1tszhatott a br\u00fcsszeli robbant\u00e1sokban, hiszen az elm\u00falt id\u0151szakban Salah Abdeslam mellett t\u00f6bb terrorist\u00e1t is elfogtak Belgiumban, s ezzel &#8222;megzavart\u00e1k a k\u00f6reiket&#8221;. Ez\u00e9rt is meg akarj\u00e1k mutatni, hogy hozhatnak k\u00fcl\u00f6nb\u00f6z\u0151 int\u00e9zked\u00e9seket, szigor\u00edt\u00e1sokat, \u0151k akkor is itt vannak.<br \/>\n    Ezzel egy\u00fctt az NKE docense felh\u00edvta a figyelmet a h\u00fasv\u00e9ti \u00fcnnepek k\u00f6zeledt\u00e9re is. Emiatt egyr\u00e9szt rengetegen utaznak, \u00edgy a k\u00f6zleked\u00e9si k\u00e1osz m\u00e9g t\u00f6bbeket \u00e9rint, t\u00f6bbekben siker\u00fcl f\u00e9lelmet kelteni. Az NKE docense szerint c\u00e9ljuk, hogy min\u00e9l nagyobb k\u00e1oszt, zavart okozzanak. Ez pedig siker\u00fclt is, hiszen Br\u00fcsszelben le\u00e1llt a k\u00f6zleked\u00e9s, emellett a nemzetk\u00f6zi forgalomban, a l\u00e9gi k\u00f6zleked\u00e9sben is nagy fennakad\u00e1sok keletkeztek.<br \/>\n    Arra a k\u00e9rd\u00e9sre, hogy hol lehet egy esetleges k\u00f6vetkez\u0151 terrort\u00e1mad\u00e1s, Kis-Benedek J\u00f3zsef azt mondta: &#8222;nem k\u00f6nny\u0171 egy terrorista agy\u00e1val gondolkodni&#8221;, de Magyarorsz\u00e1got nem soroln\u00e1 az esetleges c\u00e9lpontok k\u00f6z\u00e9. Val\u00f3sz\u00edn\u0171bbnek tartan\u00e1, hogy P\u00e1rizsban, R\u00f3m\u00e1ban, Londonban vagy valamelyik n\u00e9met v\u00e1rosban t\u00f6rt\u00e9nhetnek hasonl\u00f3 cselekm\u00e9nyek.<br \/>\n    Az NKE docense szerint a keddi esem\u00e9nyek is azt igazolj\u00e1k, hogy a terrorist\u00e1knak megvan a potenci\u00e1lis lehet\u0151s\u00e9g\u00fck arra, hogy ak\u00e1r Belgiumban, ak\u00e1r m\u00e1shol, ha akarnak \u00e9s indokoltnak tartj\u00e1k, t\u00e1mad\u00e1st hajtsanak v\u00e9gre. Az NKE docense azt javasolja, hogy mindenki n\u00e9zze meg, hov\u00e1 megy, j\u00f3l n\u00e9zzen k\u00f6r\u00fcl \u00e9s figyeljen oda a hat\u00f3s\u00e1gi figyelmeztet\u00e9sekre.<br \/>\n    Kis-Benedek J\u00f3zsef ezzel egy\u00fctt a hat\u00f3s\u00e1gok szempontj\u00e1b\u00f3l arra is felh\u00edvta a figyelmet, hogy a br\u00fcsszeli rep\u00fcl\u0151t\u00e9ren az indul\u00e1si oldalon t\u00f6rt\u00e9nt a t\u00e1mad\u00e1s. Oda pedig &#8211; a budapesti rep\u00fcl\u0151t\u00e9rhez hasonl\u00f3an &#8211; nyugodtan be lehet s\u00e9t\u00e1lni. Ezzel szemben p\u00e9ldak\u00e9nt eml\u00edtette, hogy Izraelben nemhogy a rep\u00fcl\u0151t\u00e9r \u00e9p\u00fclet\u00e9be, de rep\u00fcl\u0151t\u00e9r k\u00f6rny\u00e9k\u00e9re sem lehet bemenni ellen\u0151rz\u00e9s n\u00e9lk\u00fcl. A legkisebb gyan\u00fara is f\u00e9lre\u00e1ll\u00edtj\u00e1k valakinek az aut\u00f3j\u00e1t &#8211; fejtette ki a szak\u00e9rt\u0151, megjegyezve, el kell d\u00f6nteni, hogy mi a fontosabb: a szabads\u00e1g vagy a biztons\u00e1g.(MTI)<\/p>\n<p>Kapcsol\u00f3d\u00f3 linkek:<\/p><div id=\"gazda-3024805976\" class=\"gazda-tartalomban gazda-entity-placement\"><script async src=\"https:\/\/pagead2.googlesyndication.com\/pagead\/js\/adsbygoogle.js\"><\/script>\r\n<ins class=\"adsbygoogle\"\r\n     style=\"display:block\"\r\n     data-ad-format=\"fluid\"\r\n     data-ad-layout-key=\"-6t+ed+2i-1n-4w\"\r\n     data-ad-client=\"ca-pub-1959107119989764\"\r\n     data-ad-slot=\"4008251320\"><\/ins>\r\n<script>\r\n     (adsbygoogle = window.adsbygoogle || []).push({});\r\n<\/script><\/div>\n<p><strong><a class=\"row-title\" title=\"\u201cBrutalit\u00e1s magas-fokon, sz\u00f6gekkel volt tele az egyik robban\u00f3szerkezet a Zaventem rep\u00fcl\u0151t\u00e9ren\u201d szerkeszt\u00e9se\" href=\"https:\/\/gazdasagportal.hu\/index.php\/brutalitas-magas-fokon-szogekkel-volt-tele-az-egyik-robbanoszerkezet-a-zaventem-repuloteren\/\">Brutalit\u00e1s magas-fokon, sz\u00f6gekkel volt tele az egyik robban\u00f3szerkezet a Zaventem rep\u00fcl\u0151t\u00e9ren<\/a><\/strong><\/p>\n","protected":false},"excerpt":{"rendered":"<p>A Nemzeti K\u00f6zszolg\u00e1lati Egyetem (NKE) docense szerint sokr\u00e9t\u0171 \u00fczenete van a kedd reggel Br\u00fcsszelben t\u00f6rt\u00e9nt robbant\u00e1sos mer\u00e9nyleteknek. Az MTI-nek nyilatkoz\u00f3 szak\u00e9rt\u0151 szerint a br\u00fcsszeli terrorcselekm\u00e9ny egyszerre ir\u00e1nyulhatott a nyugati civiliz\u00e1ci\u00f3, a nyugati vall\u00e1s \u00e9s az Eur\u00f3pai Uni\u00f3 ellen.<\/p>\n","protected":false},"author":1,"featured_media":0,"comment_status":"open","ping_status":"closed","sticky":false,"template":"","format":"standard","meta":[],"categories":[12,16],"tags":[],"_links":{"self":[{"href":"https:\/\/gazdasagportal.hu\/index.php\/wp-json\/wp\/v2\/posts\/76735"}],"collection":[{"href":"https:\/\/gazdasagportal.hu\/index.php\/wp-json\/wp\/v2\/posts"}],"about":[{"href":"https:\/\/gazdasagportal.hu\/index.php\/wp-json\/wp\/v2\/types\/post"}],"author":[{"embeddable":true,"href":"https:\/\/gazdasagportal.hu\/index.php\/wp-json\/wp\/v2\/users\/1"}],"replies":[{"embeddable":true,"href":"https:\/\/gazdasagportal.hu\/index.php\/wp-json\/wp\/v2\/comments?post=76735"}],"version-history":[{"count":2,"href":"https:\/\/gazdasagportal.hu\/index.php\/wp-json\/wp\/v2\/posts\/76735\/revisions"}],"predecessor-version":[{"id":76743,"href":"https:\/\/gazdasagportal.hu\/index.php\/wp-json\/wp\/v2\/posts\/76735\/revisions\/76743"}],"wp:attachment":[{"href":"https:\/\/gazdasagportal.hu\/index.php\/wp-json\/wp\/v2\/media?parent=76735"}],"wp:term":[{"taxonomy":"category","embeddable":true,"href":"https:\/\/gazdasagportal.hu\/index.php\/wp-json\/wp\/v2\/categories?post=76735"},{"taxonomy":"post_tag","embeddable":true,"href":"https:\/\/gazdasagportal.hu\/index.php\/wp-json\/wp\/v2\/tags?post=76735"}],"curies":[{"name":"wp","href":"https:\/\/api.w.org\/{rel}","templated":true}]}}