{"id":76733,"date":"2016-03-23T03:43:26","date_gmt":"2016-03-23T02:43:26","guid":{"rendered":"http:\/\/gazdasagportal.hu\/?p=76733"},"modified":"2016-03-22T21:44:03","modified_gmt":"2016-03-22T20:44:03","slug":"brusszeli-robbantasok-a-szerdai-budapesti-jaratait-is-torolte-a-brussels-airlines","status":"publish","type":"post","link":"https:\/\/gazdasagportal.hu\/index.php\/brusszeli-robbantasok-a-szerdai-budapesti-jaratait-is-torolte-a-brussels-airlines\/","title":{"rendered":"Br\u00fcsszeli robbant\u00e1sok &#8211; A szerdai budapesti j\u00e1ratait is t\u00f6r\u00f6lte a Brussels Airlines"},"content":{"rendered":"<p><strong>A keddi br\u00fcsszeli robbant\u00e1sok miatt szerdai br\u00fcsszeli j\u00e1ratait is t\u00f6r\u00f6lte a Brussels Airlines &#8211; k\u00f6z\u00f6lte Hardy Mih\u00e1ly, a ferihegyi rep\u00fcl\u0151teret \u00fczemeltet\u0151 Budapest Airport sz\u00f3viv\u0151je az MTI-vel.<\/strong><!--more--><\/p>\n<div class=\"ads-in-post1\"><div id=\"gazdasagportal.hu_fullbanner_wideboard\"><\/div>\r\n<\/div>\n<p>    A belga l\u00e9git\u00e1rsas\u00e1g szerd\u00e1n h\u00e1rom j\u00e1ratot ind\u00edtott volna Budapest \u00e9s Br\u00fcsszel k\u00f6z\u00f6tt, reggel f\u00e9l h\u00e9tkor, d\u00e9lben, illetve 17.40-kor, de ezek egyike sem indul el.<br \/>\n    A Lufthansa-csoporthoz tartoz\u00f3 c\u00e9g kor\u00e1bban azt k\u00f6z\u00f6lte az MTI-vel, hogy akiknek m\u00e1rcius 22. \u00e9s 28. k\u00f6z\u00f6tt volt foglal\u00e1sa a Lufthansa, az Austrian, a Swiss, az Eurowings vagy a Brussels Airlines valamelyik br\u00fcsszeli g\u00e9p\u00e9re, azoknak egy \u00e1tfoglal\u00e1s vagy visszamond\u00e1s ingyenes.<br \/>\n    A Budapest Airport Facebook-oldal\u00e1n azt javasolta az utasoknak, hogy lehet\u0151leg k\u00e9t \u00f3r\u00e1val a j\u00e1ratuk indul\u00e1sa el\u0151tt \u00e9rkezzenek ki a rep\u00fcl\u0151t\u00e9rre.<br \/>\n     Kedden reggel terrort\u00e1mad\u00e1sokat k\u00f6vettek el Br\u00fcsszelben: a Zaventem nemzetk\u00f6zi rep\u00fcl\u0151t\u00e9ren \u00e9s a Maelbeek metr\u00f3\u00e1llom\u00e1son t\u00f6rt\u00e9nt robbant\u00e1sokban az eddigi inform\u00e1ci\u00f3k szerint  harmincn\u00e9gyen meghaltak \u00e9s harminc\u00f6ten megsebes\u00fcltek. A nemzetk\u00f6zi rep\u00fcl\u0151teret lez\u00e1rt\u00e1k, valamennyi j\u00e1ratot t\u00f6r\u00f6lt\u00e9k, a rep\u00fcl\u0151t\u00e9rre vezet\u0151 utak pedig j\u00e1rhatatlanok. A mer\u00e9nyletek hat\u00e1s\u00e1ra a belga f\u0151v\u00e1rosba tart\u00f3 rep\u00fcl\u0151g\u00e9peket Amszterdamba, Liege-be \u00e9s m\u00e1s rep\u00fcl\u0151terekre ir\u00e1ny\u00edtott\u00e1k \u00e1t. A Zaventem rep\u00fcl\u0151t\u00e9r szerd\u00e1n is z\u00e1rva marad a terrorfenyegetetts\u00e9g miatt.(MTI)<\/p>\n","protected":false},"excerpt":{"rendered":"<p>A keddi br\u00fcsszeli robbant\u00e1sok miatt szerdai br\u00fcsszeli j\u00e1ratait is t\u00f6r\u00f6lte a Brussels Airlines &#8211; k\u00f6z\u00f6lte Hardy Mih\u00e1ly, a ferihegyi rep\u00fcl\u0151teret \u00fczemeltet\u0151 Budapest Airport sz\u00f3viv\u0151je az MTI-vel.<\/p>\n","protected":false},"author":1,"featured_media":0,"comment_status":"open","ping_status":"closed","sticky":false,"template":"","format":"standard","meta":[],"categories":[4],"tags":[],"_links":{"self":[{"href":"https:\/\/gazdasagportal.hu\/index.php\/wp-json\/wp\/v2\/posts\/76733"}],"collection":[{"href":"https:\/\/gazdasagportal.hu\/index.php\/wp-json\/wp\/v2\/posts"}],"about":[{"href":"https:\/\/gazdasagportal.hu\/index.php\/wp-json\/wp\/v2\/types\/post"}],"author":[{"embeddable":true,"href":"https:\/\/gazdasagportal.hu\/index.php\/wp-json\/wp\/v2\/users\/1"}],"replies":[{"embeddable":true,"href":"https:\/\/gazdasagportal.hu\/index.php\/wp-json\/wp\/v2\/comments?post=76733"}],"version-history":[{"count":1,"href":"https:\/\/gazdasagportal.hu\/index.php\/wp-json\/wp\/v2\/posts\/76733\/revisions"}],"predecessor-version":[{"id":76734,"href":"https:\/\/gazdasagportal.hu\/index.php\/wp-json\/wp\/v2\/posts\/76733\/revisions\/76734"}],"wp:attachment":[{"href":"https:\/\/gazdasagportal.hu\/index.php\/wp-json\/wp\/v2\/media?parent=76733"}],"wp:term":[{"taxonomy":"category","embeddable":true,"href":"https:\/\/gazdasagportal.hu\/index.php\/wp-json\/wp\/v2\/categories?post=76733"},{"taxonomy":"post_tag","embeddable":true,"href":"https:\/\/gazdasagportal.hu\/index.php\/wp-json\/wp\/v2\/tags?post=76733"}],"curies":[{"name":"wp","href":"https:\/\/api.w.org\/{rel}","templated":true}]}}