{"id":76731,"date":"2016-03-23T04:24:04","date_gmt":"2016-03-23T03:24:04","guid":{"rendered":"http:\/\/gazdasagportal.hu\/?p=76731"},"modified":"2016-03-23T07:31:21","modified_gmt":"2016-03-23T06:31:21","slug":"az-ellenseg-mar-kapuinkon-belul-van-europaiak-gyilkolnak-europaiakat","status":"publish","type":"post","link":"https:\/\/gazdasagportal.hu\/index.php\/az-ellenseg-mar-kapuinkon-belul-van-europaiak-gyilkolnak-europaiakat\/","title":{"rendered":"Az ellens\u00e9g m\u00e1r kapuinkon bel\u00fcl van, eur\u00f3paiak gyilkolnak eur\u00f3paiakat"},"content":{"rendered":"<p><strong>A legmagasabb el\u0151tti fokozaton maradt a biztons\u00e1gi k\u00e9sz\u00fclts\u00e9g Olaszorsz\u00e1gban a br\u00fcsszeli terrorista t\u00e1mad\u00e1sokat k\u00f6vet\u0151en, de meger\u0151s\u00edtett\u00e9k az esetleges c\u00e9lpontok v\u00e9delm\u00e9t \u00e9s az orsz\u00e1gos ter\u00fcletellen\u0151rz\u00e9st &#8211; jelentette be Angelino Alfano olasz bel\u00fcgyminiszter kedden.<\/strong><!--more--><\/p>\n<div class=\"ads-in-post1\"><div id=\"gazdasagportal.hu_fullbanner_wideboard\"><\/div>\r\n<\/div>\n<p>    &#8222;Az ellens\u00e9g ma m\u00e1r gyakran otthonaink kapuin bel\u00fcl van, eur\u00f3paiak gyilkolnak eur\u00f3paiakat&#8221; &#8211; tette hozz\u00e1, k\u00f6z\u00f6lve: &#8222;szabads\u00e1gunkat \u00e9rte t\u00e1mad\u00e1s&#8221;.<br \/>\n    Angelino Alfano az olasz nemzetbiztons\u00e1gi tan\u00e1cs \u00fcl\u00e9se ut\u00e1n a sajt\u00f3nak elmagyar\u00e1zta, hogy nem emelt\u00e9k a legmagasabb (h\u00e1rmas) fokozatra a nemzetbiztons\u00e1gi k\u00e9sz\u00fclts\u00e9get Olaszorsz\u00e1gban, mivel ez kiz\u00e1r\u00f3lag nemzeti ter\u00fcleten elk\u00f6vetett terrorista t\u00e1mad\u00e1s eset\u00e9n l\u00e9p \u00e9letbe.<br \/>\n    A r\u00f3mai bel\u00fcgyminiszter ezzel egy id\u0151ben azonban bejelentette, hogy Olaszorsz\u00e1g eg\u00e9sz ter\u00fclet\u00e9n meger\u0151s\u00edtett\u00e9k a &#8222;kiemelt c\u00e9lpontok&#8221; biztons\u00e1gi v\u00e9delm\u00e9t. A helyi rend\u0151rparancsnoks\u00e1gok \u00e9s m\u00e1s hat\u00f3s\u00e1gi k\u00f6zpontok parancsot kaptak a t\u00fczetes ter\u00fcletellen\u0151rz\u00e9sre.        Angelino Alfano kijelentette, az olasz titkosszolg\u00e1lat napi huszonn\u00e9gy \u00f3r\u00e1ban dolgozik a megel\u0151z\u00e9sen. \u00dagy fogalmazott, hogy a terrorizmussal szembeni legjobb recept a megel\u0151z\u00e9s. Az olasz bel\u00fcgyi t\u00e1rca vezet\u0151je ugyanakkor hozz\u00e1tette, hogy &#8222;egyetlen egy orsz\u00e1g sem mondhatja el mag\u00e1r\u00f3l, hogy n\u00e1la nulla szint\u0171 a fenyegetetts\u00e9g&#8221;.<br \/>\n    Az olasz bel\u00fcgyminiszter egy &#8222;integr\u00e1lt eur\u00f3pai ellen\u0151rz\u00e9si rendszer&#8221; sz\u00fcks\u00e9gess\u00e9g\u00e9t hangs\u00falyozta. Kiemelte, hogy az olasz hat\u00f3s\u00e1gok az ut\u00f3bbi egy \u00e9v alatt t\u00f6bb mint sz\u00e1zezer szem\u00e9lyt ellen\u0151riztek, mivel felmer\u00fclt vel\u00fck szemben, hogy vesz\u00e9lyesek lehetnek az olasz nemzetbiztons\u00e1gra. \u00c9v eleje \u00f3ta 74 embert utas\u00edtottak ki Olaszorsz\u00e1gb\u00f3l a terrorizmus p\u00e1rtol\u00e1sa v\u00e1dj\u00e1val, k\u00f6z\u00f6tt\u00fck t\u00f6bb mint h\u00fasz muzulm\u00e1n im\u00e1m, vagy mag\u00e1t im\u00e1mnak nevez\u0151 vall\u00e1si vezet\u0151 is volt. A br\u00fcsszeli robbant\u00e1sokkal egy id\u0151ben az olasz hat\u00f3s\u00e1gok \u0151rizetbe vettek egy iraki f\u00e9rfit, akit a belga \u00e9s a francia hat\u00f3s\u00e1gok is k\u00f6r\u00f6ztek.<br \/>\n    Angelino Alfano elmondta, hogy a novemberi p\u00e1rizsi terrort\u00e1mad\u00e1sok ut\u00e1n Olaszorsz\u00e1gban bevezetett biztons\u00e1gi int\u00e9zked\u00e9sek hat\u00e1s\u00e1ra harminc sz\u00e1zal\u00e9kkal visszaesett a k\u00f6zt\u00f6rv\u00e9nyes b\u0171ncselekm\u00e9nyek ar\u00e1nya.<br \/>\n(MTI)<\/p>\n<p>Kapcsol\u00f3d\u00f3 linkek:<\/p><div id=\"gazda-988069633\" class=\"gazda-tartalomban gazda-entity-placement\"><script async src=\"https:\/\/pagead2.googlesyndication.com\/pagead\/js\/adsbygoogle.js\"><\/script>\r\n<ins class=\"adsbygoogle\"\r\n     style=\"display:block\"\r\n     data-ad-format=\"fluid\"\r\n     data-ad-layout-key=\"-6t+ed+2i-1n-4w\"\r\n     data-ad-client=\"ca-pub-1959107119989764\"\r\n     data-ad-slot=\"4008251320\"><\/ins>\r\n<script>\r\n     (adsbygoogle = window.adsbygoogle || []).push({});\r\n<\/script><\/div>\n<p><strong><a class=\"row-title\" title=\"\u201cBrutalit\u00e1s magas-fokon, sz\u00f6gekkel volt tele az egyik robban\u00f3szerkezet a Zaventem rep\u00fcl\u0151t\u00e9ren\u201d szerkeszt\u00e9se\" href=\"https:\/\/gazdasagportal.hu\/index.php\/brutalitas-magas-fokon-szogekkel-volt-tele-az-egyik-robbanoszerkezet-a-zaventem-repuloteren\/\">Brutalit\u00e1s magas-fokon, sz\u00f6gekkel volt tele az egyik robban\u00f3szerkezet a Zaventem rep\u00fcl\u0151t\u00e9ren<\/a><\/strong><\/p>\n","protected":false},"excerpt":{"rendered":"<p>A legmagasabb el\u0151tti fokozaton maradt a biztons\u00e1gi k\u00e9sz\u00fclts\u00e9g Olaszorsz\u00e1gban a br\u00fcsszeli terrorista t\u00e1mad\u00e1sokat k\u00f6vet\u0151en, de meger\u0151s\u00edtett\u00e9k az esetleges c\u00e9lpontok v\u00e9delm\u00e9t \u00e9s az orsz\u00e1gos ter\u00fcletellen\u0151rz\u00e9st &#8211; jelentette be Angelino Alfano olasz bel\u00fcgyminiszter kedden.<\/p>\n","protected":false},"author":1,"featured_media":0,"comment_status":"open","ping_status":"closed","sticky":false,"template":"","format":"standard","meta":[],"categories":[12],"tags":[],"_links":{"self":[{"href":"https:\/\/gazdasagportal.hu\/index.php\/wp-json\/wp\/v2\/posts\/76731"}],"collection":[{"href":"https:\/\/gazdasagportal.hu\/index.php\/wp-json\/wp\/v2\/posts"}],"about":[{"href":"https:\/\/gazdasagportal.hu\/index.php\/wp-json\/wp\/v2\/types\/post"}],"author":[{"embeddable":true,"href":"https:\/\/gazdasagportal.hu\/index.php\/wp-json\/wp\/v2\/users\/1"}],"replies":[{"embeddable":true,"href":"https:\/\/gazdasagportal.hu\/index.php\/wp-json\/wp\/v2\/comments?post=76731"}],"version-history":[{"count":2,"href":"https:\/\/gazdasagportal.hu\/index.php\/wp-json\/wp\/v2\/posts\/76731\/revisions"}],"predecessor-version":[{"id":76744,"href":"https:\/\/gazdasagportal.hu\/index.php\/wp-json\/wp\/v2\/posts\/76731\/revisions\/76744"}],"wp:attachment":[{"href":"https:\/\/gazdasagportal.hu\/index.php\/wp-json\/wp\/v2\/media?parent=76731"}],"wp:term":[{"taxonomy":"category","embeddable":true,"href":"https:\/\/gazdasagportal.hu\/index.php\/wp-json\/wp\/v2\/categories?post=76731"},{"taxonomy":"post_tag","embeddable":true,"href":"https:\/\/gazdasagportal.hu\/index.php\/wp-json\/wp\/v2\/tags?post=76731"}],"curies":[{"name":"wp","href":"https:\/\/api.w.org\/{rel}","templated":true}]}}