{"id":76727,"date":"2016-03-23T04:44:20","date_gmt":"2016-03-23T03:44:20","guid":{"rendered":"http:\/\/gazdasagportal.hu\/?p=76727"},"modified":"2016-03-23T08:02:05","modified_gmt":"2016-03-23T07:02:05","slug":"egy-robbanoovet-viselo-isis-tagot-fogtal-el-a-hataron","status":"publish","type":"post","link":"https:\/\/gazdasagportal.hu\/index.php\/egy-robbanoovet-viselo-isis-tagot-fogtal-el-a-hataron\/","title":{"rendered":"Egy robban\u00f3\u00f6vet visel\u0151 ISIS-tagot fogtak el a hat\u00e1ron"},"content":{"rendered":"<p><strong>Az Iszl\u00e1m \u00c1llam (I\u00c1) dzsihadista terrorszervezet t\u00edz tagj\u00e1t, k\u00f6zt\u00fck egy robban\u00f3\u00f6vet visel\u0151 harcost fogott el kedden a t\u00f6r\u00f6k hader\u0151 a sz\u00edriai hat\u00e1ron &#8211; jelentette a Dogan t\u00f6r\u00f6k h\u00edr\u00fcgyn\u00f6ks\u00e9g.<\/strong><br \/>\n<!--more--><\/p>\n<div class=\"ads-in-post1\"><div id=\"gazdasagportal.hu_fullbanner_wideboard\"><\/div>\r\n<\/div>\n<p>Az eredetileg tizenk\u00e9t f\u0151s csoport az I\u00c1 ellen\u0151rz\u00e9se alatt \u00e1ll\u00f3 \u00e9szak-sz\u00edriai Jarabulusb\u00f3l pr\u00f3b\u00e1lt \u00e1tjutni a d\u00e9lkelet-t\u00f6r\u00f6korsz\u00e1gi Gaziantep tartom\u00e1nyban tal\u00e1lhat\u00f3 Karkamisba. Miut\u00e1n a t\u00f6r\u00f6k katon\u00e1k \u00e9szrevett\u00e9k a hat\u00e1rs\u00e9rt\u0151ket, majd meg\u00e1ll\u00e1sra sz\u00f3l\u00edtott\u00e1k fel \u0151ket, a dzsihadist\u00e1k pusk\u00e1ikkal t\u00fczet nyitottak a biztons\u00e1gi er\u0151kre.<br \/>\nA l\u00f6v\u00f6ld\u00f6z\u00e9s sor\u00e1n k\u00e9t ember visszasz\u00f6k\u00f6tt Sz\u00edri\u00e1ba, az elfogott terrorist\u00e1k k\u00f6z\u00fcl azonban kett\u0151 megs\u00e9r\u00fclt, egyik\u00fck \u00e9letvesz\u00e9lyesen. Mindkett\u0151j\u00fcket k\u00f3rh\u00e1zba sz\u00e1ll\u00edtott\u00e1k.<br \/>\nAz egyik hat\u00e1rs\u00e9rt\u0151n tal\u00e1lt robban\u00f3\u00f6vet a helysz\u00ednre h\u00edvott t\u0171zszer\u00e9szek hat\u00e1stalan\u00edtott\u00e1k.<br \/>\nA rend\u0151rs\u00e9gi kihallgat\u00e1s sor\u00e1n kider\u00fclt, hogy a csoport \u00f6sszes tagja sz\u00edriai \u00e1llampolg\u00e1r \u00e9s az I\u00c1 harcosa.<br \/>\nAz incidenst k\u00f6vet\u0151en a t\u00f6r\u00f6k hader\u0151 p\u00e1nc\u00e9lozott j\u00e1rm\u0171veket vez\u00e9nyelt az \u00e9rintett hat\u00e1rszakaszra.<br \/>\nKedden reggel Br\u00fcsszelben k\u00e9t helysz\u00ednen k\u00f6vettek el robbant\u00e1sos mer\u00e9nyleteket, amelyek\u00e9rt az I\u00c1 jelentkezett elk\u00f6vet\u0151k\u00e9nt. A mer\u00e9nyletekben a legut\u00f3bb meger\u0151s\u00edtett inform\u00e1ci\u00f3k szerint 34-en meghaltak \u00e9s t\u00f6bb mint k\u00e9tsz\u00e1zan megsebes\u00fcltek.<br \/>\nM\u00falt szombaton egy \u00f6ngyilkos mer\u00e9nyl\u0151 t\u00e1mad\u00e1st hajtott v\u00e9gre Isztambul egyik legforgalmasabb s\u00e9t\u00e1l\u00f3utc\u00e1j\u00e1ban, a v\u00e1ros eur\u00f3pai r\u00e9sz\u00e9ben tal\u00e1lhat\u00f3 F\u00fcggetlens\u00e9g sug\u00e1r\u00faton (Istiklal Caddesi). A tettes n\u00e9gy ember \u00e9let\u00e9t oltotta ki, k\u00f6zt\u00fck h\u00e1rom izraeli \u00e1llampolg\u00e1r\u00e9t. A robbant\u00e1sban 36-an sebes\u00fcltek meg. Az elk\u00f6vet\u0151 a bel\u00fcgyminiszt\u00e9rium szerint az I\u00c1-val \u00e1llt kapcsolatban.(MTI)<\/p>\n<p>&nbsp;<\/p><div id=\"gazda-2787187149\" class=\"gazda-tartalomban gazda-entity-placement\"><script async src=\"https:\/\/pagead2.googlesyndication.com\/pagead\/js\/adsbygoogle.js\"><\/script>\r\n<ins class=\"adsbygoogle\"\r\n     style=\"display:block\"\r\n     data-ad-format=\"fluid\"\r\n     data-ad-layout-key=\"-6t+ed+2i-1n-4w\"\r\n     data-ad-client=\"ca-pub-1959107119989764\"\r\n     data-ad-slot=\"4008251320\"><\/ins>\r\n<script>\r\n     (adsbygoogle = window.adsbygoogle || []).push({});\r\n<\/script><\/div>\n<p>Kapcsol\u00f3d\u00f3 linkek:<\/p>\n<p><strong><a class=\"row-title\" title=\"\u201cBrutalit\u00e1s magas-fokon, sz\u00f6gekkel volt tele az egyik robban\u00f3szerkezet a Zaventem rep\u00fcl\u0151t\u00e9ren\u201d szerkeszt\u00e9se\" href=\"https:\/\/gazdasagportal.hu\/index.php\/brutalitas-magas-fokon-szogekkel-volt-tele-az-egyik-robbanoszerkezet-a-zaventem-repuloteren\/\">Brutalit\u00e1s magas-fokon, sz\u00f6gekkel volt tele az egyik robban\u00f3szerkezet a Zaventem rep\u00fcl\u0151t\u00e9ren<\/a><\/strong><\/p>\n","protected":false},"excerpt":{"rendered":"<p>Az Iszl\u00e1m \u00c1llam (I\u00c1) dzsihadista terrorszervezet t\u00edz tagj\u00e1t, k\u00f6zt\u00fck egy robban\u00f3\u00f6vet visel\u0151 harcost fogott el kedden a t\u00f6r\u00f6k hader\u0151 a sz\u00edriai hat\u00e1ron &#8211; jelentette a Dogan t\u00f6r\u00f6k h\u00edr\u00fcgyn\u00f6ks\u00e9g.<\/p>\n","protected":false},"author":1,"featured_media":0,"comment_status":"open","ping_status":"closed","sticky":false,"template":"","format":"standard","meta":[],"categories":[12],"tags":[],"_links":{"self":[{"href":"https:\/\/gazdasagportal.hu\/index.php\/wp-json\/wp\/v2\/posts\/76727"}],"collection":[{"href":"https:\/\/gazdasagportal.hu\/index.php\/wp-json\/wp\/v2\/posts"}],"about":[{"href":"https:\/\/gazdasagportal.hu\/index.php\/wp-json\/wp\/v2\/types\/post"}],"author":[{"embeddable":true,"href":"https:\/\/gazdasagportal.hu\/index.php\/wp-json\/wp\/v2\/users\/1"}],"replies":[{"embeddable":true,"href":"https:\/\/gazdasagportal.hu\/index.php\/wp-json\/wp\/v2\/comments?post=76727"}],"version-history":[{"count":4,"href":"https:\/\/gazdasagportal.hu\/index.php\/wp-json\/wp\/v2\/posts\/76727\/revisions"}],"predecessor-version":[{"id":76745,"href":"https:\/\/gazdasagportal.hu\/index.php\/wp-json\/wp\/v2\/posts\/76727\/revisions\/76745"}],"wp:attachment":[{"href":"https:\/\/gazdasagportal.hu\/index.php\/wp-json\/wp\/v2\/media?parent=76727"}],"wp:term":[{"taxonomy":"category","embeddable":true,"href":"https:\/\/gazdasagportal.hu\/index.php\/wp-json\/wp\/v2\/categories?post=76727"},{"taxonomy":"post_tag","embeddable":true,"href":"https:\/\/gazdasagportal.hu\/index.php\/wp-json\/wp\/v2\/tags?post=76727"}],"curies":[{"name":"wp","href":"https:\/\/api.w.org\/{rel}","templated":true}]}}