{"id":76707,"date":"2016-03-22T16:22:20","date_gmt":"2016-03-22T15:22:20","guid":{"rendered":"http:\/\/gazdasagportal.hu\/?p=76707"},"modified":"2016-03-22T16:22:20","modified_gmt":"2016-03-22T15:22:20","slug":"kamatdontes-meglepte-az-elemzoket-a-csokkentes","status":"publish","type":"post","link":"https:\/\/gazdasagportal.hu\/index.php\/kamatdontes-meglepte-az-elemzoket-a-csokkentes\/","title":{"rendered":"Kamatd\u00f6nt\u00e9s &#8211; Meglepte az elemz\u0151ket a cs\u00f6kkent\u00e9s"},"content":{"rendered":"<p><strong>Meglepte az elemz\u0151ket, hogy cs\u00f6kkentette az alapkamatot a jegybank monet\u00e1ris tan\u00e1csa keddi kamatd\u00f6nt\u0151 \u00fcl\u00e9s\u00e9n.<\/strong><!--more--><\/p>\n<div class=\"ads-in-post1\"><div id=\"gazdasagportal.hu_fullbanner_wideboard\"><\/div>\r\n<\/div>\n<p>    A test\u00fclet 15 b\u00e1zisponttal, 1,20 sz\u00e1zal\u00e9kra cs\u00f6kkentette az alapkamatot.<br \/>\n    Bebesy D\u00e1niel, a Budapest Alapkezel\u0151 portfoli\u00f3menedzsere MTI-hez eljuttatott komment\u00e1rja szerint meglepet\u00e9st okozott a cs\u00f6kkent\u00e9s. A jegybank ugyan a legut\u00f3bbi kommunik\u00e1ci\u00f3iban t\u00f6bbsz\u00f6r utalt a tov\u00e1bbi monet\u00e1ris enyh\u00edt\u00e9s lehet\u0151s\u00e9g\u00e9re, azonban a piac nagy r\u00e9sze egyel\u0151re csak a nem konvencion\u00e1lis eszk\u00f6z\u00f6k b\u0151v\u00edt\u00e9s\u00e9t v\u00e1rta &#8211; \u00edrta.<br \/>\n    Az elm\u00falt h\u00f3nap glob\u00e1lis \u00e9s hazai esem\u00e9nyei egyar\u00e1nt t\u00e1mogatt\u00e1k az enyh\u00edt\u00e9st a szak\u00e9rt\u0151 szerint. \u00dagy v\u00e9lte, a glob\u00e1lis lassul\u00e1s \u00e9s defl\u00e1ci\u00f3s f\u00e9lelmek miatt a fejlett piaci jegybankok t\u00e1mogat\u00f3bb \u00fczemm\u00f3dba kapcsoltak, a legfrissebb amerikai makrogazdas\u00e1gi adatok pedig az \u00e9v eleji lejtmenet ut\u00e1n ink\u00e1bb stabiliz\u00e1l\u00f3d\u00e1st mutattak. Mindez kedvezett a kock\u00e1zatosabb eszk\u00f6z\u00f6k \u00e1raz\u00e1s\u00e1nak, jelent\u0151sen korrig\u00e1ltak a r\u00e9szv\u00e9nypiacok, visszapattantak a nyersanyag\u00e1rak, \u00e9s a v\u00e1llalati k\u00f6tv\u00e9nypiacokon is enyh\u00fclt a fesz\u00fclts\u00e9g &#8211; fejtette ki.<br \/>\n    \u00dcrm\u00f6ssy Gergely, az Erste Bank vezet\u0151 makrogazdas\u00e1gi elemz\u0151je szerint is meglepte a piacot a jegybank. \u00dagy gondolja, hogy a k\u00f6vetkez\u0151 h\u00f3napokban is folytat\u00f3dhat a kamatcs\u00f6kkent\u00e9si ciklus \u00e9s 0,75 sz\u00e1zal\u00e9kra cs\u00f6kkenhet az alapkamat.<br \/>\n    A bank el\u0151rejelz\u00e9se szerint az infl\u00e1ci\u00f3 okt\u00f3berben m\u00e1r megk\u00f6zel\u00edtheti az 1 sz\u00e1zal\u00e9kot, \u00edgy a re\u00e1lkamat negat\u00edv lehet az \u00e9v v\u00e9g\u00e9n.<br \/>\n    Az elemz\u0151 szerint azzal, hogy az egynapos bet\u00e9ti kamatot -0,05 sz\u00e1zal\u00e9kra cs\u00f6kkentette a monet\u00e1ris tan\u00e1cs, el k\u00edv\u00e1nja ker\u00fclni, hogy a forint er\u0151s\u00f6d\u00e9snek induljon az eur\u00f3val szemben, hiszen az h\u00e1tr\u00e1ltatn\u00e1 a jegybankot a 3 sz\u00e1zal\u00e9kos infl\u00e1ci\u00f3s c\u00e9l el\u00e9r\u00e9s\u00e9ben. Emellett a negat\u00edv bet\u00e9ti kamat azt az \u00fczenetet k\u00f6zvet\u00edti a p\u00e9nzpiacok sz\u00e1m\u00e1ra, hogy hi\u00e1ba k\u00f6zel\u00edt az alapkamat a 0 sz\u00e1zal\u00e9k fel\u00e9, ez nem jelenti azt, hogy a 0 sz\u00e1zal\u00e9k b\u00e1rmilyen korl\u00e1tot is jelentene a jegybank sz\u00e1m\u00e1ra a j\u00f6v\u0151ben. Ez az \u00fczenet pedig &#8211; k\u00f6zvetetten &#8211; a hossz\u00fa \u00e1llampap\u00edrhozamok cs\u00f6kken\u00e9s\u00e9t hozhatja mag\u00e1val &#8211; v\u00e9li az Erste elemz\u0151je.<br \/>\n    Kiss M\u00f3nika, az Equilor Befektet\u00e9si Zrt. vezet\u0151 elemz\u0151je szerint is meglepte a piaci szerepl\u0151ket a cs\u00f6kkent\u00e9s. \u00dagy l\u00e1tj\u00e1k, a Magyar Nemzeti Bank 10-15 b\u00e1zispontonk\u00e9nt, \u0151szre 1 sz\u00e1zal\u00e9k k\u00f6zel\u00e9be m\u00e9rs\u00e9kelheti az alapkamatot, tov\u00e1bb folytathatja a megkezdett \u00e1talak\u00edt\u00e1sokat a bankk\u00f6zi piacon.<br \/>\n    Az Eur\u00f3pai K\u00f6zponti Bank (EKB) megkezdett monet\u00e1ris laz\u00edt\u00e1si ciklusa kedvez\u0151 lehet\u0151s\u00e9get teremtett az MNB sz\u00e1m\u00e1ra, hogy folytassa megkezdett programj\u00e1t, mik\u00f6zben az infl\u00e1ci\u00f3 tov\u00e1bbra is nyomott maradt &#8211; \u00edrj\u00e1k.<br \/>\n    Suppan Gergely, a Takar\u00e9kbank elemz\u0151j\u00e9nek komment\u00e1rja szerint is meglepet\u00e9st okozott a cs\u00f6kkent\u00e9s, azonban a piac be\u00e1razta a tov\u00e1bbi kamatv\u00e1g\u00e1sokat. Felid\u00e9zte: a jegybank vezet\u00e9se az elm\u00falt id\u0151szakban t\u00f6bbsz\u00f6r is figyelmeztetett, hogy a jelenlegi kond\u00edci\u00f3k mellett nem lehet el\u00e9rni a 3 sz\u00e1zal\u00e9kos infl\u00e1ci\u00f3s c\u00e9lkit\u0171z\u00e9st, amihez gyeng\u00e9bb forint\u00e1rfolyamra is sz\u00fcks\u00e9g lehet, \u00edgy feler\u0151s\u00f6dtek a kamatcs\u00f6kkent\u00e9ssel kapcsolatos v\u00e1rakoz\u00e1sok, azonban az elemz\u0151k t\u00f6bbs\u00e9ge egy k\u00e9s\u0151bbi id\u0151pontban v\u00e1rta az \u00faj kamatcs\u00f6kkent\u00e9si ciklus megkezd\u00e9s\u00e9t.<br \/>\n    \u00dagy v\u00e9lte, a kamatcs\u00f6kkent\u00e9st \u00e9rdemben t\u00e1mogatt\u00e1k az EKB nemr\u00e9g bejelentett v\u00e1rtn\u00e1l nagyobb l\u00e9p\u00e9sei &#8211; a bet\u00e9ti kamatl\u00e1b cs\u00f6kkent\u00e9se mellett az alapkamat cs\u00f6kkent\u00e9se, az eszk\u00f6zv\u00e1s\u00e1rl\u00e1si program kiterjeszt\u00e9se, valamint egy \u00faj hossz\u00fa t\u00e1v\u00fa refinansz\u00edroz\u00e1si program bejelent\u00e9se -, valamint az, hogy az amerikai jegybank szerep\u00e9t bet\u00f6lt\u0151 Fed is m\u00e9rs\u00e9keltebben emelheti a kamatokat.<br \/>\n    A Takar\u00e9kbank elemz\u0151je szerint, mivel a kamatcs\u00f6kkent\u00e9s 0,90 sz\u00e1zal\u00e9kig l\u00e9nyeg\u00e9ben be van \u00e1razva, a forint \u00e1rfolyama feltehet\u0151en nem fog le\u00e9rt\u00e9kel\u0151d\u00e9si p\u00e1ly\u00e1ra \u00e1llni, mivel az igen gyorsan javul\u00f3 fundamentumok a forint er\u0151s\u00f6d\u00e9s\u00e9t indokolj\u00e1k. \u00cdgy az MNB feltehet\u0151en csup\u00e1n ellens\u00falyozni tudja a forint er\u0151s\u00f6d\u00e9s\u00e9re hat\u00f3 folyamatokat. Az elemz\u0151 a k\u00f6vetkez\u0151 h\u00f3napokban arra sz\u00e1m\u00edt, hogy k\u00e9t tov\u00e1bbi l\u00e9p\u00e9sben 0,90 sz\u00e1zal\u00e9kra s\u00fcllyed az alapkamat.<br \/>\n    Jobb\u00e1gy S\u00e1ndor, a CIB Bank elemz\u0151j\u00e9nek komment\u00e1rja szerint el\u0151rejelz\u00e9s\u00fckben sz\u00e1m\u00edtottak a cs\u00f6kkent\u00e9sre, azonban a d\u00f6nt\u00e9s szembement a piaci konszenzussal.(MTI)<\/p>\n","protected":false},"excerpt":{"rendered":"<p>Meglepte az elemz\u0151ket, hogy cs\u00f6kkentette az alapkamatot a jegybank monet\u00e1ris tan\u00e1csa keddi kamatd\u00f6nt\u0151 \u00fcl\u00e9s\u00e9n.<\/p>\n","protected":false},"author":1,"featured_media":0,"comment_status":"open","ping_status":"closed","sticky":false,"template":"","format":"standard","meta":[],"categories":[19],"tags":[],"_links":{"self":[{"href":"https:\/\/gazdasagportal.hu\/index.php\/wp-json\/wp\/v2\/posts\/76707"}],"collection":[{"href":"https:\/\/gazdasagportal.hu\/index.php\/wp-json\/wp\/v2\/posts"}],"about":[{"href":"https:\/\/gazdasagportal.hu\/index.php\/wp-json\/wp\/v2\/types\/post"}],"author":[{"embeddable":true,"href":"https:\/\/gazdasagportal.hu\/index.php\/wp-json\/wp\/v2\/users\/1"}],"replies":[{"embeddable":true,"href":"https:\/\/gazdasagportal.hu\/index.php\/wp-json\/wp\/v2\/comments?post=76707"}],"version-history":[{"count":1,"href":"https:\/\/gazdasagportal.hu\/index.php\/wp-json\/wp\/v2\/posts\/76707\/revisions"}],"predecessor-version":[{"id":76708,"href":"https:\/\/gazdasagportal.hu\/index.php\/wp-json\/wp\/v2\/posts\/76707\/revisions\/76708"}],"wp:attachment":[{"href":"https:\/\/gazdasagportal.hu\/index.php\/wp-json\/wp\/v2\/media?parent=76707"}],"wp:term":[{"taxonomy":"category","embeddable":true,"href":"https:\/\/gazdasagportal.hu\/index.php\/wp-json\/wp\/v2\/categories?post=76707"},{"taxonomy":"post_tag","embeddable":true,"href":"https:\/\/gazdasagportal.hu\/index.php\/wp-json\/wp\/v2\/tags?post=76707"}],"curies":[{"name":"wp","href":"https:\/\/api.w.org\/{rel}","templated":true}]}}