{"id":76701,"date":"2016-03-22T14:33:56","date_gmt":"2016-03-22T13:33:56","guid":{"rendered":"http:\/\/gazdasagportal.hu\/?p=76701"},"modified":"2016-03-22T14:33:56","modified_gmt":"2016-03-22T13:33:56","slug":"brusszeli-merenyletek-kiuritik-belgium-egyik-atomletesitmenyet","status":"publish","type":"post","link":"https:\/\/gazdasagportal.hu\/index.php\/brusszeli-merenyletek-kiuritik-belgium-egyik-atomletesitmenyet\/","title":{"rendered":"Br\u00fcsszeli mer\u00e9nyletek &#8211; Ki\u00fcr\u00edtik Belgium egyik atoml\u00e9tes\u00edtm\u00e9ny\u00e9t"},"content":{"rendered":"<p><strong>Ki\u00fcr\u00edtik a belgiumi Tihange-ban tal\u00e1lhat\u00f3 atomer\u0151m\u0171vet &#8211; jelentette a VTM flamand nyelv\u0171 belga k\u00f6zszolg\u00e1lati telev\u00edzi\u00f3 kedden.<\/strong><!--more--><\/p>\n<div class=\"ads-in-post1\"><div id=\"gazdasagportal.hu_fullbanner_wideboard\"><\/div>\r\n<\/div>\n<p>    A helyi sajt\u00f3 h\u00edrei szerint a kedd reggel Br\u00fcsszelben elk\u00f6vetett mer\u00e9nyleteket k\u00f6vet\u0151en azonnal fokozott biztons\u00e1gi int\u00e9zked\u00e9seket rendeltek el a belga nukle\u00e1ris l\u00e9tes\u00edtm\u00e9nyekn\u00e9l.<br \/>\n    Egyes h\u00edrek szerint terrorvesz\u00e9ly miatt teljesen lez\u00e1rt\u00e1k Belgium hat\u00e1rait. A belv\u00e1ros felett helikopterek k\u00f6r\u00f6znek, a t\u00f6megk\u00f6zleked\u00e9si h\u00e1l\u00f3zatot teljesen le\u00e1ll\u00edtott\u00e1k, \u00e9s lez\u00e1rt\u00e1k a vas\u00fat\u00e1llom\u00e1sokat is. A telefonvonalak nem m\u0171k\u00f6dnek Br\u00fcsszelben.<br \/>\n    Charles Michel korm\u00e1nyf\u0151 k\u00f6z\u00f6lte, hogy meger\u0151s\u00edtik a katonai jelenl\u00e9tet a belga f\u0151v\u00e1ros utc\u00e1in. Mint mondta, a korm\u00e1ny sz\u00e1m\u00e1ra az \u00e1llampolg\u00e1rok biztons\u00e1ga a legfontosabb.(MTI)<\/p>\n","protected":false},"excerpt":{"rendered":"<p>Ki\u00fcr\u00edtik a belgiumi Tihange-ban tal\u00e1lhat\u00f3 atomer\u0151m\u0171vet &#8211; jelentette a VTM flamand nyelv\u0171 belga k\u00f6zszolg\u00e1lati telev\u00edzi\u00f3 kedden.<\/p>\n","protected":false},"author":1,"featured_media":0,"comment_status":"open","ping_status":"closed","sticky":false,"template":"","format":"standard","meta":[],"categories":[12],"tags":[],"_links":{"self":[{"href":"https:\/\/gazdasagportal.hu\/index.php\/wp-json\/wp\/v2\/posts\/76701"}],"collection":[{"href":"https:\/\/gazdasagportal.hu\/index.php\/wp-json\/wp\/v2\/posts"}],"about":[{"href":"https:\/\/gazdasagportal.hu\/index.php\/wp-json\/wp\/v2\/types\/post"}],"author":[{"embeddable":true,"href":"https:\/\/gazdasagportal.hu\/index.php\/wp-json\/wp\/v2\/users\/1"}],"replies":[{"embeddable":true,"href":"https:\/\/gazdasagportal.hu\/index.php\/wp-json\/wp\/v2\/comments?post=76701"}],"version-history":[{"count":1,"href":"https:\/\/gazdasagportal.hu\/index.php\/wp-json\/wp\/v2\/posts\/76701\/revisions"}],"predecessor-version":[{"id":76702,"href":"https:\/\/gazdasagportal.hu\/index.php\/wp-json\/wp\/v2\/posts\/76701\/revisions\/76702"}],"wp:attachment":[{"href":"https:\/\/gazdasagportal.hu\/index.php\/wp-json\/wp\/v2\/media?parent=76701"}],"wp:term":[{"taxonomy":"category","embeddable":true,"href":"https:\/\/gazdasagportal.hu\/index.php\/wp-json\/wp\/v2\/categories?post=76701"},{"taxonomy":"post_tag","embeddable":true,"href":"https:\/\/gazdasagportal.hu\/index.php\/wp-json\/wp\/v2\/tags?post=76701"}],"curies":[{"name":"wp","href":"https:\/\/api.w.org\/{rel}","templated":true}]}}