{"id":76695,"date":"2016-03-22T12:54:57","date_gmt":"2016-03-22T11:54:57","guid":{"rendered":"http:\/\/gazdasagportal.hu\/?p=76695"},"modified":"2016-03-22T12:54:57","modified_gmt":"2016-03-22T11:54:57","slug":"szemtanu-lovesek-is-dordultek-es-arab-nyelvu-kiabalasok-es-a-robbanas-leszakitotta-a-repuloter-varotermenek-almennyezetet","status":"publish","type":"post","link":"https:\/\/gazdasagportal.hu\/index.php\/szemtanu-lovesek-is-dordultek-es-arab-nyelvu-kiabalasok-es-a-robbanas-leszakitotta-a-repuloter-varotermenek-almennyezetet\/","title":{"rendered":"Szemtan\u00fa: l\u00f6v\u00e9sek is d\u00f6rd\u00fcltek \u00e9s arab nyelv\u0171 kiab\u00e1l\u00e1sok, \u00e9s a robban\u00e1s leszak\u00edtotta a rep\u00fcl\u0151t\u00e9r v\u00e1r\u00f3term\u00e9nek \u00e1lmennyezet\u00e9t"},"content":{"rendered":"<p><strong>Nagy erej\u0171 robban\u00e1s r\u00e1zta meg br\u00fcsszeli rep\u00fcl\u0151teret, amely leszak\u00edtotta a v\u00e1r\u00f3terem \u00e1lmennyezet\u00e9t \u00e9s megrong\u00e1lta a v\u00edzvezet\u00e9keket. A padl\u00f3t v\u00edzzel keveredett v\u00e9r bor\u00edtotta &#8211; mondta egy Genfb\u0151l \u00e9rkez\u0151 utas a Zaventem nemzetk\u00f6zi rep\u00fcl\u0151t\u00e9ren kedden.<\/strong><!--more--><\/p>\n<div class=\"ads-in-post1\"><div id=\"gazdasagportal.hu_fullbanner_wideboard\"><\/div>\r\n<\/div>\n<p>    Hozz\u00e1tette: szinte alig \u00e9rtek be az \u00e9p\u00fcletbe, amikor a robban\u00e1s t\u00f6rt\u00e9n.<br \/>\n    A szemtan\u00fak szerint l\u00f6v\u00e9sek is d\u00f6rd\u00fcltek \u00e9s arab nyelv\u0171 kiab\u00e1l\u00e1sok hallatszottak k\u00f6zvetlen\u00fcl a kett\u0151s robban\u00e1s el\u0151tt &#8211; \u00edrta kor\u00e1bban a La Derni\u00e9re Heure c\u00edm\u0171 belga napilap.<br \/>\n    Egy v\u00e1rakoz\u00f3 utas elmond\u00e1sa szerint a robban\u00e1s pillanat\u00e1ban embereket emelt a magasba a deton\u00e1ci\u00f3, majd \u00fagy estek vissza a f\u00f6ldre, ak\u00e1r a zs\u00e1kok.<br \/>\n    Egy id\u0151sebb asszony besz\u00e1mol\u00f3ja szerint megcsonk\u00edtott testek fek\u00fcdtek minden\u00fctt.<br \/>\n    &#8222;Kegyetlen volt! Leszakadt a tet\u0151, \u00e9s mindenhol s\u00e9r\u00fclt emberek fek\u00fcdtek. A t\u00e1sk\u00e1k szanasz\u00e9t hevertek a f\u00f6ld\u00f6n. V\u00e9rfoltok voltak m\u00e9g a falakon is&#8221; &#8211; mondta egy m\u00e1sik v\u00e1rakoz\u00f3.<br \/>\n    &#8222;A t\u00f6rmel\u00e9kben j\u00e1rk\u00e1ltunk. Olyan volt, mint egy h\u00e1bor\u00fas filmben&#8221; &#8211; tette hozz\u00e1 egy fiatalember.<br \/>\n    Az uni\u00f3s int\u00e9zm\u00e9nyekhez k\u00f6zeli Maelbeek metr\u00f3\u00e1llom\u00e1son a t\u0171zolt\u00f3s\u00e1g illet\u00e9kes\u00e9nek besz\u00e1mol\u00f3ja szerint t\u00edzen haltak meg a reggeli robbant\u00e1sos mer\u00e9nyletben \u00e9s sebes\u00fcltek is vannak. Sajt\u00f3jelent\u00e9sek szerint a hal\u00e1los \u00e1ldozatok sz\u00e1ma el\u00e9ri a tizen\u00f6t\u00f6t.<br \/>\n    A metr\u00f3meg\u00e1ll\u00f3 bej\u00e1rata k\u00f6zel\u00e9ben a ment\u0151alakulatok r\u00f6gt\u00f6nz\u00f6tt k\u00f6zpontot hoztak l\u00e9tre egy helyi b\u00e1rban. A helysz\u00ednre \u00e9rkez\u0151 rend\u0151r\u00f6k biztons\u00e1gi kordot vontak a metr\u00f3 bej\u00e1rata k\u00f6r\u00e9.<br \/>\n    &#8222;A metr\u00f3 \u00e9ppen elindult a Maelbeek meg\u00e1ll\u00f3b\u00f3l, amikor nagy robban\u00e1st lehetett hallani. Rengetegen voltak a metr\u00f3n, azonnal kit\u00f6rt a p\u00e1nik&#8221; &#8211; mondja egy 32 \u00e9ves fiatalember, akinek s\u00falyosan megs\u00e9r\u00fclt az arca a deton\u00e1ci\u00f3 k\u00f6vetkezt\u00e9ben.<br \/>\n    Az egyik helysz\u00ednen tart\u00f3zkod\u00f3 riporter arr\u00f3l sz\u00e1molt be, hogy t\u00f6bben v\u00e9res arccal menek\u00fcltek a metr\u00f3meg\u00e1ll\u00f3b\u00f3l. K\u00e9t embert hord\u00e1gyon azonnal elsz\u00e1ll\u00edtottak.<br \/>\n    A deton\u00e1ci\u00f3t k\u00f6vet\u0151en t\u00f6bben a s\u00edneken futva menek\u00fcltek el az \u00e1llom\u00e1sr\u00f3l. A metr\u00f3 lej\u00e1rat\u00e1n\u00e1l sok\u00e1ig fekete f\u00fcst gomolygott a helysz\u00ednen l\u00e9v\u0151 \u00fajs\u00e1g\u00edr\u00f3k besz\u00e1mol\u00f3i szerint.<br \/>\n    A br\u00fcsszeli t\u00f6megk\u00f6zleked\u00e9si v\u00e1llalat (STIB) bejelentette, hogy lez\u00e1rt\u00e1k az \u00f6sszes metr\u00f3\u00e1llom\u00e1st, \u00e9s le\u00e1ll\u00edtott\u00e1k a teljes t\u00f6megk\u00f6zleked\u00e9si h\u00e1l\u00f3zatot a belga f\u0151v\u00e1rosban. A f\u0151bb vas\u00fat\u00e1llom\u00e1sokat \u00e9s a k\u00f6z\u00fati k\u00f6zleked\u00e9si alagutakat is lez\u00e1rt\u00e1k Br\u00fcsszelben. Sajt\u00f3\u00e9rtes\u00fcl\u00e9sek szerint gyakorlatilag lez\u00e1rt\u00e1k a hat\u00e1rokat is.(MTI)<\/p>\n","protected":false},"excerpt":{"rendered":"<p>Nagy erej\u0171 robban\u00e1s r\u00e1zta meg br\u00fcsszeli rep\u00fcl\u0151teret, amely leszak\u00edtotta a v\u00e1r\u00f3terem \u00e1lmennyezet\u00e9t \u00e9s megrong\u00e1lta a v\u00edzvezet\u00e9keket. A padl\u00f3t v\u00edzzel keveredett v\u00e9r bor\u00edtotta &#8211; mondta egy Genfb\u0151l \u00e9rkez\u0151 utas a Zaventem nemzetk\u00f6zi rep\u00fcl\u0151t\u00e9ren kedden.<\/p>\n","protected":false},"author":1,"featured_media":0,"comment_status":"open","ping_status":"closed","sticky":false,"template":"","format":"standard","meta":[],"categories":[12],"tags":[],"_links":{"self":[{"href":"https:\/\/gazdasagportal.hu\/index.php\/wp-json\/wp\/v2\/posts\/76695"}],"collection":[{"href":"https:\/\/gazdasagportal.hu\/index.php\/wp-json\/wp\/v2\/posts"}],"about":[{"href":"https:\/\/gazdasagportal.hu\/index.php\/wp-json\/wp\/v2\/types\/post"}],"author":[{"embeddable":true,"href":"https:\/\/gazdasagportal.hu\/index.php\/wp-json\/wp\/v2\/users\/1"}],"replies":[{"embeddable":true,"href":"https:\/\/gazdasagportal.hu\/index.php\/wp-json\/wp\/v2\/comments?post=76695"}],"version-history":[{"count":1,"href":"https:\/\/gazdasagportal.hu\/index.php\/wp-json\/wp\/v2\/posts\/76695\/revisions"}],"predecessor-version":[{"id":76696,"href":"https:\/\/gazdasagportal.hu\/index.php\/wp-json\/wp\/v2\/posts\/76695\/revisions\/76696"}],"wp:attachment":[{"href":"https:\/\/gazdasagportal.hu\/index.php\/wp-json\/wp\/v2\/media?parent=76695"}],"wp:term":[{"taxonomy":"category","embeddable":true,"href":"https:\/\/gazdasagportal.hu\/index.php\/wp-json\/wp\/v2\/categories?post=76695"},{"taxonomy":"post_tag","embeddable":true,"href":"https:\/\/gazdasagportal.hu\/index.php\/wp-json\/wp\/v2\/tags?post=76695"}],"curies":[{"name":"wp","href":"https:\/\/api.w.org\/{rel}","templated":true}]}}