{"id":76693,"date":"2016-03-22T12:11:30","date_gmt":"2016-03-22T11:11:30","guid":{"rendered":"http:\/\/gazdasagportal.hu\/?p=76693"},"modified":"2016-03-22T12:11:30","modified_gmt":"2016-03-22T11:11:30","slug":"terrortamadasokat-kovettek-el-brusszelben-halalos-aldozatok-osszefoglalo","status":"publish","type":"post","link":"https:\/\/gazdasagportal.hu\/index.php\/terrortamadasokat-kovettek-el-brusszelben-halalos-aldozatok-osszefoglalo\/","title":{"rendered":"Terrort\u00e1mad\u00e1sokat k\u00f6vettek el Br\u00fcsszelben, hal\u00e1los \u00e1ldozatok &#8211; \u00d6SSZEFOGLAL\u00d3"},"content":{"rendered":"<p><strong>A belga \u00e1llam\u00fcgy\u00e9szs\u00e9g k\u00f6zl\u00e9se szerint terrort\u00e1mad\u00e1sokat k\u00f6vettek el kedd reggel Br\u00fcsszelben, a br\u00fcsszeli Zaventem nemzetk\u00f6zi rep\u00fcl\u0151t\u00e9ren \u00e9s a Maelbeek metr\u00f3\u00e1llom\u00e1son t\u00f6rt\u00e9nt robbant\u00e1soknak a ment\u00e9st v\u00e9gz\u0151 hat\u00f3s\u00e1gok szerint legal\u00e1bb 21 hal\u00e1los \u00e1ldozatuk \u00e9s 35 sebes\u00fcltj\u00fck van, k\u00e9t magyar \u00e1llampolg\u00e1r is megsebes\u00fclt. Br\u00fcsszel t\u00f6megk\u00f6zleked\u00e9se teljesen megb\u00e9nult.<\/strong><!--more--><\/p>\n<div class=\"ads-in-post1\"><div id=\"gazdasagportal.hu_fullbanner_wideboard\"><\/div>\r\n<\/div>\n<p>    A belga sz\u00f6vets\u00e9gi \u00fcgy\u00e9szs\u00e9g vezet\u0151je az RTBF k\u00f6zszolg\u00e1lati t\u00e9v\u00e9csatorn\u00e1nak elmondta: \u00f6ngyilkos mer\u00e9nyletet k\u00f6vettek el a l\u00e9gikit\u00f6t\u0151ben, szemtan\u00fak arab nyelv\u0171 ki\u00e1lt\u00e1sokr\u00f3l \u00e9s l\u00f6v\u00e9sekr\u0151l sz\u00e1moltak be a kett\u0151s robbant\u00e1s el\u0151tt. A f\u00fcst\u00f6lg\u0151, helyenk\u00e9nt romm\u00e1 z\u00fazott rept\u00e9ren egy harmadik, fel nem robbant pokolg\u00e9pet is tal\u00e1ltak.<br \/>\n    A rep\u00fcl\u0151t\u00e9rr\u0151l a ment\u00e9st v\u00e9gz\u0151k tizenegy hal\u00e1los \u00e1ldozatr\u00f3l \u00e9s sz\u00e1mos sebes\u00fcltr\u0151l sz\u00e1moltak be.<br \/>\n    Nagy Zolt\u00e1n, Magyarorsz\u00e1g br\u00fcsszeli nagyk\u00f6vete k\u00f6z\u00f6lte az M1 aktu\u00e1lis csatorn\u00e1nak elmondta, hogy a robbant\u00e1sok sor\u00e1n k\u00e9t magyar is megsebes\u00fclt. Hozz\u00e1tette, hogy magyar hal\u00e1los \u00e1ldozatr\u00f3l nincs tudom\u00e1suk. Az MTI-nek nyilatkozva at is jelezte: a t\u00e1mad\u00e1sok mindk\u00e9t helysz\u00edne olyan, ahol sok magyar fordulhat meg.<br \/>\n    A belga l\u00e9g\u00fcgyi ir\u00e1ny\u00edt\u00f3 k\u00f6zpont (Belgocontrol) t\u00e1j\u00e9koztat\u00e1sa szerint a Brussels Airlines budapesti j\u00e1rata biztons\u00e1gosan meg\u00e9rkezett a Zaventemre, de a legfrissebb inform\u00e1ci\u00f3k szerint egyel\u0151re nem enged\u00e9lyezt\u00e9k az utasoknak, hogy elhagyj\u00e1k a g\u00e9p fed\u00e9lzet\u00e9t.<br \/>\n    Nagy Zolt\u00e1n arra h\u00edvta fel a figyelmet, hogy a nemzetk\u00f6zi rep\u00fcl\u0151teret lez\u00e1rt\u00e1k, valamennyi j\u00e1ratot t\u00f6r\u00f6lt\u00e9k, a rep\u00fcl\u0151t\u00e9rre vezet\u0151 utak pedig j\u00e1rhatatlanok.<br \/>\n    A magyar nagyk\u00f6vets\u00e9g k\u00f6z\u00f6ss\u00e9gi oldal\u00e1n folyamatosan friss\u00edtett t\u00e1j\u00e9koztat\u00e1st adnak az esem\u00e9nyekr\u0151l, valamint k\u00f6zz\u00e9tett\u00e9k az \u00e9rintett belga hat\u00f3s\u00e1gok v\u00e9szh\u00edv\u00f3 telefonsz\u00e1mait.<br \/>\n    Az uni\u00f3s int\u00e9zm\u00e9nyekhez k\u00f6zeli Maelbeek metr\u00f3\u00e1llom\u00e1son a t\u0171zolt\u00f3s\u00e1g illet\u00e9kes\u00e9nek besz\u00e1mol\u00f3ja szerint t\u00edzen haltak meg, sebes\u00fcltek is vannak. Sajt\u00f3jelent\u00e9sek szerint a hal\u00e1los \u00e1ldozatok sz\u00e1ma el\u00e9ri a tizen\u00f6t\u00f6t. A deton\u00e1ci\u00f3t k\u00f6vet\u0151en t\u00f6bben is a s\u00edneken futva menek\u00fcltek el az \u00e1llom\u00e1sr\u00f3l. A metr\u00f3 lej\u00e1rat\u00e1n\u00e1l sok\u00e1ig fekete f\u00fcst gomolygott a helysz\u00ednen l\u00e9v\u0151 \u00fajs\u00e1g\u00edr\u00f3k besz\u00e1mol\u00f3i szerint.<br \/>\n    A br\u00fcsszeli t\u00f6megk\u00f6zleked\u00e9si v\u00e1llalat (STIB) bejelentette, hogy lez\u00e1rt\u00e1k az \u00f6sszes metr\u00f3\u00e1llom\u00e1st, \u00e9s le\u00e1ll\u00edtott\u00e1k a teljes t\u00f6megk\u00f6zleked\u00e9si h\u00e1l\u00f3zatot a belga f\u0151v\u00e1rosban. A f\u0151bb vas\u00fat\u00e1llom\u00e1sokat \u00e9s a k\u00f6z\u00fati k\u00f6zleked\u00e9si alagutakat is lez\u00e1rt\u00e1k Br\u00fcsszelben. Sajt\u00f3\u00e9rtes\u00fcl\u00e9sek szerint gyakorlatilag lez\u00e1rt\u00e1k a hat\u00e1rokat is.<br \/>\n    Az Eur\u00f3pai Bizotts\u00e1g teljes szem\u00e9lyzet\u00e9t biztons\u00e1gba helyezt\u00e9k a robbant\u00e1sok miatt &#8211; k\u00f6z\u00f6lte Twitter-profilj\u00e1n a bizotts\u00e1g szem\u00e9lyzeti vezet\u0151j\u00e9nek helyettese.<br \/>\n    A test\u00fclet arra k\u00e9rte az alkalmazottakat, hogy maradjanak otthonukban, illetve irod\u00e1jukban, ahol \u00e9ppen vannak. A t\u00f6rt\u00e9ntek miatt a hat\u00f3s\u00e1gok elrendelt\u00e9k a legmagasabb, negyedik szint\u0171 terrork\u00e9sz\u00fclts\u00e9get &#8211; jelentette be Jan Jambon belga bel\u00fcgyminiszter.<br \/>\n    T\u00f6bb eur\u00f3pai rep\u00fcl\u0151t\u00e9ren, k\u00f6zt\u00fck a p\u00e1rizsin, a frankfurtin, a r\u00f3main, a pr\u00e1gain \u00e9s a londonin fokozott biztons\u00e1gi \u00f3vint\u00e9zked\u00e9seket vezettek be.<br \/>\n    A holland hat\u00f3s\u00e1gok k\u00f6z\u00f6lt\u00e9k, hogy meger\u0151s\u00edtett\u00e9k a hollandiai rep\u00fcl\u0151terek biztons\u00e1g\u00e1t, \u00e9s fokozottan ellen\u0151rzik az orsz\u00e1ghat\u00e1rokat. A rend\u0151rs\u00e9g jelent\u0151s l\u00e9tsz\u00e1mban van jelen a sz\u00f3ban forg\u00f3 helyeken. A terrork\u00e9sz\u00fclts\u00e9g szintj\u00e9t ugyanakkor nem emelt\u00e9k.<br \/>\n    A br\u00fcsszeli mer\u00e9nyletek hat\u00e1s\u00e1ra a belga f\u0151v\u00e1rosba tart\u00f3 rep\u00fcl\u0151g\u00e9peket Amszterdamba, Liege-be \u00e9s m\u00e1s rep\u00fcl\u0151terekre ir\u00e1ny\u00edtott\u00e1k \u00e1t.(MTI)<\/p>\n<p>Kapcsol\u00f3d\u00f3 cikkek:<\/p><div id=\"gazda-1965649133\" class=\"gazda-tartalomban gazda-entity-placement\"><script async src=\"https:\/\/pagead2.googlesyndication.com\/pagead\/js\/adsbygoogle.js\"><\/script>\r\n<ins class=\"adsbygoogle\"\r\n     style=\"display:block\"\r\n     data-ad-format=\"fluid\"\r\n     data-ad-layout-key=\"-6t+ed+2i-1n-4w\"\r\n     data-ad-client=\"ca-pub-1959107119989764\"\r\n     data-ad-slot=\"4008251320\"><\/ins>\r\n<script>\r\n     (adsbygoogle = window.adsbygoogle || []).push({});\r\n<\/script><\/div>\n<p><strong><a href=\"https:\/\/gazdasagportal.hu\/index.php\/magyarorszagon-is-kettes-fokozatu-magas-terrorkeszultseget-rendeltek-el\/\" target=\"_blank\">Magyarorsz\u00e1gon magas terrorfokozatot l\u00e9ptettek \u00e9rv\u00e9nybe<\/a><\/strong><\/p>\n<p><a href=\"https:\/\/gazdasagportal.hu\/index.php\/fokozott-ellenorzest-rendeltek-el-a-budapesti-repteren-es-a-metrokban\/\" target=\"_blank\"><strong>Fokozott ellen\u0151rz\u00e9st rendeltek el a budapesti rept\u00e9ren \u00e9s a metr\u00f3kban<\/strong><\/a><\/p>\n<p><strong><a href=\"https:\/\/gazdasagportal.hu\/index.php\/halalos-aldozatai-is-vannak-a-brusszeli-repuloteren-tortent-robbanasoknak\/\" target=\"_blank\">Hal\u00e1los \u00e1ldozatai is vannak a br\u00fcsszeli rep\u00fcl\u0151t\u00e9ren t\u00f6rt\u00e9nt robban\u00e1soknak<\/a><\/strong><\/p>\n<p><strong><a href=\"https:\/\/gazdasagportal.hu\/index.php\/szemtanuk-szerint-lovesek-dordultek-a-brusszeli-repuloteren-a-robbanasok-elott\/\" target=\"_blank\">Szemtan\u00fak szerint l\u00f6v\u00e9sek d\u00f6rd\u00fcltek a br\u00fcsszeli rep\u00fcl\u0151t\u00e9ren a robban\u00e1sok el\u0151tt<\/a><\/strong><\/p>\n<p><strong><a href=\"https:\/\/gazdasagportal.hu\/index.php\/belga-legi-iranyitas-biztonsagban-landolt-a-budapesti-jarat\/\" target=\"_blank\">Belga l\u00e9gi ir\u00e1ny\u00edt\u00e1s: biztons\u00e1gban landolt a budapesti j\u00e1rat<\/a><\/strong><\/p>\n<p><a href=\"https:\/\/gazdasagportal.hu\/index.php\/friss-ongyilkos-robbantas-tortent-a-brusszeli-repuloteren\/\" target=\"_blank\"><strong>Friss \u2013 \u00d6ngyilkos robbant\u00e1s t\u00f6rt\u00e9nt a br\u00fcsszeli rep\u00fcl\u0151t\u00e9ren<\/strong><\/a><\/p>\n<p><a href=\"https:\/\/gazdasagportal.hu\/index.php\/tucatnyi-halottja-es-tobb-mint-harminc-sulyos-sebesultje-van-a-detonacioknak\/\" target=\"_blank\"><strong>Tucatnyi halottja \u00e9s t\u00f6bb mint harminc s\u00falyos sebes\u00fcltje van a deton\u00e1ci\u00f3knak<\/strong><\/a><\/p>\n","protected":false},"excerpt":{"rendered":"<p>A belga \u00e1llam\u00fcgy\u00e9szs\u00e9g k\u00f6zl\u00e9se szerint terrort\u00e1mad\u00e1sokat k\u00f6vettek el kedd reggel Br\u00fcsszelben, a br\u00fcsszeli Zaventem nemzetk\u00f6zi rep\u00fcl\u0151t\u00e9ren \u00e9s a Maelbeek metr\u00f3\u00e1llom\u00e1son t\u00f6rt\u00e9nt robbant\u00e1soknak a ment\u00e9st v\u00e9gz\u0151 hat\u00f3s\u00e1gok szerint legal\u00e1bb 21 hal\u00e1los \u00e1ldozatuk \u00e9s 35 sebes\u00fcltj\u00fck van, k\u00e9t magyar \u00e1llampolg\u00e1r is megsebes\u00fclt. Br\u00fcsszel t\u00f6megk\u00f6zleked\u00e9se teljesen megb\u00e9nult.<\/p>\n","protected":false},"author":1,"featured_media":0,"comment_status":"open","ping_status":"closed","sticky":false,"template":"","format":"standard","meta":[],"categories":[12],"tags":[],"_links":{"self":[{"href":"https:\/\/gazdasagportal.hu\/index.php\/wp-json\/wp\/v2\/posts\/76693"}],"collection":[{"href":"https:\/\/gazdasagportal.hu\/index.php\/wp-json\/wp\/v2\/posts"}],"about":[{"href":"https:\/\/gazdasagportal.hu\/index.php\/wp-json\/wp\/v2\/types\/post"}],"author":[{"embeddable":true,"href":"https:\/\/gazdasagportal.hu\/index.php\/wp-json\/wp\/v2\/users\/1"}],"replies":[{"embeddable":true,"href":"https:\/\/gazdasagportal.hu\/index.php\/wp-json\/wp\/v2\/comments?post=76693"}],"version-history":[{"count":1,"href":"https:\/\/gazdasagportal.hu\/index.php\/wp-json\/wp\/v2\/posts\/76693\/revisions"}],"predecessor-version":[{"id":76694,"href":"https:\/\/gazdasagportal.hu\/index.php\/wp-json\/wp\/v2\/posts\/76693\/revisions\/76694"}],"wp:attachment":[{"href":"https:\/\/gazdasagportal.hu\/index.php\/wp-json\/wp\/v2\/media?parent=76693"}],"wp:term":[{"taxonomy":"category","embeddable":true,"href":"https:\/\/gazdasagportal.hu\/index.php\/wp-json\/wp\/v2\/categories?post=76693"},{"taxonomy":"post_tag","embeddable":true,"href":"https:\/\/gazdasagportal.hu\/index.php\/wp-json\/wp\/v2\/tags?post=76693"}],"curies":[{"name":"wp","href":"https:\/\/api.w.org\/{rel}","templated":true}]}}