{"id":76658,"date":"2016-03-22T10:14:13","date_gmt":"2016-03-22T09:14:13","guid":{"rendered":"http:\/\/gazdasagportal.hu\/?p=76658"},"modified":"2016-03-22T11:21:08","modified_gmt":"2016-03-22T10:21:08","slug":"fokozott-ellenorzest-rendeltek-el-a-budapesti-repteren-es-a-metrokban","status":"publish","type":"post","link":"https:\/\/gazdasagportal.hu\/index.php\/fokozott-ellenorzest-rendeltek-el-a-budapesti-repteren-es-a-metrokban\/","title":{"rendered":"Fokozott ellen\u0151rz\u00e9st rendeltek el a budapesti rept\u00e9ren \u00e9s a metr\u00f3kban"},"content":{"rendered":"<p><strong>A br\u00fcsszeli robbant\u00e1sok nyom\u00e1n fokozott ellen\u0151rz\u00e9st rendelt el az orsz\u00e1gos rend\u0151rf\u0151kapit\u00e1ny a budapesti Liszt Ferenc Nemzetk\u00f6zi Rep\u00fcl\u0151t\u00e9ren \u00e9s a budapesti metr\u00f3\u00e1llom\u00e1sok ter\u00fclet\u00e9n. Err\u0151l Papp K\u00e1roly sz\u00e1molt be az Orsz\u00e1ggy\u0171l\u00e9s honv\u00e9delmi \u00e9s rend\u00e9szeti bizotts\u00e1g\u00e1nak keddi \u00fcl\u00e9se el\u0151tt \u00fajs\u00e1g\u00edr\u00f3knak.<\/strong><!--more--><\/p>\n<div class=\"ads-in-post1\"><div id=\"gazdasagportal.hu_fullbanner_wideboard\"><\/div>\r\n<\/div>\n<p>A rend\u0151rf\u0151kapit\u00e1ny azt mondta: az utasok szabads\u00e1g\u00e1t nem korl\u00e1tozz\u00e1k, de a rend\u0151ri jelenl\u00e9tet \u00e9s az ellen\u0151rz\u00e9st meger\u0151s\u00edtik. Arra a k\u00e9rd\u00e9sre, hogy ez a p\u00e1lyaudvarokra is kiterjed-e, Papp K\u00e1roly azt mondta, ott m\u00e1r kor\u00e1bban meger\u0151s\u00edtett\u00e9k a rend\u0151ri biztos\u00edt\u00e1st.<br \/>\nKedd reggel robban\u00e1sok t\u00f6rt\u00e9ntek a br\u00fcsszeli Zaventem nemzetk\u00f6zi rep\u00fcl\u0151t\u00e9ren \u00e9s egy metr\u00f3\u00e1llom\u00e1son. A legfrissebb inform\u00e1ci\u00f3k szerint tizenh\u00e1rom halottja \u00e9s harminc\u00f6t s\u00falyos sebes\u00fcltje van a deton\u00e1ci\u00f3knak &#8211; t\u00e1j\u00e9koztatott a VRT belga k\u00f6zszolg\u00e1lati telev\u00edzi\u00f3.(MTI)<\/p>\n<p>Kapcsol\u00f3d\u00f3 cikkek:<\/p><div id=\"gazda-2342880391\" class=\"gazda-tartalomban gazda-entity-placement\"><script async src=\"https:\/\/pagead2.googlesyndication.com\/pagead\/js\/adsbygoogle.js\"><\/script>\r\n<ins class=\"adsbygoogle\"\r\n     style=\"display:block\"\r\n     data-ad-format=\"fluid\"\r\n     data-ad-layout-key=\"-6t+ed+2i-1n-4w\"\r\n     data-ad-client=\"ca-pub-1959107119989764\"\r\n     data-ad-slot=\"4008251320\"><\/ins>\r\n<script>\r\n     (adsbygoogle = window.adsbygoogle || []).push({});\r\n<\/script><\/div>\n<p><strong><a href=\"https:\/\/gazdasagportal.hu\/index.php\/magyarorszagon-is-kettes-fokozatu-magas-terrorkeszultseget-rendeltek-el\/\" target=\"_blank\">Magyarorsz\u00e1gon magas terrorfokozatot l\u00e9ptettek \u00e9rv\u00e9nybe<\/a><\/strong><\/p>\n<p><a href=\"https:\/\/gazdasagportal.hu\/index.php\/fokozott-ellenorzest-rendeltek-el-a-budapesti-repteren-es-a-metrokban\/\" target=\"_blank\"><strong>Fokozott ellen\u0151rz\u00e9st rendeltek el a budapesti rept\u00e9ren \u00e9s a metr\u00f3kban<\/strong><\/a><\/p>\n<p><strong><a href=\"https:\/\/gazdasagportal.hu\/index.php\/halalos-aldozatai-is-vannak-a-brusszeli-repuloteren-tortent-robbanasoknak\/\" target=\"_blank\">Hal\u00e1los \u00e1ldozatai is vannak a br\u00fcsszeli rep\u00fcl\u0151t\u00e9ren t\u00f6rt\u00e9nt robban\u00e1soknak<\/a><\/strong><\/p>\n<p><strong><a href=\"https:\/\/gazdasagportal.hu\/index.php\/szemtanuk-szerint-lovesek-dordultek-a-brusszeli-repuloteren-a-robbanasok-elott\/\" target=\"_blank\">Szemtan\u00fak szerint l\u00f6v\u00e9sek d\u00f6rd\u00fcltek a br\u00fcsszeli rep\u00fcl\u0151t\u00e9ren a robban\u00e1sok el\u0151tt<\/a><\/strong><\/p>\n<p><strong><a href=\"https:\/\/gazdasagportal.hu\/index.php\/belga-legi-iranyitas-biztonsagban-landolt-a-budapesti-jarat\/\" target=\"_blank\">Belga l\u00e9gi ir\u00e1ny\u00edt\u00e1s: biztons\u00e1gban landolt a budapesti j\u00e1rat<\/a><\/strong><\/p>\n<p><a href=\"https:\/\/gazdasagportal.hu\/index.php\/friss-ongyilkos-robbantas-tortent-a-brusszeli-repuloteren\/\" target=\"_blank\"><strong>Friss \u2013 \u00d6ngyilkos robbant\u00e1s t\u00f6rt\u00e9nt a br\u00fcsszeli rep\u00fcl\u0151t\u00e9ren<\/strong><\/a><\/p>\n<p><a href=\"https:\/\/gazdasagportal.hu\/index.php\/tucatnyi-halottja-es-tobb-mint-harminc-sulyos-sebesultje-van-a-detonacioknak\/\" target=\"_blank\"><strong>Tucatnyi halottja \u00e9s t\u00f6bb mint harminc s\u00falyos sebes\u00fcltje van a deton\u00e1ci\u00f3knak<\/strong><\/a><\/p>\n","protected":false},"excerpt":{"rendered":"<p>A br\u00fcsszeli robbant\u00e1sok nyom\u00e1n fokozott ellen\u0151rz\u00e9st rendelt el az orsz\u00e1gos rend\u0151rf\u0151kapit\u00e1ny a budapesti Liszt Ferenc Nemzetk\u00f6zi Rep\u00fcl\u0151t\u00e9ren \u00e9s a budapesti metr\u00f3\u00e1llom\u00e1sok ter\u00fclet\u00e9n. Err\u0151l Papp K\u00e1roly sz\u00e1molt be az Orsz\u00e1ggy\u0171l\u00e9s honv\u00e9delmi \u00e9s rend\u00e9szeti bizotts\u00e1g\u00e1nak keddi \u00fcl\u00e9se el\u0151tt \u00fajs\u00e1g\u00edr\u00f3knak.<\/p>\n","protected":false},"author":1,"featured_media":0,"comment_status":"open","ping_status":"closed","sticky":false,"template":"","format":"standard","meta":[],"categories":[4],"tags":[],"_links":{"self":[{"href":"https:\/\/gazdasagportal.hu\/index.php\/wp-json\/wp\/v2\/posts\/76658"}],"collection":[{"href":"https:\/\/gazdasagportal.hu\/index.php\/wp-json\/wp\/v2\/posts"}],"about":[{"href":"https:\/\/gazdasagportal.hu\/index.php\/wp-json\/wp\/v2\/types\/post"}],"author":[{"embeddable":true,"href":"https:\/\/gazdasagportal.hu\/index.php\/wp-json\/wp\/v2\/users\/1"}],"replies":[{"embeddable":true,"href":"https:\/\/gazdasagportal.hu\/index.php\/wp-json\/wp\/v2\/comments?post=76658"}],"version-history":[{"count":3,"href":"https:\/\/gazdasagportal.hu\/index.php\/wp-json\/wp\/v2\/posts\/76658\/revisions"}],"predecessor-version":[{"id":76678,"href":"https:\/\/gazdasagportal.hu\/index.php\/wp-json\/wp\/v2\/posts\/76658\/revisions\/76678"}],"wp:attachment":[{"href":"https:\/\/gazdasagportal.hu\/index.php\/wp-json\/wp\/v2\/media?parent=76658"}],"wp:term":[{"taxonomy":"category","embeddable":true,"href":"https:\/\/gazdasagportal.hu\/index.php\/wp-json\/wp\/v2\/categories?post=76658"},{"taxonomy":"post_tag","embeddable":true,"href":"https:\/\/gazdasagportal.hu\/index.php\/wp-json\/wp\/v2\/tags?post=76658"}],"curies":[{"name":"wp","href":"https:\/\/api.w.org\/{rel}","templated":true}]}}