{"id":76651,"date":"2016-03-22T09:57:54","date_gmt":"2016-03-22T08:57:54","guid":{"rendered":"http:\/\/gazdasagportal.hu\/?p=76651"},"modified":"2016-03-22T11:22:22","modified_gmt":"2016-03-22T10:22:22","slug":"friss-ongyilkos-robbantas-tortent-a-brusszeli-repuloteren","status":"publish","type":"post","link":"https:\/\/gazdasagportal.hu\/index.php\/friss-ongyilkos-robbantas-tortent-a-brusszeli-repuloteren\/","title":{"rendered":"Friss &#8211; \u00d6ngyilkos robbant\u00e1s t\u00f6rt\u00e9nt a br\u00fcsszeli rep\u00fcl\u0151t\u00e9ren"},"content":{"rendered":"<p><strong>\u00d6ngyilkos robbant\u00e1s t\u00f6rt\u00e9nt kedd reggel a br\u00fcsszeli Zaventem nemzetk\u00f6zi rep\u00fcl\u0151t\u00e9ren &#8211; \u00e9rtes\u00fclt a VRT belga k\u00f6zszolg\u00e1lati telev\u00edzi\u00f3.<\/strong><!--more--><\/p>\n<div class=\"ads-in-post1\"><div id=\"gazdasagportal.hu_fullbanner_wideboard\"><\/div>\r\n<\/div>\n<p>Kapcsol\u00f3d\u00f3 cikkek:<\/p>\n<p><strong><a href=\"https:\/\/gazdasagportal.hu\/index.php\/magyarorszagon-is-kettes-fokozatu-magas-terrorkeszultseget-rendeltek-el\/\" target=\"_blank\">Magyarorsz\u00e1gon magas terrorfokozatot l\u00e9ptettek \u00e9rv\u00e9nybe<\/a><\/strong><\/p><div id=\"gazda-1752042541\" class=\"gazda-tartalomban gazda-entity-placement\"><script async src=\"https:\/\/pagead2.googlesyndication.com\/pagead\/js\/adsbygoogle.js\"><\/script>\r\n<ins class=\"adsbygoogle\"\r\n     style=\"display:block\"\r\n     data-ad-format=\"fluid\"\r\n     data-ad-layout-key=\"-6t+ed+2i-1n-4w\"\r\n     data-ad-client=\"ca-pub-1959107119989764\"\r\n     data-ad-slot=\"4008251320\"><\/ins>\r\n<script>\r\n     (adsbygoogle = window.adsbygoogle || []).push({});\r\n<\/script><\/div>\n<p><a href=\"https:\/\/gazdasagportal.hu\/index.php\/fokozott-ellenorzest-rendeltek-el-a-budapesti-repteren-es-a-metrokban\/\" target=\"_blank\"><strong>Fokozott ellen\u0151rz\u00e9st rendeltek el a budapesti rept\u00e9ren \u00e9s a metr\u00f3kban<\/strong><\/a><\/p>\n<p><strong><a href=\"https:\/\/gazdasagportal.hu\/index.php\/halalos-aldozatai-is-vannak-a-brusszeli-repuloteren-tortent-robbanasoknak\/\" target=\"_blank\">Hal\u00e1los \u00e1ldozatai is vannak a br\u00fcsszeli rep\u00fcl\u0151t\u00e9ren t\u00f6rt\u00e9nt robban\u00e1soknak<\/a><\/strong><\/p>\n<p><strong><a href=\"https:\/\/gazdasagportal.hu\/index.php\/szemtanuk-szerint-lovesek-dordultek-a-brusszeli-repuloteren-a-robbanasok-elott\/\" target=\"_blank\">Szemtan\u00fak szerint l\u00f6v\u00e9sek d\u00f6rd\u00fcltek a br\u00fcsszeli rep\u00fcl\u0151t\u00e9ren a robban\u00e1sok el\u0151tt<\/a><\/strong><\/p>\n<p><strong><a href=\"https:\/\/gazdasagportal.hu\/index.php\/belga-legi-iranyitas-biztonsagban-landolt-a-budapesti-jarat\/\" target=\"_blank\">Belga l\u00e9gi ir\u00e1ny\u00edt\u00e1s: biztons\u00e1gban landolt a budapesti j\u00e1rat<\/a><\/strong><\/p>\n<p><a href=\"https:\/\/gazdasagportal.hu\/index.php\/friss-ongyilkos-robbantas-tortent-a-brusszeli-repuloteren\/\" target=\"_blank\"><strong>Friss \u2013 \u00d6ngyilkos robbant\u00e1s t\u00f6rt\u00e9nt a br\u00fcsszeli rep\u00fcl\u0151t\u00e9ren<\/strong><\/a><\/p>\n<p><a href=\"https:\/\/gazdasagportal.hu\/index.php\/tucatnyi-halottja-es-tobb-mint-harminc-sulyos-sebesultje-van-a-detonacioknak\/\" target=\"_blank\"><strong>Tucatnyi halottja \u00e9s t\u00f6bb mint harminc s\u00falyos sebes\u00fcltje van a deton\u00e1ci\u00f3knak<\/strong><\/a><\/p>\n","protected":false},"excerpt":{"rendered":"<p>\u00d6ngyilkos robbant\u00e1s t\u00f6rt\u00e9nt kedd reggel a br\u00fcsszeli Zaventem nemzetk\u00f6zi rep\u00fcl\u0151t\u00e9ren &#8211; \u00e9rtes\u00fclt a VRT belga k\u00f6zszolg\u00e1lati telev\u00edzi\u00f3.<\/p>\n","protected":false},"author":1,"featured_media":0,"comment_status":"open","ping_status":"closed","sticky":false,"template":"","format":"standard","meta":[],"categories":[12],"tags":[],"_links":{"self":[{"href":"https:\/\/gazdasagportal.hu\/index.php\/wp-json\/wp\/v2\/posts\/76651"}],"collection":[{"href":"https:\/\/gazdasagportal.hu\/index.php\/wp-json\/wp\/v2\/posts"}],"about":[{"href":"https:\/\/gazdasagportal.hu\/index.php\/wp-json\/wp\/v2\/types\/post"}],"author":[{"embeddable":true,"href":"https:\/\/gazdasagportal.hu\/index.php\/wp-json\/wp\/v2\/users\/1"}],"replies":[{"embeddable":true,"href":"https:\/\/gazdasagportal.hu\/index.php\/wp-json\/wp\/v2\/comments?post=76651"}],"version-history":[{"count":4,"href":"https:\/\/gazdasagportal.hu\/index.php\/wp-json\/wp\/v2\/posts\/76651\/revisions"}],"predecessor-version":[{"id":76680,"href":"https:\/\/gazdasagportal.hu\/index.php\/wp-json\/wp\/v2\/posts\/76651\/revisions\/76680"}],"wp:attachment":[{"href":"https:\/\/gazdasagportal.hu\/index.php\/wp-json\/wp\/v2\/media?parent=76651"}],"wp:term":[{"taxonomy":"category","embeddable":true,"href":"https:\/\/gazdasagportal.hu\/index.php\/wp-json\/wp\/v2\/categories?post=76651"},{"taxonomy":"post_tag","embeddable":true,"href":"https:\/\/gazdasagportal.hu\/index.php\/wp-json\/wp\/v2\/tags?post=76651"}],"curies":[{"name":"wp","href":"https:\/\/api.w.org\/{rel}","templated":true}]}}