{"id":76646,"date":"2016-03-22T09:40:23","date_gmt":"2016-03-22T08:40:23","guid":{"rendered":"http:\/\/gazdasagportal.hu\/?p=76646"},"modified":"2016-03-22T11:25:44","modified_gmt":"2016-03-22T10:25:44","slug":"belga-legi-iranyitas-biztonsagban-landolt-a-budapesti-jarat","status":"publish","type":"post","link":"https:\/\/gazdasagportal.hu\/index.php\/belga-legi-iranyitas-biztonsagban-landolt-a-budapesti-jarat\/","title":{"rendered":"Belga l\u00e9gi ir\u00e1ny\u00edt\u00e1s: biztons\u00e1gban landolt a budapesti j\u00e1rat"},"content":{"rendered":"<p><strong>A belga l\u00e9g\u00fcgyi ir\u00e1ny\u00edt\u00f3 k\u00f6zpont (Belgocontrol) t\u00e1j\u00e9koztat\u00e1sa szerint a br\u00fcsszeli Zaventem rep\u00fcl\u0151t\u00e9rre kedd reggel biztons\u00e1gosan meg\u00e9rkezett utols\u00f3 j\u00e1ratok k\u00f6z\u00f6tt volt a budapesti j\u00e1rat.<\/strong><!--more--><\/p>\n<div class=\"ads-in-post1\"><div id=\"gazdasagportal.hu_fullbanner_wideboard\"><\/div>\r\n<\/div>\n<p>    A biztons\u00e1gosan f\u00f6ldet \u00e9rt \u00e9s a nemzetk\u00f6zi rep\u00fcl\u0151t\u00e9ren utolj\u00e1ra fogadott j\u00e1ratok k\u00f6z\u00f6tt volt m\u00e9g a stockholmi, a berlini, a genfi, az osl\u00f3i, \u00e9s a pr\u00e1gai rep\u00fcl\u0151g\u00e9pek.(MTI)<\/p>\n<p>Kapcsol\u00f3d\u00f3 cikkek:<\/p><div id=\"gazda-2041710371\" class=\"gazda-tartalomban gazda-entity-placement\"><script async src=\"https:\/\/pagead2.googlesyndication.com\/pagead\/js\/adsbygoogle.js\"><\/script>\r\n<ins class=\"adsbygoogle\"\r\n     style=\"display:block\"\r\n     data-ad-format=\"fluid\"\r\n     data-ad-layout-key=\"-6t+ed+2i-1n-4w\"\r\n     data-ad-client=\"ca-pub-1959107119989764\"\r\n     data-ad-slot=\"4008251320\"><\/ins>\r\n<script>\r\n     (adsbygoogle = window.adsbygoogle || []).push({});\r\n<\/script><\/div>\n<p><strong><a href=\"https:\/\/gazdasagportal.hu\/index.php\/magyarorszagon-is-kettes-fokozatu-magas-terrorkeszultseget-rendeltek-el\/\" target=\"_blank\">Magyarorsz\u00e1gon magas terrorfokozatot l\u00e9ptettek \u00e9rv\u00e9nybe<\/a><\/strong><\/p>\n<p><a href=\"https:\/\/gazdasagportal.hu\/index.php\/fokozott-ellenorzest-rendeltek-el-a-budapesti-repteren-es-a-metrokban\/\" target=\"_blank\"><strong>Fokozott ellen\u0151rz\u00e9st rendeltek el a budapesti rept\u00e9ren \u00e9s a metr\u00f3kban<\/strong><\/a><\/p>\n<p><strong><a href=\"https:\/\/gazdasagportal.hu\/index.php\/halalos-aldozatai-is-vannak-a-brusszeli-repuloteren-tortent-robbanasoknak\/\" target=\"_blank\">Hal\u00e1los \u00e1ldozatai is vannak a br\u00fcsszeli rep\u00fcl\u0151t\u00e9ren t\u00f6rt\u00e9nt robban\u00e1soknak<\/a><\/strong><\/p>\n<p><strong><a href=\"https:\/\/gazdasagportal.hu\/index.php\/szemtanuk-szerint-lovesek-dordultek-a-brusszeli-repuloteren-a-robbanasok-elott\/\" target=\"_blank\">Szemtan\u00fak szerint l\u00f6v\u00e9sek d\u00f6rd\u00fcltek a br\u00fcsszeli rep\u00fcl\u0151t\u00e9ren a robban\u00e1sok el\u0151tt<\/a><\/strong><\/p>\n<p><strong><a href=\"https:\/\/gazdasagportal.hu\/index.php\/belga-legi-iranyitas-biztonsagban-landolt-a-budapesti-jarat\/\" target=\"_blank\">Belga l\u00e9gi ir\u00e1ny\u00edt\u00e1s: biztons\u00e1gban landolt a budapesti j\u00e1rat<\/a><\/strong><\/p>\n<p><a href=\"https:\/\/gazdasagportal.hu\/index.php\/friss-ongyilkos-robbantas-tortent-a-brusszeli-repuloteren\/\" target=\"_blank\"><strong>Friss \u2013 \u00d6ngyilkos robbant\u00e1s t\u00f6rt\u00e9nt a br\u00fcsszeli rep\u00fcl\u0151t\u00e9ren<\/strong><\/a><\/p>\n<p><a href=\"https:\/\/gazdasagportal.hu\/index.php\/tucatnyi-halottja-es-tobb-mint-harminc-sulyos-sebesultje-van-a-detonacioknak\/\" target=\"_blank\"><strong>Tucatnyi halottja \u00e9s t\u00f6bb mint harminc s\u00falyos sebes\u00fcltje van a deton\u00e1ci\u00f3knak<\/strong><\/a><\/p>\n","protected":false},"excerpt":{"rendered":"<p>A belga l\u00e9g\u00fcgyi ir\u00e1ny\u00edt\u00f3 k\u00f6zpont (Belgocontrol) t\u00e1j\u00e9koztat\u00e1sa szerint a br\u00fcsszeli Zaventem rep\u00fcl\u0151t\u00e9rre kedd reggel biztons\u00e1gosan meg\u00e9rkezett utols\u00f3 j\u00e1ratok k\u00f6z\u00f6tt volt a budapesti j\u00e1rat.<\/p>\n","protected":false},"author":1,"featured_media":0,"comment_status":"open","ping_status":"closed","sticky":false,"template":"","format":"standard","meta":[],"categories":[4,12],"tags":[],"_links":{"self":[{"href":"https:\/\/gazdasagportal.hu\/index.php\/wp-json\/wp\/v2\/posts\/76646"}],"collection":[{"href":"https:\/\/gazdasagportal.hu\/index.php\/wp-json\/wp\/v2\/posts"}],"about":[{"href":"https:\/\/gazdasagportal.hu\/index.php\/wp-json\/wp\/v2\/types\/post"}],"author":[{"embeddable":true,"href":"https:\/\/gazdasagportal.hu\/index.php\/wp-json\/wp\/v2\/users\/1"}],"replies":[{"embeddable":true,"href":"https:\/\/gazdasagportal.hu\/index.php\/wp-json\/wp\/v2\/comments?post=76646"}],"version-history":[{"count":2,"href":"https:\/\/gazdasagportal.hu\/index.php\/wp-json\/wp\/v2\/posts\/76646\/revisions"}],"predecessor-version":[{"id":76684,"href":"https:\/\/gazdasagportal.hu\/index.php\/wp-json\/wp\/v2\/posts\/76646\/revisions\/76684"}],"wp:attachment":[{"href":"https:\/\/gazdasagportal.hu\/index.php\/wp-json\/wp\/v2\/media?parent=76646"}],"wp:term":[{"taxonomy":"category","embeddable":true,"href":"https:\/\/gazdasagportal.hu\/index.php\/wp-json\/wp\/v2\/categories?post=76646"},{"taxonomy":"post_tag","embeddable":true,"href":"https:\/\/gazdasagportal.hu\/index.php\/wp-json\/wp\/v2\/tags?post=76646"}],"curies":[{"name":"wp","href":"https:\/\/api.w.org\/{rel}","templated":true}]}}