{"id":76638,"date":"2016-03-22T09:20:48","date_gmt":"2016-03-22T08:20:48","guid":{"rendered":"http:\/\/gazdasagportal.hu\/?p=76638"},"modified":"2016-03-22T11:20:44","modified_gmt":"2016-03-22T10:20:44","slug":"halalos-aldozatai-is-vannak-a-brusszeli-repuloteren-tortent-robbanasoknak","status":"publish","type":"post","link":"https:\/\/gazdasagportal.hu\/index.php\/halalos-aldozatai-is-vannak-a-brusszeli-repuloteren-tortent-robbanasoknak\/","title":{"rendered":"Hal\u00e1los \u00e1ldozatai is vannak a br\u00fcsszeli rep\u00fcl\u0151t\u00e9ren t\u00f6rt\u00e9nt robban\u00e1soknak"},"content":{"rendered":"<p><strong>A rend\u0151rs\u00e9g szerint legal\u00e1bb egy, egyes belga lapok \u00e9rtes\u00fcl\u00e9sei szerint viszont 17 ember meghalt a br\u00fcsszeli Zaventem nemzetk\u00f6zi rep\u00fcl\u0151t\u00e9ren kedd reggel t\u00f6rt\u00e9nt, egyel\u0151re ismeretlen eredet\u0171 kett\u0151s robban\u00e1sban &#8211; jelentette a belga sajt\u00f3. A helysz\u00edni besz\u00e1mol\u00f3k t\u00f6bb tucat s\u00e9r\u00fcltr\u0151l is eml\u00edt\u00e9st tettek.<\/strong><!--more--><\/p>\n<div class=\"ads-in-post1\"><div id=\"gazdasagportal.hu_fullbanner_wideboard\"><\/div>\r\n<\/div>\n<p>A helyi hat\u00f3s\u00e1gok bejelentett\u00e9k, hogy ki\u00fcr\u00edtik \u00e9s lez\u00e1rj\u00e1k a l\u00e9gikik\u00f6t\u0151 \u00e9p\u00fclet\u00e9t. Az \u00e9rkez\u0151 j\u00e1ratokat m\u00e1s rep\u00fcl\u0151terekre terelik \u00e1t. A k\u00f6rny\u00e9ken a vonatk\u00f6zleked\u00e9st is felf\u00fcggesztett\u00e9k.<br \/>\nA Le Soir c\u00edm\u0171 helyi lap \u00e9rtes\u00fcl\u00e9sei szerint a robban\u00e1sok r\u00f6viddel reggel 8 \u00f3ra ut\u00e1n t\u00f6rt\u00e9ntek a rep\u00fcl\u0151t\u00e9r indul\u00e1si oldal\u00e1n, az American Airlines l\u00e9git\u00e1rsas\u00e1g irod\u00e1ja k\u00f6zel\u00e9ben.<br \/>\nSzemtan\u00fak szerint az els\u0151 deton\u00e1ci\u00f3 ut\u00e1n mindenki rohanni kezdett a kij\u00e1rat fel\u00e9. A helysz\u00ednen mindenhol otthagyott csomagok hevernek.<br \/>\nA telev\u00edzi\u00f3s csatorn\u00e1k \u00e1ltal sug\u00e1rzott k\u00e9pek tan\u00fas\u00e1ga szerint sz\u00e1mos rend\u0151rt \u00e9s ment\u0151t vez\u00e9nyeltek a helysz\u00ednre. A l\u00e9gikik\u00f6t\u0151 felett fekete f\u00fcst gomolygott, t\u00f6bb helyen bet\u00f6rtek az ablakok \u00e9s leszakadt a plafon.(MTI)<br \/>\nKapcsol\u00f3d\u00f3 cikkek:<\/p>\n<p><strong><a href=\"https:\/\/gazdasagportal.hu\/index.php\/magyarorszagon-is-kettes-fokozatu-magas-terrorkeszultseget-rendeltek-el\/\" target=\"_blank\">Magyarorsz\u00e1gon magas terrorfokozatot l\u00e9ptettek \u00e9rv\u00e9nybe<\/a><\/strong><\/p><div id=\"gazda-2949058165\" class=\"gazda-tartalomban gazda-entity-placement\"><script async src=\"https:\/\/pagead2.googlesyndication.com\/pagead\/js\/adsbygoogle.js\"><\/script>\r\n<ins class=\"adsbygoogle\"\r\n     style=\"display:block\"\r\n     data-ad-format=\"fluid\"\r\n     data-ad-layout-key=\"-6t+ed+2i-1n-4w\"\r\n     data-ad-client=\"ca-pub-1959107119989764\"\r\n     data-ad-slot=\"4008251320\"><\/ins>\r\n<script>\r\n     (adsbygoogle = window.adsbygoogle || []).push({});\r\n<\/script><\/div>\n<p><a href=\"https:\/\/gazdasagportal.hu\/index.php\/fokozott-ellenorzest-rendeltek-el-a-budapesti-repteren-es-a-metrokban\/\" target=\"_blank\"><strong>Fokozott ellen\u0151rz\u00e9st rendeltek el a budapesti rept\u00e9ren \u00e9s a metr\u00f3kban<\/strong><\/a><\/p>\n<p><strong><a href=\"https:\/\/gazdasagportal.hu\/index.php\/halalos-aldozatai-is-vannak-a-brusszeli-repuloteren-tortent-robbanasoknak\/\" target=\"_blank\">Hal\u00e1los \u00e1ldozatai is vannak a br\u00fcsszeli rep\u00fcl\u0151t\u00e9ren t\u00f6rt\u00e9nt robban\u00e1soknak<\/a><\/strong><\/p>\n<p><strong><a href=\"https:\/\/gazdasagportal.hu\/index.php\/szemtanuk-szerint-lovesek-dordultek-a-brusszeli-repuloteren-a-robbanasok-elott\/\" target=\"_blank\">Szemtan\u00fak szerint l\u00f6v\u00e9sek d\u00f6rd\u00fcltek a br\u00fcsszeli rep\u00fcl\u0151t\u00e9ren a robban\u00e1sok el\u0151tt<\/a><\/strong><\/p>\n<p><strong><a href=\"https:\/\/gazdasagportal.hu\/index.php\/belga-legi-iranyitas-biztonsagban-landolt-a-budapesti-jarat\/\" target=\"_blank\">Belga l\u00e9gi ir\u00e1ny\u00edt\u00e1s: biztons\u00e1gban landolt a budapesti j\u00e1rat<\/a><\/strong><\/p>\n<p><a href=\"https:\/\/gazdasagportal.hu\/index.php\/friss-ongyilkos-robbantas-tortent-a-brusszeli-repuloteren\/\" target=\"_blank\"><strong>Friss \u2013 \u00d6ngyilkos robbant\u00e1s t\u00f6rt\u00e9nt a br\u00fcsszeli rep\u00fcl\u0151t\u00e9ren<\/strong><\/a><\/p>\n<p><a href=\"https:\/\/gazdasagportal.hu\/index.php\/tucatnyi-halottja-es-tobb-mint-harminc-sulyos-sebesultje-van-a-detonacioknak\/\" target=\"_blank\"><strong>Tucatnyi halottja \u00e9s t\u00f6bb mint harminc s\u00falyos sebes\u00fcltje van a deton\u00e1ci\u00f3knak<\/strong><\/a><\/p>\n","protected":false},"excerpt":{"rendered":"<p>A rend\u0151rs\u00e9g szerint legal\u00e1bb egy, egyes belga lapok \u00e9rtes\u00fcl\u00e9sei szerint viszont 17 ember meghalt a br\u00fcsszeli Zaventem nemzetk\u00f6zi rep\u00fcl\u0151t\u00e9ren kedd reggel t\u00f6rt\u00e9nt, egyel\u0151re ismeretlen eredet\u0171 kett\u0151s robban\u00e1sban &#8211; jelentette a belga sajt\u00f3. A helysz\u00edni besz\u00e1mol\u00f3k t\u00f6bb tucat s\u00e9r\u00fcltr\u0151l is eml\u00edt\u00e9st tettek.<\/p>\n","protected":false},"author":1,"featured_media":0,"comment_status":"open","ping_status":"closed","sticky":false,"template":"","format":"standard","meta":[],"categories":[12],"tags":[],"_links":{"self":[{"href":"https:\/\/gazdasagportal.hu\/index.php\/wp-json\/wp\/v2\/posts\/76638"}],"collection":[{"href":"https:\/\/gazdasagportal.hu\/index.php\/wp-json\/wp\/v2\/posts"}],"about":[{"href":"https:\/\/gazdasagportal.hu\/index.php\/wp-json\/wp\/v2\/types\/post"}],"author":[{"embeddable":true,"href":"https:\/\/gazdasagportal.hu\/index.php\/wp-json\/wp\/v2\/users\/1"}],"replies":[{"embeddable":true,"href":"https:\/\/gazdasagportal.hu\/index.php\/wp-json\/wp\/v2\/comments?post=76638"}],"version-history":[{"count":3,"href":"https:\/\/gazdasagportal.hu\/index.php\/wp-json\/wp\/v2\/posts\/76638\/revisions"}],"predecessor-version":[{"id":76677,"href":"https:\/\/gazdasagportal.hu\/index.php\/wp-json\/wp\/v2\/posts\/76638\/revisions\/76677"}],"wp:attachment":[{"href":"https:\/\/gazdasagportal.hu\/index.php\/wp-json\/wp\/v2\/media?parent=76638"}],"wp:term":[{"taxonomy":"category","embeddable":true,"href":"https:\/\/gazdasagportal.hu\/index.php\/wp-json\/wp\/v2\/categories?post=76638"},{"taxonomy":"post_tag","embeddable":true,"href":"https:\/\/gazdasagportal.hu\/index.php\/wp-json\/wp\/v2\/tags?post=76638"}],"curies":[{"name":"wp","href":"https:\/\/api.w.org\/{rel}","templated":true}]}}