{"id":76635,"date":"2016-03-22T08:49:53","date_gmt":"2016-03-22T07:49:53","guid":{"rendered":"http:\/\/gazdasagportal.hu\/?p=76635"},"modified":"2016-03-22T11:28:47","modified_gmt":"2016-03-22T10:28:47","slug":"nyaron-megszunik-a-klik","status":"publish","type":"post","link":"https:\/\/gazdasagportal.hu\/index.php\/nyaron-megszunik-a-klik\/","title":{"rendered":"Ny\u00e1ron megsz\u0171nik a Klik"},"content":{"rendered":"<p><strong>Ny\u00e1ron teljesen megsz\u0171nik a Klebelsberg Int\u00e9zm\u00e9nyfenntart\u00f3 K\u00f6zpont (Klik), jelentette be az Emberi Er\u0151forr\u00e1sok Miniszt\u00e9rium\u00e1nak parlamenti \u00e1llamtitk\u00e1ra az ATV Start kedd reggeli m\u0171sor\u00e1ban.<\/strong><!--more--><\/p>\n<div class=\"ads-in-post1\"><div id=\"gazdasagportal.hu_fullbanner_wideboard\"><\/div>\r\n<\/div>\n<p>    Az atv.hu besz\u00e1mol\u00f3ja szerint R\u00e9tv\u00e1ri Bence elmondta: a parlament tavaszi \u00fcl\u00e9sszak\u00e1n \u00faj szab\u00e1lyoz\u00e1st alak\u00edtanak ki, hogy szeptemberre teljesen fel\u00e1lljon a jelenlegin\u00e9l sokkal kev\u00e9sb\u00e9 k\u00f6zpontos\u00edtott rendszer.<br \/>\n    Az \u00e1llamtitk\u00e1r szerint van val\u00f3s probl\u00e9ma az oktat\u00e1sban, ez pedig a Klik m\u0171k\u00f6d\u00e9se \u00e9s a di\u00e1kok t\u00falterhelts\u00e9ge. \u00dagy fogalmazott: &#8222;vannak szakmai kritik\u00e1k, amelyeket mi is elfogadunk&#8221;, a kifog\u00e1solt szab\u00e1lyoz\u00e1son jav\u00edtani kell.<br \/>\n    A port\u00e1l az \u00e1llamtitk\u00e1r bejelent\u00e9s\u00e9hez kapcsol\u00f3dva eml\u00e9keztetett: pedag\u00f3gusok hosszabb ideje demonstr\u00e1lnak az oktat\u00e1si rendszer megv\u00e1ltoztat\u00e1s\u00e1\u00e9rt \u00e9s a Klik m\u0171k\u00f6d\u00e9se ellen.<br \/>\n    Balog Zolt\u00e1n, az emberi er\u0151forr\u00e1sok minisztere febru\u00e1r elej\u00e9n  sajt\u00f3t\u00e1j\u00e9koztat\u00f3n jelentette be, hogy Czunyin\u00e9 Bertalan Judit k\u00f6znevel\u00e9s\u00e9rt felel\u0151s \u00e1llamtitk\u00e1r t\u00e1vozik posztj\u00e1r\u00f3l, hely\u00e9re Palkovics L\u00e1szl\u00f3 fels\u0151oktat\u00e1si \u00e1llamtitk\u00e1r ker\u00fclt. Febru\u00e1r v\u00e9g\u00e9n v\u00e1ltoz\u00e1s t\u00f6rt\u00e9nt a Klik vezet\u0151i posztj\u00e1n, P\u00f6l\u00f6skei G\u00e1born\u00e9t nevezt\u00e9k ki az int\u00e9zm\u00e9ny \u00e9l\u00e9re.(MTI)<\/p>\n","protected":false},"excerpt":{"rendered":"<p>Ny\u00e1ron teljesen megsz\u0171nik a Klebelsberg Int\u00e9zm\u00e9nyfenntart\u00f3 K\u00f6zpont (Klik), jelentette be az Emberi Er\u0151forr\u00e1sok Miniszt\u00e9rium\u00e1nak parlamenti \u00e1llamtitk\u00e1ra az ATV Start kedd reggeli m\u0171sor\u00e1ban.<\/p>\n","protected":false},"author":1,"featured_media":0,"comment_status":"open","ping_status":"closed","sticky":false,"template":"","format":"standard","meta":[],"categories":[4],"tags":[],"_links":{"self":[{"href":"https:\/\/gazdasagportal.hu\/index.php\/wp-json\/wp\/v2\/posts\/76635"}],"collection":[{"href":"https:\/\/gazdasagportal.hu\/index.php\/wp-json\/wp\/v2\/posts"}],"about":[{"href":"https:\/\/gazdasagportal.hu\/index.php\/wp-json\/wp\/v2\/types\/post"}],"author":[{"embeddable":true,"href":"https:\/\/gazdasagportal.hu\/index.php\/wp-json\/wp\/v2\/users\/1"}],"replies":[{"embeddable":true,"href":"https:\/\/gazdasagportal.hu\/index.php\/wp-json\/wp\/v2\/comments?post=76635"}],"version-history":[{"count":2,"href":"https:\/\/gazdasagportal.hu\/index.php\/wp-json\/wp\/v2\/posts\/76635\/revisions"}],"predecessor-version":[{"id":76686,"href":"https:\/\/gazdasagportal.hu\/index.php\/wp-json\/wp\/v2\/posts\/76635\/revisions\/76686"}],"wp:attachment":[{"href":"https:\/\/gazdasagportal.hu\/index.php\/wp-json\/wp\/v2\/media?parent=76635"}],"wp:term":[{"taxonomy":"category","embeddable":true,"href":"https:\/\/gazdasagportal.hu\/index.php\/wp-json\/wp\/v2\/categories?post=76635"},{"taxonomy":"post_tag","embeddable":true,"href":"https:\/\/gazdasagportal.hu\/index.php\/wp-json\/wp\/v2\/tags?post=76635"}],"curies":[{"name":"wp","href":"https:\/\/api.w.org\/{rel}","templated":true}]}}