{"id":76621,"date":"2016-03-22T05:00:06","date_gmt":"2016-03-22T04:00:06","guid":{"rendered":"http:\/\/gazdasagportal.hu\/?p=76621"},"modified":"2016-03-21T21:29:29","modified_gmt":"2016-03-21T20:29:29","slug":"a-tortenelem-egyik-legveresebb-terrorhullamaval-all-szemben-torokorszag","status":"publish","type":"post","link":"https:\/\/gazdasagportal.hu\/index.php\/a-tortenelem-egyik-legveresebb-terrorhullamaval-all-szemben-torokorszag\/","title":{"rendered":"A t\u00f6rt\u00e9nelem egyik legv\u00e9resebb terrorhull\u00e1m\u00e1val \u00e1ll szemben T\u00f6r\u00f6korsz\u00e1g"},"content":{"rendered":"<p><strong>T\u00f6r\u00f6korsz\u00e1g a t\u00f6rt\u00e9nelem egyik legnagyobb \u00e9s legv\u00e9resebb terrort\u00e1mad\u00e1s-hull\u00e1m\u00e1val \u00e1ll szemben &#8211; mondta Recep Tayyip Erdogan t\u00f6r\u00f6k eln\u00f6k h\u00e9tf\u0151n Isztambulban.<\/strong><!--more--><\/p>\n<div class=\"ads-in-post1\"><div id=\"gazdasagportal.hu_fullbanner_wideboard\"><\/div>\r\n<\/div>\n<p>    Erdogan egy gazdas\u00e1gi rendezv\u00e9nyen besz\u00e9lt a terrorfenyegetetts\u00e9gr\u0151l. Kifejtette: tavaly j\u00falius \u00f3ta egyik oldalr\u00f3l a Kurdiszt\u00e1ni Munk\u00e1sp\u00e1rt (PKK) szakad\u00e1r szervezet \u00e9s az ahhoz kapcsol\u00f3d\u00f3 sz\u00e9ls\u0151s\u00e9ges mil\u00edci\u00e1k, m\u00e1sik oldalr\u00f3l az Iszl\u00e1m \u00c1llam (I\u00c1) dzsihadista terrorszervezet vette c\u00e9lba T\u00f6r\u00f6korsz\u00e1got.<br \/>\n    Kiemelte, hogy a legut\u00f3bbi t\u00e1mad\u00e1sok az\u00e9rt ir\u00e1nyulnak a nagyv\u00e1rosok polg\u00e1ri lakoss\u00e1ga ellen, mert az akci\u00f3kat v\u00e9grehajt\u00f3 csoportok a t\u00e1gabb r\u00e9gi\u00f3ban nem tudt\u00e1k el\u00e9rni a k\u00edv\u00e1nt eredm\u00e9nyt. A terrorizmus \u00faj m\u00f3dszereivel szemben a t\u00f6r\u00f6k biztons\u00e1gi er\u0151k is \u00faj m\u00f3dszereket dolgoznak ki &#8211; tette hozz\u00e1.<br \/>\n    A t\u00f6r\u00f6k eln\u00f6k besz\u00e9d\u00e9ben k\u00e9pmutat\u00f3nak nevezte az Eur\u00f3pai Uni\u00f3t, valamint megk\u00e9rd\u0151jelezte annak \u0151szintes\u00e9g\u00e9t T\u00f6r\u00f6korsz\u00e1gnak a PKK fegyvereseivel folytatott k\u00fczdelm\u00e9re vonatkoz\u00f3 t\u00e1mogat\u00e1s\u00e1t illet\u0151en.<br \/>\n    Erdogan m\u00e1r kor\u00e1bban is kifog\u00e1solta, hogy a belga hat\u00f3s\u00e1gok enged\u00e9lyezt\u00e9k a PKK szimpatiz\u00e1nsainak, hogy s\u00e1trat h\u00fazzanak fel a m\u00falt p\u00e9nteki br\u00fcsszeli eur\u00f3pai uni\u00f3s cs\u00facstal\u00e1lkoz\u00f3 helysz\u00edn\u00e9\u00fcl szolg\u00e1l\u00f3 \u00e9p\u00fclet m\u00f6g\u00f6tti ter\u00fcleten. A rend\u0151rs\u00e9g k\u00e9s\u0151bb m\u00e9gis elt\u00e1vol\u00edtotta a szervezet z\u00e1szlaj\u00e1t \u00e9s posztereit.<br \/>\n    Szombaton d\u00e9lel\u0151tt egy \u00f6ngyilkos mer\u00e9nyl\u0151 mer\u00e9nyletet hajtott v\u00e9gre Isztambul egyik legforgalmasabb s\u00e9t\u00e1l\u00f3utc\u00e1j\u00e1ban, a v\u00e1ros eur\u00f3pai r\u00e9sz\u00e9ben tal\u00e1lhat\u00f3 F\u00fcggetlens\u00e9g sug\u00e1r\u00faton (Istiklal Caddesi). A tettes n\u00e9gy ember \u00e9let\u00e9t oltotta ki, k\u00f6zt\u00fck h\u00e1rom izraeli \u00e1llampolg\u00e1r\u00e9t. Az eg\u00e9szs\u00e9g\u00fcgyi miniszt\u00e9rium h\u00e9tf\u0151n k\u00f6z\u00f6lte, hogy a robbant\u00e1s 36 sebes\u00fcltje k\u00f6z\u00fcl kilencet m\u00e9g k\u00f3rh\u00e1zban \u00e1polnak, k\u00e9t szem\u00e9ly \u00e1llapota s\u00falyos. Az elk\u00f6vet\u0151 a bel\u00fcgyminiszt\u00e9rium szerint az I\u00c1-val \u00e1llt kapcsolatban.<br \/>\n    T\u00f6r\u00f6korsz\u00e1gban m\u00e1r el\u0151z\u0151leg is nagy volt a fesz\u00fclts\u00e9g, miut\u00e1n az elm\u00falt hetekben k\u00e9t aut\u00f3bomb\u00e1s mer\u00e9nyletet is elk\u00f6vettek Ankar\u00e1ban. Mindkett\u0151\u00e9rt a PKK egyik fi\u00f3kszervezete v\u00e1llalta a felel\u0151ss\u00e9get. Febru\u00e1r k\u00f6zep\u00e9n katon\u00e1kat sz\u00e1ll\u00edt\u00f3 aut\u00f3buszok mellett robbantottak a mer\u00e9nyl\u0151k, 29 ember hal\u00e1l\u00e1t okozva. M\u00falt vas\u00e1rnap egy zs\u00fafolt aut\u00f3busz ellen k\u00f6vettek el robbant\u00e1st a t\u00f6r\u00f6k f\u0151v\u00e1ros legforgalmasabb utc\u00e1j\u00e1ban, akkor a k\u00e9t t\u00e1mad\u00f3val egy\u00fctt 37 ember vesztette \u00e9let\u00e9t. Azel\u0151tt janu\u00e1rban Isztambul egy turist\u00e1k \u00e1ltal szint\u00e9n gyakran l\u00e1togatott r\u00e9sz\u00e9ben, a Sultanahmet t\u00e9ren robbantotta fel mag\u00e1t egy \u00f6ngyilkos mer\u00e9nyl\u0151. A robbant\u00e1sban t\u00edz ember meghalt &#8211; mind n\u00e9met \u00e1llampolg\u00e1rok -, tizenheten pedig megsebes\u00fcltek. A t\u00e1mad\u00e1s\u00e9rt T\u00f6r\u00f6korsz\u00e1g az Iszl\u00e1m \u00c1llam terrorszervezetet tette felel\u0151ss\u00e9.(MTI)<\/p>\n","protected":false},"excerpt":{"rendered":"<p>T\u00f6r\u00f6korsz\u00e1g a t\u00f6rt\u00e9nelem egyik legnagyobb \u00e9s legv\u00e9resebb terrort\u00e1mad\u00e1s-hull\u00e1m\u00e1val \u00e1ll szemben &#8211; mondta Recep Tayyip Erdogan t\u00f6r\u00f6k eln\u00f6k h\u00e9tf\u0151n Isztambulban.<\/p>\n","protected":false},"author":1,"featured_media":0,"comment_status":"open","ping_status":"closed","sticky":false,"template":"","format":"standard","meta":[],"categories":[12],"tags":[],"_links":{"self":[{"href":"https:\/\/gazdasagportal.hu\/index.php\/wp-json\/wp\/v2\/posts\/76621"}],"collection":[{"href":"https:\/\/gazdasagportal.hu\/index.php\/wp-json\/wp\/v2\/posts"}],"about":[{"href":"https:\/\/gazdasagportal.hu\/index.php\/wp-json\/wp\/v2\/types\/post"}],"author":[{"embeddable":true,"href":"https:\/\/gazdasagportal.hu\/index.php\/wp-json\/wp\/v2\/users\/1"}],"replies":[{"embeddable":true,"href":"https:\/\/gazdasagportal.hu\/index.php\/wp-json\/wp\/v2\/comments?post=76621"}],"version-history":[{"count":1,"href":"https:\/\/gazdasagportal.hu\/index.php\/wp-json\/wp\/v2\/posts\/76621\/revisions"}],"predecessor-version":[{"id":76622,"href":"https:\/\/gazdasagportal.hu\/index.php\/wp-json\/wp\/v2\/posts\/76621\/revisions\/76622"}],"wp:attachment":[{"href":"https:\/\/gazdasagportal.hu\/index.php\/wp-json\/wp\/v2\/media?parent=76621"}],"wp:term":[{"taxonomy":"category","embeddable":true,"href":"https:\/\/gazdasagportal.hu\/index.php\/wp-json\/wp\/v2\/categories?post=76621"},{"taxonomy":"post_tag","embeddable":true,"href":"https:\/\/gazdasagportal.hu\/index.php\/wp-json\/wp\/v2\/tags?post=76621"}],"curies":[{"name":"wp","href":"https:\/\/api.w.org\/{rel}","templated":true}]}}