{"id":76617,"date":"2016-03-22T04:44:22","date_gmt":"2016-03-22T03:44:22","guid":{"rendered":"http:\/\/gazdasagportal.hu\/?p=76617"},"modified":"2016-03-21T21:26:28","modified_gmt":"2016-03-21T20:26:28","slug":"engedelyezte-a-hadsereg-beveteset-a-hatarokon-a-horvat-parlament","status":"publish","type":"post","link":"https:\/\/gazdasagportal.hu\/index.php\/engedelyezte-a-hadsereg-beveteset-a-hatarokon-a-horvat-parlament\/","title":{"rendered":"Enged\u00e9lyezte a hadsereg bevet\u00e9s\u00e9t a hat\u00e1rokon a horv\u00e1t parlament"},"content":{"rendered":"<p><strong>J\u00f3v\u00e1hagyta a horv\u00e1t parlament h\u00e9tf\u0151n az \u00e1llamhat\u00e1r v\u00e9delm\u00e9r\u0151l sz\u00f3l\u00f3 t\u00f6rv\u00e9ny, valamint a v\u00e9delmi t\u00f6rv\u00e9ny m\u00f3dos\u00edt\u00e1s\u00e1t, amely szerint a hadsereg k\u00fcl\u00f6nleges helyzetekben seg\u00edts\u00e9get ny\u00fajthat a rend\u0151rs\u00e9gnek a hat\u00e1rok v\u00e9delm\u00e9ben, ha azokat nagyobb migr\u00e1ci\u00f3s nyom\u00e1s miatt nemzetbiztons\u00e1gi vesz\u00e9ly vagy humanit\u00e1rius katasztr\u00f3fa fenyegeti.<\/strong><!--more--><\/p>\n<div class=\"ads-in-post1\"><div id=\"gazdasagportal.hu_fullbanner_wideboard\"><\/div>\r\n<\/div>\n<p>    A jelenl\u00e9v\u0151k k\u00f6z\u00fcl mindk\u00e9t t\u00f6rv\u00e9nym\u00f3dos\u00edt\u00e1st 79 k\u00e9pvisel\u0151 szavazta meg a 151 tag\u00fa parlamentben.<br \/>\n    A t\u00f6rv\u00e9ny szerint a korm\u00e1ny hozhat d\u00f6nt\u00e9st arr\u00f3l, hogy a hadsereg seg\u00edts\u00e9get ny\u00fajthat-e a rend\u0151rs\u00e9gnek a hat\u00e1rok v\u00e9delm\u00e9ben, m\u00e9gpedig a v\u00e9delmi miniszter javaslat\u00e1ra, az \u00e1llamf\u0151 &#8211; aki egyben a fegyveres er\u0151k f\u0151parancsnoka &#8211; j\u00f3v\u00e1hagy\u00e1s\u00e1val.<br \/>\n    Vlaho Orepic bel\u00fcgyminiszter m\u00e9g az err\u0151l sz\u00f3l\u00f3 szerdai parlamenti vita el\u0151tt elmondta, hogy a hadsereget csak abban az esetben vetik be, ha a rend\u0151rs\u00e9g egyed\u00fcl nem tudja ell\u00e1tni feladat\u00e1t.<br \/>\n    A miniszter szerint a menek\u00fcltv\u00e1ls\u00e1gnak nincs v\u00e9ge, att\u00f3l f\u00fcggetlen\u00fcl, hogy a balk\u00e1ni \u00fatvonalat lez\u00e1rt\u00e1k a migr\u00e1nsok el\u0151tt. M\u00e1rcius elej\u00e9n a nyugat-balk\u00e1ni \u00fatvonalon tal\u00e1lhat\u00f3 orsz\u00e1gok az osztr\u00e1k szigor\u00edt\u00e1sokat k\u00f6vet\u0151en fokozatosan lez\u00e1rt\u00e1k hat\u00e1raikat a migr\u00e1nsok el\u0151tt. Maced\u00f3nia, Szerbia, Horv\u00e1torsz\u00e1g \u00e9s Szlov\u00e9nia is csak azokat engedi be, akik a jogszab\u00e1lyoknak megfelel\u0151en \u00fatlev\u00e9llel \u00e9s v\u00edzummal rendelkeznek, vagy ott akarnak mened\u00e9ket k\u00e9rni.<br \/>\n    A szoci\u00e1ldemokrata ellenz\u00e9k szerint mindk\u00e9t t\u00f6rv\u00e9ny alkotm\u00e1nyellenes \u00e9s az alkotm\u00e1nyb\u00edr\u00f3s\u00e1ghoz fordulnak jogorvoslat\u00e9rt.<br \/>\n    Horv\u00e1t sajt\u00f3\u00e9rtes\u00fcl\u00e9sek szerint Szlov\u00e9nia a k\u00f6zelj\u00f6v\u0151ben elt\u00e1vol\u00edtja a szlov\u00e9n-horv\u00e1t hat\u00e1ron fel\u00e1ll\u00edtott peng\u00e9s dr\u00f3tker\u00edt\u00e9st. A lapok szerint erre Miro Cerar szlov\u00e9n minisztereln\u00f6k tett \u00edg\u00e9retet Tihomir Oreskovic horv\u00e1t minisztereln\u00f6knek m\u00falt h\u00e9ten Br\u00fcsszelben az EU-t\u00f6r\u00f6k cs\u00facson.<br \/>\n    A szlov\u00e9n minisztereln\u00f6ki hivatal k\u00f6zlem\u00e9nyben reag\u00e1lt a h\u00edrre, amelyben az olvashat\u00f3, hogy Szlov\u00e9nia fontol\u00f3ra vette ugyan, hogy lebontja a szlov\u00e9n-horv\u00e1t hat\u00e1ron fel\u00e1ll\u00edtott dr\u00f3tker\u00edt\u00e9s egy r\u00e9sz\u00e9t, de nem k\u00e9t h\u00e9ten bel\u00fcl, ahogy arr\u00f3l a Jutarnji List \u00e9s a Vecernji List horv\u00e1t napilap h\u00e9tf\u0151n besz\u00e1molt.<br \/>\n    A k\u00f6zlem\u00e9nyben az \u00e1ll, hogy Szlov\u00e9nia tov\u00e1bbra is figyelemmel k\u00eds\u00e9ri az esem\u00e9nyeket, \u00e9s amennyiben el\u00e9g biztos\u00edt\u00e9kot tal\u00e1l arra, hogy a ker\u00edt\u00e9sre nincs t\u00f6bb\u00e9 sz\u00fcks\u00e9g, elt\u00e1vol\u00edtja azt. Ugyanakkor egyes helyeken val\u00f3sz\u00edn\u0171leg \u00e9rintetlen\u00fcl hagyja, annak \u00e9rdek\u00e9ben, hogy k\u00f6nnyebben tudja ellen\u0151rizni a hat\u00e1r\u00e1tl\u00e9p\u00e9seket. Szlov\u00e9nia m\u00e1rcius k\u00f6zep\u00e9n elkezdte r\u00e1csker\u00edt\u00e9ssel felv\u00e1ltani az ideiglenes sz\u00f6gesdr\u00f3tot. A cser\u00e9t el\u0151sz\u00f6r a turist\u00e1k \u00e1ltal l\u00e1togatott helyek \u00e9s a telep\u00fcl\u00e9sek k\u00f6zel\u00e9ben l\u00e9v\u0151 hat\u00e1rszakaszokon v\u00e9gezt\u00e9k el.<br \/>\n    Szlov\u00e9nia  a migr\u00e1nsv\u00e1ls\u00e1g miatt m\u00e9g tavaly decemberben 156 kilom\u00e9ter peng\u00e9s dr\u00f3tker\u00edt\u00e9st telep\u00edtett Horv\u00e1torsz\u00e1ggal k\u00f6z\u00f6s hat\u00e1r\u00e1n, ennek  nyom\u00e1n az el\u0151z\u0151 horv\u00e1t korm\u00e1ny \u00f6sszesen nyolc tiltakoz\u00f3 jegyz\u00e9ket k\u00fcld\u00f6tt Ljubljan\u00e1nak, azt \u00e1ll\u00edtva, hogy a ker\u00edt\u00e9s horv\u00e1t ter\u00fcletre is \u00e1tny\u00falik.(MTI)<\/p>\n","protected":false},"excerpt":{"rendered":"<p>J\u00f3v\u00e1hagyta a horv\u00e1t parlament h\u00e9tf\u0151n az \u00e1llamhat\u00e1r v\u00e9delm\u00e9r\u0151l sz\u00f3l\u00f3 t\u00f6rv\u00e9ny, valamint a v\u00e9delmi t\u00f6rv\u00e9ny m\u00f3dos\u00edt\u00e1s\u00e1t, amely szerint a hadsereg k\u00fcl\u00f6nleges helyzetekben seg\u00edts\u00e9get ny\u00fajthat a rend\u0151rs\u00e9gnek a hat\u00e1rok v\u00e9delm\u00e9ben, ha azokat nagyobb migr\u00e1ci\u00f3s nyom\u00e1s miatt nemzetbiztons\u00e1gi vesz\u00e9ly vagy humanit\u00e1rius katasztr\u00f3fa fenyegeti.<\/p>\n","protected":false},"author":1,"featured_media":0,"comment_status":"open","ping_status":"closed","sticky":false,"template":"","format":"standard","meta":[],"categories":[12],"tags":[],"_links":{"self":[{"href":"https:\/\/gazdasagportal.hu\/index.php\/wp-json\/wp\/v2\/posts\/76617"}],"collection":[{"href":"https:\/\/gazdasagportal.hu\/index.php\/wp-json\/wp\/v2\/posts"}],"about":[{"href":"https:\/\/gazdasagportal.hu\/index.php\/wp-json\/wp\/v2\/types\/post"}],"author":[{"embeddable":true,"href":"https:\/\/gazdasagportal.hu\/index.php\/wp-json\/wp\/v2\/users\/1"}],"replies":[{"embeddable":true,"href":"https:\/\/gazdasagportal.hu\/index.php\/wp-json\/wp\/v2\/comments?post=76617"}],"version-history":[{"count":1,"href":"https:\/\/gazdasagportal.hu\/index.php\/wp-json\/wp\/v2\/posts\/76617\/revisions"}],"predecessor-version":[{"id":76618,"href":"https:\/\/gazdasagportal.hu\/index.php\/wp-json\/wp\/v2\/posts\/76617\/revisions\/76618"}],"wp:attachment":[{"href":"https:\/\/gazdasagportal.hu\/index.php\/wp-json\/wp\/v2\/media?parent=76617"}],"wp:term":[{"taxonomy":"category","embeddable":true,"href":"https:\/\/gazdasagportal.hu\/index.php\/wp-json\/wp\/v2\/categories?post=76617"},{"taxonomy":"post_tag","embeddable":true,"href":"https:\/\/gazdasagportal.hu\/index.php\/wp-json\/wp\/v2\/tags?post=76617"}],"curies":[{"name":"wp","href":"https:\/\/api.w.org\/{rel}","templated":true}]}}