{"id":76611,"date":"2016-03-22T04:21:28","date_gmt":"2016-03-22T03:21:28","guid":{"rendered":"http:\/\/gazdasagportal.hu\/?p=76611"},"modified":"2016-03-21T21:22:30","modified_gmt":"2016-03-21T20:22:30","slug":"feltehetoen-elaludt-a-sofor-a-kulfoldi-egyetemistakat-sujto-spanyolorszagi-buszbalesetnel","status":"publish","type":"post","link":"https:\/\/gazdasagportal.hu\/index.php\/feltehetoen-elaludt-a-sofor-a-kulfoldi-egyetemistakat-sujto-spanyolorszagi-buszbalesetnel\/","title":{"rendered":"Feltehet\u0151en elaludt a sof\u0151r a k\u00fclf\u00f6ldi egyetemist\u00e1kat s\u00fajt\u00f3 spanyolorsz\u00e1gi buszbalesetn\u00e9l"},"content":{"rendered":"<p><strong>A nyomoz\u00e1s els\u0151dleges adatai szerint a sof\u0151r elaludhatott a vol\u00e1nn\u00e1l, emiatt k\u00f6vetkezhetett be vas\u00e1rnap hajnalban az \u00e9szakkelet-spanyolorsz\u00e1gi Tarragona k\u00f6zel\u00e9ben az a s\u00falyos buszbaleset, amelyben 13 k\u00fclf\u00f6ldi egyetemista vesztette \u00e9let\u00e9t, \u00e9s 44-en megs\u00e9r\u00fcltek, k\u00f6zt\u00fck egy magyar di\u00e1k is k\u00f6nnyebben &#8211; jelentette a spanyol sajt\u00f3 h\u00e9tf\u0151n.<\/strong><!--more--><\/p>\n<div class=\"ads-in-post1\"><div id=\"gazdasagportal.hu_fullbanner_wideboard\"><\/div>\r\n<\/div>\n<p>    A di\u00e1kcsoport 5 buszb\u00f3l \u00e1ll\u00f3 konvoja Valenci\u00e1b\u00f3l Barcelon\u00e1ba tartott, a n\u00e9gy barcelonai egyetemen Erasmus-program keret\u00e9ben tanul\u00f3, k\u00fcl\u00f6nf\u00e9le nemzetis\u00e9g\u0171 hallgat\u00f3kkal, miut\u00e1n el\u0151z\u0151 este r\u00e9szt vettek a Fallas elnevez\u00e9s\u0171, hagyom\u00e1nyos t\u0171zij\u00e1t\u00e9k\u00fcnnepen.<br \/>\n    Az AP7-es aut\u00f3p\u00e1ly\u00e1n reggel hat \u00f3ra k\u00f6r\u00fcl, nagyj\u00e1b\u00f3l az \u00fat fel\u00e9n\u00e9l, a j\u00e1rm\u0171 el\u0151bb az aut\u00f3p\u00e1lya jobb, majd bal sz\u00e9l\u00e9re sodr\u00f3dott, \u00e1tt\u00f6rte a szemk\u00f6zti sztr\u00e1daszakaszt elv\u00e1laszt\u00f3 szalagkorl\u00e1tot, \u00e9s az oldal\u00e1ra borult. Ezut\u00e1n egy szem\u00e9lyaut\u00f3 front\u00e1lisan belerohant. A g\u00e9pkocsi k\u00e9t utasa megs\u00e9r\u00fclt.<br \/>\n    &#8222;Sajn\u00e1lom, elaludtam&#8221; &#8211; a La Raz\u00f3n c\u00edm\u0171 napilap szerint ezt ism\u00e9telgette a buszvezet\u0151 a baleset helysz\u00edn\u00e9re ki\u00e9rkez\u0151 ment\u0151s\u00f6knek.<br \/>\n    A rend\u0151ri \u0151rizetbe vett f\u00e9rfi, akir\u0151l annyi tudhat\u00f3, hogy 17 \u00e9ve dolgozik sof\u0151rk\u00e9nt az aut\u00f3buszokat \u00fczemeltet\u0151 c\u00e9gn\u00e9l, \u00e9s eddig balesetmentesen vezetett, h\u00e9tf\u0151 d\u00e9lel\u0151tt tett volna tan\u00favallom\u00e1st, azonban rosszul lett, \u00e9s k\u00f3rh\u00e1zba ker\u00fclt. A trag\u00e9dia helysz\u00edn\u00e9n a sof\u0151r\u00f6n v\u00e9gzett v\u00e9rvizsg\u00e1lat \u00e9s drogteszt is negat\u00edv volt.<br \/>\n    Ra\u00fal L\u00f3pez, az Autocares Alejandro nev\u0171 buszt\u00e1rsas\u00e1g tulajdonos\u00e1nak fia a sajt\u00f3nak napk\u00f6zben tett nyilatkozat\u00e1ban ki\u00e1llt alkalmazottja mellett, szerinte a 62 \u00e9ves buszvezet\u0151 betartotta az el\u0151\u00edr\u00e1s szerinti pihen\u0151id\u0151t indul\u00e1s el\u0151tt.<br \/>\n    Az El Pa\u00eds c\u00edm\u0171 napilapnak nyilatkoz\u00f3, a buszon utaz\u00f3 23 \u00e9ves holland di\u00e1k \u00fagy eml\u00e9kszik, hogy a j\u00e1rm\u0171 az \u00fctk\u00f6z\u00e9s el\u0151tt m\u00e1r nem egyenesen, hanem cikkcakkban haladt. Mivel a baleset kora reggel t\u00f6rt\u00e9nt, a fiatalok t\u00f6bbs\u00e9ge aludt az utaz\u00e1s alatt.<br \/>\n    Jordi Jan\u00e9 katal\u00e1n bel\u00fcgyi illet\u00e9kes az Antenna3 telev\u00edzi\u00f3s csatorna reggeli m\u0171sor\u00e1ban elmondta: 6 orsz\u00e1g di\u00e1kjai vesztett\u00e9k \u00e9let\u00fcket, 7 olasz, 2 n\u00e9met, 1 rom\u00e1n, 1 osztr\u00e1k, 1 francia \u00e9s 1 \u00fczbegiszt\u00e1ni di\u00e1kl\u00e1ny. A legfiatalabb \u00e1ldozat 19 \u00e9ves, a legid\u0151sebb 25. Azonos\u00edt\u00e1suk azonban m\u00e9g nem z\u00e1rult le &#8211; tette hozz\u00e1.<br \/>\n    A lapok szerint a hat\u00f3s\u00e1gok munk\u00e1j\u00e1t az is nehez\u00edtette, hogy a k\u00e9tnapos valenciai kir\u00e1ndul\u00e1s alatt a di\u00e1kok k\u00f6z\u00fcl sokan nem v\u00e9gig ugyanazon a helyen \u00fcltek, hanem cser\u00e9ltek m\u00e1s buszokon \u00fcl\u0151 t\u00e1rsaikkal, \u00edgy val\u00f3j\u00e1ban pontosan senki sem tudta, hogy a konvoj 5 busza k\u00f6z\u00fcl melyik utas melyiken utazott, amikor a baleset bek\u00f6vetkezett. R\u00e1ad\u00e1sul voltak olyanok is a csoportban, akik \u00fagy d\u00f6nt\u00f6ttek, hogy maradnak Valenci\u00e1ban, \u00e9s nem utaznak vissza a t\u00f6bbiekkel Barcelon\u00e1ba.<br \/>\n    A baleset 23 s\u00e9r\u00fcltje ker\u00fclt k\u00f3rh\u00e1zba, k\u00f6z\u00fcl\u00fck hat di\u00e1k s\u00falyos, egy pedig tov\u00e1bbra is kritikus \u00e1llapotban van. A magyar K\u00fclgazdas\u00e1gi \u00e9s K\u00fcl\u00fcgyminiszt\u00e9rium t\u00e1j\u00e9koztat\u00e1sa szerint a buszon egy 24 \u00e9ves magyar hallgat\u00f3 is volt, akinek mindk\u00e9t keze elt\u00f6rt. A magyar di\u00e1k a barcelonai magyar f\u0151konzul\u00e1tus munkat\u00e1rs\u00e1nak azt mondta, hogy a k\u00f3rh\u00e1zban megkapja a sz\u00fcks\u00e9ges ell\u00e1t\u00e1st, csal\u00e1dja pedig hamarosan kiutazik hozz\u00e1, \u00edgy egyel\u0151re nem k\u00e9rt seg\u00edts\u00e9get.<br \/>\n    Azokat, akik nem szorultak k\u00f3rh\u00e1zi \u00e1pol\u00e1sra, egy hotelben helyezt\u00e9k el a baleset helysz\u00edn\u00e9hez legk\u00f6zelebbi v\u00e1rosban, Tortos\u00e1ban. Itt pszichol\u00f3gusok v\u00e1rt\u00e1k \u0151ket, hogy seg\u00edtsenek nekik t\u00faljutni az els\u0151 sokkon, a rend\u0151r\u00f6k pedig felvett\u00e9k a vallom\u00e1sukat. T\u00f6bb di\u00e1k\u00e9rt m\u00e9g az este meg\u00e9rkeztek a sz\u00fcleik k\u00fclf\u00f6ldr\u0151l.<br \/>\n    Katal\u00f3ni\u00e1ban k\u00e9tnapos gy\u00e1szt rendeltek el a trag\u00e9dia miatt. A barcelonai egyetem f\u0151\u00e9p\u00fclet\u00e9nek aul\u00e1j\u00e1ban vas\u00e1rnap este kegyeleti helyet rendeztek be, ahol b\u00e1rki kifejezheti az egy\u00fctt\u00e9rz\u00e9s\u00e9t. M\u00e1r m\u00falt este is rengetegen \u00e9rkeztek megrend\u00fclten, nemcsak tanul\u00f3k, az egyetemek \u00e9s a v\u00e1ros el\u00f6lj\u00e1r\u00f3i, hanem helyi lakosok is, \u00e9s vir\u00e1gokat, m\u00e9cseseket helyeztek el az \u00e1ldozatok eml\u00e9k\u00e9re. D\u00e9lben \u00f6tperces n\u00e9ma f\u0151hajt\u00e1ssal eml\u00e9keztek r\u00e1juk.<br \/>\n    H\u00e9tf\u0151 este Tortos\u00e1ba \u00e9rkezett Matteo Renzi olasz minisztereln\u00f6k, aki sajt\u00f3inform\u00e1ci\u00f3k szerint szem\u00e9lyes kapcsolatban \u00e1ll az egyik \u00e1ldozat csal\u00e1dj\u00e1val. Carles Puigdemont, katal\u00e1n eln\u00f6k k\u00eds\u00e9ret\u00e9ben megl\u00e1togatta a helyi k\u00f3rh\u00e1zban fekv\u0151 hat s\u00e9r\u00fclt olasz di\u00e1kot, \u00e9s tal\u00e1lkozott az elhunyt egyetemist\u00e1k hozz\u00e1tartoz\u00f3ival is.<br \/>\n    A szerencs\u00e9tlens\u00e9ggel v\u00e9gz\u0151d\u0151 kir\u00e1ndul\u00e1st az Erasmus Student Network Barcelona nev\u0171 szervezet hirdette meg 20 eur\u00f3\u00e9rt (6200 forint) sz\u00e1ll\u00e1s n\u00e9lk\u00fcl azzal, hogy a hajnali f\u00e9l n\u00e9gykor, az \u00fcnneps\u00e9g ut\u00e1n indulnak vissza \u00e9s a di\u00e1kok a buszon alszanak &#8211; \u00edrta a La Vanguardia c\u00edm\u0171 katal\u00e1n napilap. A kir\u00e1ndul\u00e1son 275 di\u00e1k vett r\u00e9szt. A balesetet szenvedett j\u00e1rm\u0171v\u00f6n 60-an utaztak.(MTI)<\/p>\n","protected":false},"excerpt":{"rendered":"<p>A nyomoz\u00e1s els\u0151dleges adatai szerint a sof\u0151r elaludhatott a vol\u00e1nn\u00e1l, emiatt k\u00f6vetkezhetett be vas\u00e1rnap hajnalban az \u00e9szakkelet-spanyolorsz\u00e1gi Tarragona k\u00f6zel\u00e9ben az a s\u00falyos buszbaleset, amelyben 13 k\u00fclf\u00f6ldi egyetemista vesztette \u00e9let\u00e9t, \u00e9s 44-en megs\u00e9r\u00fcltek, k\u00f6zt\u00fck egy magyar di\u00e1k is k\u00f6nnyebben &#8211; jelentette a spanyol sajt\u00f3 h\u00e9tf\u0151n.<\/p>\n","protected":false},"author":1,"featured_media":0,"comment_status":"open","ping_status":"closed","sticky":false,"template":"","format":"standard","meta":[],"categories":[12],"tags":[],"_links":{"self":[{"href":"https:\/\/gazdasagportal.hu\/index.php\/wp-json\/wp\/v2\/posts\/76611"}],"collection":[{"href":"https:\/\/gazdasagportal.hu\/index.php\/wp-json\/wp\/v2\/posts"}],"about":[{"href":"https:\/\/gazdasagportal.hu\/index.php\/wp-json\/wp\/v2\/types\/post"}],"author":[{"embeddable":true,"href":"https:\/\/gazdasagportal.hu\/index.php\/wp-json\/wp\/v2\/users\/1"}],"replies":[{"embeddable":true,"href":"https:\/\/gazdasagportal.hu\/index.php\/wp-json\/wp\/v2\/comments?post=76611"}],"version-history":[{"count":1,"href":"https:\/\/gazdasagportal.hu\/index.php\/wp-json\/wp\/v2\/posts\/76611\/revisions"}],"predecessor-version":[{"id":76612,"href":"https:\/\/gazdasagportal.hu\/index.php\/wp-json\/wp\/v2\/posts\/76611\/revisions\/76612"}],"wp:attachment":[{"href":"https:\/\/gazdasagportal.hu\/index.php\/wp-json\/wp\/v2\/media?parent=76611"}],"wp:term":[{"taxonomy":"category","embeddable":true,"href":"https:\/\/gazdasagportal.hu\/index.php\/wp-json\/wp\/v2\/categories?post=76611"},{"taxonomy":"post_tag","embeddable":true,"href":"https:\/\/gazdasagportal.hu\/index.php\/wp-json\/wp\/v2\/tags?post=76611"}],"curies":[{"name":"wp","href":"https:\/\/api.w.org\/{rel}","templated":true}]}}