{"id":76420,"date":"2016-03-17T16:58:57","date_gmt":"2016-03-17T15:58:57","guid":{"rendered":"http:\/\/gazdasagportal.hu\/?p=76420"},"modified":"2016-03-17T16:46:43","modified_gmt":"2016-03-17T15:46:43","slug":"eu-csucs-orban-a-cel-hogy-barmifajta-menekultcsere-kizarolag-onkentes-alapon-tortenjen","status":"publish","type":"post","link":"https:\/\/gazdasagportal.hu\/index.php\/eu-csucs-orban-a-cel-hogy-barmifajta-menekultcsere-kizarolag-onkentes-alapon-tortenjen\/","title":{"rendered":"EU-cs\u00facs &#8211; Orb\u00e1n: a c\u00e9l, hogy b\u00e1rmifajta menek\u00fcltcsere kiz\u00e1r\u00f3lag \u00f6nk\u00e9ntes alapon t\u00f6rt\u00e9njen"},"content":{"rendered":"<p><strong>A magyar korm\u00e1ny c\u00e9lja, hogy kiz\u00e1r\u00f3lag \u00f6nk\u00e9ntes alapon t\u00f6rt\u00e9njen b\u00e1rmifajta menek\u00fcltcsere vagy betelep\u00edt\u00e9s az Eur\u00f3pai Uni\u00f3 \u00e9s T\u00f6r\u00f6korsz\u00e1g k\u00f6z\u00f6tt k\u00e9sz\u00fcl\u0151 esetleges migr\u00e1ci\u00f3s egyezm\u00e9ny keret\u00e9ben &#8211; hangs\u00falyozta Orb\u00e1n Viktor cs\u00fct\u00f6rt\u00f6k\u00f6n, az uni\u00f3s \u00e1llam- \u00e9s korm\u00e1nyf\u0151k br\u00fcsszeli cs\u00facstal\u00e1lkoz\u00f3ja el\u0151tt.<\/strong><!--more--><\/p>\n<div class=\"ads-in-post1\"><div id=\"gazdasagportal.hu_fullbanner_wideboard\"><\/div>\r\n<\/div>\n<p>    A magyar minisztereln\u00f6k a cs\u00facs\u00e9rtekezletre meg\u00e9rkezve kifejtette, azzal a c\u00e9llal \u00fclnek le a t\u00e1rgyal\u00f3asztalhoz, hogy &#8222;ha lesz is a t\u00f6r\u00f6k\u00f6kkel meg\u00e1llapod\u00e1s, akkor abban csak olyan szakaszok szerepeljenek, amelyek a T\u00f6r\u00f6korsz\u00e1gb\u00f3l \u00e9rkez\u0151knek a betelep\u00edt\u00e9s\u00e9t \u00f6nk\u00e9ntes alapon \u00e9s nem k\u00e9nyszer alapj\u00e1n akarj\u00e1k rendezni&#8221;.<br \/>\n    Orb\u00e1n lesz\u00f6gezte, fontos, hogy megmaradjon Magyarorsz\u00e1g mozg\u00e1stere, \u00e9s majd nemzeti hat\u00e1sk\u00f6rben nemet lehessen mondani a k\u00f6telez\u0151 jelleg\u0171 &#8222;n\u00e9pess\u00e9gmozgat\u00e1sra&#8221;.<br \/>\n    \u00dajs\u00e1g\u00edr\u00f3i k\u00e9rd\u00e9sre a korm\u00e1nyf\u0151 azt v\u00e1laszolta, hogy l\u00e1t es\u00e9lyt ezen c\u00e9l el\u00e9r\u00e9s\u00e9re.<br \/>\n    Hozz\u00e1tette, a v\u00edzumk\u00e9rd\u00e9sr\u0151l sz\u00f3l\u00f3 vit\u00e1ban Magyarorsz\u00e1g kor\u00e1bban is azt k\u00e9pviselte, hogy Ukrajn\u00e1nak min\u00e9l hamarabb, de T\u00f6r\u00f6korsz\u00e1gn\u00e1l mindenk\u00e9pp el\u0151bb adj\u00e1k meg az uni\u00f3s v\u00edzumkedvezm\u00e9nyt, \u00e9s \u00fagy l\u00e1tja, hogy &#8222;ebbe az ir\u00e1nyba mozdulnak el a dolgok ma \u00e9s holnap itt Br\u00fcsszelben&#8221;.<br \/>\n    &#8222;A magyar \u00e9rdekeket meg tudjuk v\u00e9deni, hogy azon fel\u00fcl mi lesz, azt megl\u00e1tjuk&#8221; &#8211; \u00f6sszegzett Orb\u00e1n Viktor.<br \/>\n    A k\u00f6rvonalaz\u00f3d\u00f3 egyezm\u00e9ny \u00e9rtelm\u00e9ben Ankara tov\u00e1bbi p\u00e9nz\u00fcgyi t\u00e1mogat\u00e1st k\u00e9r az Eur\u00f3pai Uni\u00f3t\u00f3l az orsz\u00e1gban tart\u00f3zkod\u00f3 sz\u00edriai menek\u00fcltek ell\u00e1t\u00e1s\u00e1ra, tov\u00e1bb\u00e1 a t\u00f6r\u00f6k EU-csatlakoz\u00e1si t\u00e1rgyal\u00e1sok felgyors\u00edt\u00e1s\u00e1t k\u00e9ri, valamint azt, hogy legk\u00e9s\u0151bb j\u00fanius v\u00e9g\u00e9ig t\u00f6r\u00f6lj\u00e9k el az uni\u00f3s v\u00edzumk\u00e9nyszert a t\u00f6r\u00f6k \u00e1llampolg\u00e1rokkal szemben. A t\u00f6r\u00f6k\u00f6k cser\u00e9be visszafogadn\u00e1k az orsz\u00e1gb\u00f3l az egyezm\u00e9ny hat\u00e1lyba l\u00e9p\u00e9se ut\u00e1n illeg\u00e1lisan G\u00f6r\u00f6gorsz\u00e1gba \u00e9rkez\u0151 migr\u00e1nsokat. Az EU-nak viszont minden egyes visszafogadott sz\u00edriai \u00e1llampolg\u00e1r\u00e9rt cser\u00e9be be kellene fogadnia egy sz\u00edriai menek\u00fcltet k\u00f6zvetlen\u00fcl T\u00f6r\u00f6korsz\u00e1gb\u00f3l.(MTI)<\/p>\n","protected":false},"excerpt":{"rendered":"<p>A magyar korm\u00e1ny c\u00e9lja, hogy kiz\u00e1r\u00f3lag \u00f6nk\u00e9ntes alapon t\u00f6rt\u00e9njen b\u00e1rmifajta menek\u00fcltcsere vagy betelep\u00edt\u00e9s az Eur\u00f3pai Uni\u00f3 \u00e9s T\u00f6r\u00f6korsz\u00e1g k\u00f6z\u00f6tt k\u00e9sz\u00fcl\u0151 esetleges migr\u00e1ci\u00f3s egyezm\u00e9ny keret\u00e9ben &#8211; hangs\u00falyozta Orb\u00e1n Viktor cs\u00fct\u00f6rt\u00f6k\u00f6n, az uni\u00f3s \u00e1llam- \u00e9s korm\u00e1nyf\u0151k br\u00fcsszeli cs\u00facstal\u00e1lkoz\u00f3ja el\u0151tt.<\/p>\n","protected":false},"author":1,"featured_media":0,"comment_status":"open","ping_status":"closed","sticky":false,"template":"","format":"standard","meta":[],"categories":[4,12],"tags":[],"_links":{"self":[{"href":"https:\/\/gazdasagportal.hu\/index.php\/wp-json\/wp\/v2\/posts\/76420"}],"collection":[{"href":"https:\/\/gazdasagportal.hu\/index.php\/wp-json\/wp\/v2\/posts"}],"about":[{"href":"https:\/\/gazdasagportal.hu\/index.php\/wp-json\/wp\/v2\/types\/post"}],"author":[{"embeddable":true,"href":"https:\/\/gazdasagportal.hu\/index.php\/wp-json\/wp\/v2\/users\/1"}],"replies":[{"embeddable":true,"href":"https:\/\/gazdasagportal.hu\/index.php\/wp-json\/wp\/v2\/comments?post=76420"}],"version-history":[{"count":1,"href":"https:\/\/gazdasagportal.hu\/index.php\/wp-json\/wp\/v2\/posts\/76420\/revisions"}],"predecessor-version":[{"id":76421,"href":"https:\/\/gazdasagportal.hu\/index.php\/wp-json\/wp\/v2\/posts\/76420\/revisions\/76421"}],"wp:attachment":[{"href":"https:\/\/gazdasagportal.hu\/index.php\/wp-json\/wp\/v2\/media?parent=76420"}],"wp:term":[{"taxonomy":"category","embeddable":true,"href":"https:\/\/gazdasagportal.hu\/index.php\/wp-json\/wp\/v2\/categories?post=76420"},{"taxonomy":"post_tag","embeddable":true,"href":"https:\/\/gazdasagportal.hu\/index.php\/wp-json\/wp\/v2\/tags?post=76420"}],"curies":[{"name":"wp","href":"https:\/\/api.w.org\/{rel}","templated":true}]}}