{"id":76359,"date":"2016-03-16T13:12:00","date_gmt":"2016-03-16T12:12:00","guid":{"rendered":"http:\/\/gazdasagportal.hu\/?p=76359"},"modified":"2016-03-16T13:12:00","modified_gmt":"2016-03-16T12:12:00","slug":"nav-lekerdezheto-hogy-celba-ert-e-a-bevallasi-nyilatkozat","status":"publish","type":"post","link":"https:\/\/gazdasagportal.hu\/index.php\/nav-lekerdezheto-hogy-celba-ert-e-a-bevallasi-nyilatkozat\/","title":{"rendered":"NAV: lek\u00e9rdezhet\u0151, hogy c\u00e9lba \u00e9rt-e a bevall\u00e1si nyilatkozat"},"content":{"rendered":"<p><strong>Lek\u00e9rdezhetik a mag\u00e1nszem\u00e9lyek, vajon \u00e9rtes\u00fclt-e a Nemzeti Ad\u00f3- \u00e9s V\u00e1mhivatal (NAV) arr\u00f3l, hogy megb\u00edzt\u00e1k szem\u00e9lyij\u00f6vedelemad\u00f3-bevall\u00e1suk elk\u00e9sz\u00edt\u00e9s\u00e9vel &#8211; h\u00edvta fel a figyelmet az ad\u00f3hat\u00f3s\u00e1g szerd\u00e1n.<\/strong><!--more--><\/p>\n<div class=\"ads-in-post1\"><div id=\"gazdasagportal.hu_fullbanner_wideboard\"><\/div>\r\n<\/div>\n<p>    A NAV k\u00f6zlem\u00e9ny\u00e9ben felid\u00e9zte, a mag\u00e1nszem\u00e9ly ad\u00f3z\u00f3k febru\u00e1r 1-j\u00e9ig tehettek bevall\u00e1si nyilatkozatot, amellyel megb\u00edzt\u00e1k az ad\u00f3hivatalt szja-bevall\u00e1suk elk\u00e9sz\u00edt\u00e9s\u00e9vel. Nyilatkozni a munk\u00e1ltat\u00f3n\u00e1l vagy az ad\u00f3hat\u00f3s\u00e1gn\u00e1l lehetett.<br \/>\n    A bevall\u00e1si nyilatkozat c\u00e9lba \u00e9rkez\u00e9s\u00e9r\u0151l az \u00fcgyf\u00e9lkapu-regisztr\u00e1ci\u00f3val rendelkez\u0151k az eBEV port\u00e1l \u00faj elektronikus szolg\u00e1ltat\u00e1sa, az ad\u00f3hat\u00f3s\u00e1gi ad\u00f3meg\u00e1llap\u00edt\u00e1ssal kapcsolatos lek\u00e9rdez\u00e9sek men\u00fcpont seg\u00edts\u00e9g\u00e9vel kaphatnak inform\u00e1ci\u00f3t. Az \u00fcgyf\u00e9lkapu megnyit\u00e1sa a NAV \u00fcgyf\u00e9lszolg\u00e1latain soron k\u00edv\u00fcl int\u00e9zhet\u0151.<br \/>\n    Azok, akik ad\u00f3\u00fcgyeiket eddig is a NAV telefonos \u00fcgyf\u00e9lt\u00e1j\u00e9koztat\u00f3 \u00e9s \u00fcgyint\u00e9z\u0151 rendszer\u00e9n kereszt\u00fcl int\u00e9zt\u00e9k, azaz rendelkeznek a telefonos azonos\u00edt\u00e1shoz sz\u00fcks\u00e9ges PIN-k\u00f3ddal, a 06-40\/20-21-22 telefonsz\u00e1mon t\u00e1j\u00e9koz\u00f3dhatnak. A telefonos azonos\u00edt\u00e1shoz sz\u00fcks\u00e9ges PIN-k\u00f3dot a TEL adatlapon lehet k\u00e9rni, a k\u00f3dot a NAV soron k\u00edv\u00fcl k\u00e9pzi \u00e9s tov\u00e1bb\u00edtja az ad\u00f3z\u00f3nak.<br \/>\n    \u00dcgyf\u00e9lkapuval vagy telefonos PIN-k\u00f3ddal nem rendelkez\u0151k a bevall\u00e1si nyilatkozat be\u00e9rkez\u00e9s\u00e9r\u0151l a NAV \u00fcgyf\u00e9lszolg\u00e1latain t\u00e1j\u00e9koz\u00f3dhatnak.<br \/>\n    Bevall\u00e1si nyilatkozatot azok a mag\u00e1nszem\u00e9lyek tehettek, akik 2015-ben kiz\u00e1r\u00f3lag munk\u00e1ltat\u00f3t\u00f3l szereztek j\u00f6vedelmet, kedvezm\u00e9nyt nem \u00e9rv\u00e9nyes\u00edtettek \u00e9s nem is fognak, nem tesznek \u00f6nk\u00e9ntes k\u00f6lcs\u00f6n\u00f6s biztos\u00edt\u00f3 p\u00e9nzt\u00e1ri, nyugd\u00edj-el\u0151takar\u00e9koss\u00e1gi, valamint nyugd\u00edjbiztos\u00edt\u00e1si nyilatkozatot.<br \/>\n    A befizetett szja 1+1 sz\u00e1zal\u00e9k\u00e1r\u00f3l a bevall\u00e1si nyilatkozatot tettek is rendelkezhetnek, civil szervezet, illetve egyh\u00e1z vagy k\u00f6lts\u00e9gvet\u00e9si el\u0151ir\u00e1nyzat jav\u00e1ra legk\u00e9s\u0151bb m\u00e1jus 20-ig tehetik meg felaj\u00e1nl\u00e1sukat &#8211; k\u00f6z\u00f6lte a NAV.(MTI)<\/p>\n","protected":false},"excerpt":{"rendered":"<p>Lek\u00e9rdezhetik a mag\u00e1nszem\u00e9lyek, vajon \u00e9rtes\u00fclt-e a Nemzeti Ad\u00f3- \u00e9s V\u00e1mhivatal (NAV) arr\u00f3l, hogy megb\u00edzt\u00e1k szem\u00e9lyij\u00f6vedelemad\u00f3-bevall\u00e1suk elk\u00e9sz\u00edt\u00e9s\u00e9vel &#8211; h\u00edvta fel a figyelmet az ad\u00f3hat\u00f3s\u00e1g szerd\u00e1n.<\/p>\n","protected":false},"author":1,"featured_media":0,"comment_status":"open","ping_status":"closed","sticky":false,"template":"","format":"standard","meta":[],"categories":[20],"tags":[],"_links":{"self":[{"href":"https:\/\/gazdasagportal.hu\/index.php\/wp-json\/wp\/v2\/posts\/76359"}],"collection":[{"href":"https:\/\/gazdasagportal.hu\/index.php\/wp-json\/wp\/v2\/posts"}],"about":[{"href":"https:\/\/gazdasagportal.hu\/index.php\/wp-json\/wp\/v2\/types\/post"}],"author":[{"embeddable":true,"href":"https:\/\/gazdasagportal.hu\/index.php\/wp-json\/wp\/v2\/users\/1"}],"replies":[{"embeddable":true,"href":"https:\/\/gazdasagportal.hu\/index.php\/wp-json\/wp\/v2\/comments?post=76359"}],"version-history":[{"count":1,"href":"https:\/\/gazdasagportal.hu\/index.php\/wp-json\/wp\/v2\/posts\/76359\/revisions"}],"predecessor-version":[{"id":76360,"href":"https:\/\/gazdasagportal.hu\/index.php\/wp-json\/wp\/v2\/posts\/76359\/revisions\/76360"}],"wp:attachment":[{"href":"https:\/\/gazdasagportal.hu\/index.php\/wp-json\/wp\/v2\/media?parent=76359"}],"wp:term":[{"taxonomy":"category","embeddable":true,"href":"https:\/\/gazdasagportal.hu\/index.php\/wp-json\/wp\/v2\/categories?post=76359"},{"taxonomy":"post_tag","embeddable":true,"href":"https:\/\/gazdasagportal.hu\/index.php\/wp-json\/wp\/v2\/tags?post=76359"}],"curies":[{"name":"wp","href":"https:\/\/api.w.org\/{rel}","templated":true}]}}