{"id":76349,"date":"2016-03-16T09:50:26","date_gmt":"2016-03-16T08:50:26","guid":{"rendered":"http:\/\/gazdasagportal.hu\/?p=76349"},"modified":"2016-03-16T09:50:26","modified_gmt":"2016-03-16T08:50:26","slug":"nem-talaljak-a-rendorokre-tamado-fegyveres-szokevenyeket-brusszelben","status":"publish","type":"post","link":"https:\/\/gazdasagportal.hu\/index.php\/nem-talaljak-a-rendorokre-tamado-fegyveres-szokevenyeket-brusszelben\/","title":{"rendered":"Nem tal\u00e1lj\u00e1k a rend\u0151r\u00f6kre t\u00e1mad\u00f3 fegyveres sz\u00f6kev\u00e9nyeket Br\u00fcsszelben"},"content":{"rendered":"<p><strong>Eredm\u00e9nytelen volt a szerda hajnalig tart\u00f3 kutat\u00e1s Br\u00fcsszelben a fegyveresek ut\u00e1n, akik el\u0151z\u0151 nap h\u00e1zkutat\u00e1st v\u00e9gz\u0151 rend\u0151r\u00f6kre l\u0151ttek Br\u00fcsszelben, majd elmenek\u00fcltek a h\u00e1ztet\u0151k\u00f6n kereszt\u00fcl &#8211; jelentette a helyi m\u00e9dia.<\/strong><!--more--><\/p>\n<div class=\"ads-in-post1\"><div id=\"gazdasagportal.hu_fullbanner_wideboard\"><\/div>\r\n<\/div>\n<p>    Belga \u00e9s francia nyomoz\u00f3k a tavaly novemberi p\u00e1rizsi mer\u00e9nyletekkel \u00f6sszef\u00fcgg\u00e9sben tartottak h\u00e1zkutat\u00e1st d\u00e9lut\u00e1n, de egy ajt\u00f3n kereszt\u00fcl ismeretlenek g\u00e9pkarab\u00e9llyal t\u00fczet nyitottak r\u00e1juk. N\u00e9gy rend\u0151r k\u00f6nnyebben megsebes\u00fclt.<br \/>\n    A belga sz\u00f6vets\u00e9gi \u00fcgy\u00e9szs\u00e9g esti t\u00e1j\u00e9koztat\u00e1sa szerint az egyik gyan\u00fas\u00edtottat ezt k\u00f6vet\u0151en agyonl\u0151tt\u00e9k, azonos\u00edtani azonban egyel\u0151re nem siker\u00fclt.<br \/>\n    K\u00e9t m\u00e1sik felt\u00e9telezett tettes a h\u00e1ztet\u0151k\u00f6n kereszt\u00fcl elmenek\u00fclt, \u00e9s az\u00f3ta is sz\u00f6k\u00e9sben vannak. A La Derni\u00e9re Heure c\u00edm\u0171 napilap \u00e9rtes\u00fcl\u00e9sei szerint egy testv\u00e9rp\u00e1rr\u00f3l lehet sz\u00f3, a m\u00e1r kor\u00e1bban is k\u00f6r\u00f6z\u00f6tt Khalid \u00e9s Ibrahim El Bakraouir\u00f3l.<br \/>\n    A testv\u00e9rek egyik\u00e9t terrorszervezetben val\u00f3 r\u00e9szv\u00e9tellel gyan\u00fas\u00edtj\u00e1k. Ibrahimot 2010 okt\u00f3ber\u00e9ben m\u00e1r el\u00edt\u00e9lt\u00e9k, ami\u00e9rt egy rabl\u00e1s k\u00f6zben r\u00e1l\u0151tt a rend\u0151r\u00f6kre.<br \/>\n    A Le Soir c\u00edm\u0171 lap arr\u00f3l sz\u00e1molt be, hogy mind\u00f6ssze rutinellen\u0151rz\u00e9st hajtottak v\u00e9gre kedd d\u00e9lut\u00e1n, nem v\u00e1rtak komoly eredm\u00e9nyt a h\u00e1zkutat\u00e1st\u00f3l. Az el\u0151z\u0151 napon olyan inform\u00e1ci\u00f3k is napvil\u00e1got l\u00e1ttak, amelyek szerint a rend\u0151r\u00f6k a p\u00e1rizsi terrorcselekm\u00e9nyek felt\u00e9telezett f\u0151szervez\u0151j\u00e9t, Salah Abdeslamot kerest\u00e9k, ezt azonban c\u00e1folt\u00e1k a hat\u00f3s\u00e1gok.<br \/>\n    A p\u00e1rizsi mer\u00e9nyletek elk\u00f6vet\u0151i k\u00f6z\u00fcl t\u00f6bben is Br\u00fcsszelben \u00e9ltek kor\u00e1bban. Egyes h\u00edrek szerint Salah Abdeslam a t\u00e1mad\u00e1sokat k\u00f6vet\u0151en is h\u00fasz napon \u00e1t bujk\u00e1lt a v\u00e1rosban.<br \/>\n    A sz\u00f6k\u00e9sben l\u00e9v\u0151 Abdeslam ellen Belgium a novemberi t\u00e1mad\u00e1st k\u00f6vet\u0151 napokban nemzetk\u00f6zi elfogat\u00f3parancsot adott ki, de azt sem tudni biztosan, hogy m\u00e9g Eur\u00f3p\u00e1ban van-e.<br \/>\n    A francia f\u0151v\u00e1rosban h\u00e9t helysz\u00ednen elk\u00f6vetett novemberi mer\u00e9nyletsorozatnak sz\u00e1zharminc hal\u00e1los \u00e1ldozata volt.(MTI)<\/p>\n","protected":false},"excerpt":{"rendered":"<p>Eredm\u00e9nytelen volt a szerda hajnalig tart\u00f3 kutat\u00e1s Br\u00fcsszelben a fegyveresek ut\u00e1n, akik el\u0151z\u0151 nap h\u00e1zkutat\u00e1st v\u00e9gz\u0151 rend\u0151r\u00f6kre l\u0151ttek Br\u00fcsszelben, majd elmenek\u00fcltek a h\u00e1ztet\u0151k\u00f6n kereszt\u00fcl &#8211; jelentette a helyi m\u00e9dia.<\/p>\n","protected":false},"author":1,"featured_media":0,"comment_status":"open","ping_status":"closed","sticky":false,"template":"","format":"standard","meta":[],"categories":[12],"tags":[],"_links":{"self":[{"href":"https:\/\/gazdasagportal.hu\/index.php\/wp-json\/wp\/v2\/posts\/76349"}],"collection":[{"href":"https:\/\/gazdasagportal.hu\/index.php\/wp-json\/wp\/v2\/posts"}],"about":[{"href":"https:\/\/gazdasagportal.hu\/index.php\/wp-json\/wp\/v2\/types\/post"}],"author":[{"embeddable":true,"href":"https:\/\/gazdasagportal.hu\/index.php\/wp-json\/wp\/v2\/users\/1"}],"replies":[{"embeddable":true,"href":"https:\/\/gazdasagportal.hu\/index.php\/wp-json\/wp\/v2\/comments?post=76349"}],"version-history":[{"count":1,"href":"https:\/\/gazdasagportal.hu\/index.php\/wp-json\/wp\/v2\/posts\/76349\/revisions"}],"predecessor-version":[{"id":76350,"href":"https:\/\/gazdasagportal.hu\/index.php\/wp-json\/wp\/v2\/posts\/76349\/revisions\/76350"}],"wp:attachment":[{"href":"https:\/\/gazdasagportal.hu\/index.php\/wp-json\/wp\/v2\/media?parent=76349"}],"wp:term":[{"taxonomy":"category","embeddable":true,"href":"https:\/\/gazdasagportal.hu\/index.php\/wp-json\/wp\/v2\/categories?post=76349"},{"taxonomy":"post_tag","embeddable":true,"href":"https:\/\/gazdasagportal.hu\/index.php\/wp-json\/wp\/v2\/tags?post=76349"}],"curies":[{"name":"wp","href":"https:\/\/api.w.org\/{rel}","templated":true}]}}