{"id":76334,"date":"2016-03-16T06:18:52","date_gmt":"2016-03-16T05:18:52","guid":{"rendered":"http:\/\/gazdasagportal.hu\/?p=76334"},"modified":"2016-03-15T20:19:43","modified_gmt":"2016-03-15T19:19:43","slug":"sziria-megkezdodott-az-orosz-erok-kivonasa","status":"publish","type":"post","link":"https:\/\/gazdasagportal.hu\/index.php\/sziria-megkezdodott-az-orosz-erok-kivonasa\/","title":{"rendered":"Sz\u00edria &#8211; Megkezd\u0151d\u00f6tt az orosz er\u0151k kivon\u00e1sa"},"content":{"rendered":"<p><strong>Az orosz katonai rep\u00fcl\u0151g\u00e9pek els\u0151 k\u00f6tel\u00e9ke elhagyta Sz\u00edri\u00e1t a Moszkva \u00e1ltal bejelentett r\u00e9szleges csapatkivon\u00e1s keret\u00e9ben &#8211; k\u00f6z\u00f6lte kedden az orosz v\u00e9delmi miniszt\u00e9rium. A t\u00e1rca helyettes vezet\u0151je ugyanakkor jelezte, hogy az orosz l\u00e9gier\u0151 folytatja csap\u00e1sait az Iszl\u00e1m \u00c1llam (I\u00c1) \u00e9s m\u00e1s terrorszervezetek ellen.<\/strong><!--more--><\/p>\n<div class=\"ads-in-post1\"><div id=\"gazdasagportal.hu_fullbanner_wideboard\"><\/div>\r\n<\/div>\n<p>    A Hmejmimb\u0151l fesz\u00e1llt els\u0151 orosz k\u00f6tel\u00e9k egy Tu-154-es vez\u00e9rg\u00e9pb\u0151l \u00e9s SzU-34-es bomb\u00e1z\u00f3kb\u00f3l \u00e1llt. A t\u00f6bbi rep\u00fcl\u0151 is hasonl\u00f3 form\u00e1ci\u00f3kban fog t\u00e1vozni, \u00e9l\u00fck\u00f6n Tu-154-es vagy Il-76-os csapat- illetve hadfelszerel\u00e9st sz\u00e1ll\u00edt\u00f3 g\u00e9pekkel. Oroszorsz\u00e1g hat\u00e1r\u00e1t \u00e1tl\u00e9pve a rep\u00fcl\u0151g\u00e9pek \u00f6n\u00e1ll\u00f3an t\u00e9rnek majd vissza \u00e1lland\u00f3 t\u00e1maszpontjaikra.<br \/>\n    Vlagyimir Putyin orosz eln\u00f6k h\u00e9tf\u0151n rendelte el, hogy keddt\u0151l kezdj\u00e9k meg a Sz\u00edri\u00e1ban harcol\u00f3 orosz katonai egys\u00e9gek f\u0151 r\u00e9sz\u00e9nek kivon\u00e1s\u00e1t. A m\u0171velet, melynek \u00fctemez\u00e9s\u00e9t nem hozt\u00e1k nyilv\u00e1noss\u00e1gra, nem \u00e9rinti a Latakia tartom\u00e1nybeli Hmejmimben l\u00e9v\u0151 orosz l\u00e9gi b\u00e1zist \u00e9s a tartuszi kik\u00f6t\u0151ben m\u0171k\u00f6d\u0151 orosz haditenger\u00e9szeti l\u00e9tes\u00edtm\u00e9ny tev\u00e9kenys\u00e9g\u00e9t.<br \/>\n    Szergej Ivanov, az orosz eln\u00f6k kabinetf\u0151n\u00f6ke k\u00f6z\u00f6lte, hogy a h\u00e1tra marad\u00f3 er\u0151k v\u00e9delm\u00e9ben Sz\u00edri\u00e1ban hagyj\u00e1k az Sz-400-as l\u00e9gelh\u00e1r\u00edt\u00f3 rendszereket is. Ezek telep\u00edt\u00e9s\u00e9r\u0151l azt k\u00f6vet\u0151en d\u00f6nt\u00f6ttek Moszkv\u00e1ban, hogy egy t\u00f6r\u00f6k F-16-os vad\u00e1szg\u00e9p lel\u0151tt egy orosz Szu-24-est.<br \/>\n    Putyin \u00e9rt\u00e9kel\u00e9se szerint az \u00f6t \u00e9s f\u00e9l h\u00f3napja megkezdett orosz katonai beavatkoz\u00e1s \u00f6sszess\u00e9g\u00e9ben teljes\u00edtette a kit\u0171z\u00f6tt c\u00e9lokat, \u00e9s a h\u00e1tramarad\u00f3 er\u0151k feladata a t\u0171zsz\u00fcnet betart\u00e1s\u00e1nak ellen\u0151rz\u00e9se lesz. Az orosz eln\u00f6k egy\u00fattal elrendelte, hogy Oroszorsz\u00e1g v\u00e1llaljon intenz\u00edvebb szerepet a b\u00e9kefolyamatban a sz\u00edriai konfliktus lez\u00e1r\u00e1sa \u00e9rdek\u00e9ben.<br \/>\n    D\u00f6nt\u00e9s\u00e9r\u0151l Vlagyimir Putyin moszkvai k\u00f6zl\u00e9s szerint Bass\u00e1r el-Aszad sz\u00edriai eln\u00f6kkel &#8222;koordin\u00e1lt&#8221;, \u00e9s arr\u00f3l Barack Obama amerikai eln\u00f6k\u00f6t is t\u00e1j\u00e9koztatta.<br \/>\n    Szergej Lavrov orosz k\u00fcl\u00fcgyminiszter kedden Moszkv\u00e1ban kijelentette: Oroszorsz\u00e1g azt tapasztalja a sz\u00edriai rendez\u00e9sr\u0151l folytatott genfi b\u00e9ket\u00e1rgyal\u00e1sokon, hogy az Egyes\u00fclt \u00c1llamok k\u00e9sz befoly\u00e1st gyakorolni a sz\u00edriai ellenz\u00e9kre a politikai folyamatban val\u00f3 r\u00e9szv\u00e9tel \u00e9s a t\u00f6r\u00e9keny t\u0171zsz\u00fcnet fenntart\u00e1sa \u00e9rdek\u00e9ben.<br \/>\n    Dmitrij Peszkovnak, a Kreml sz\u00f3viv\u0151j\u00e9nek keddi bejelent\u00e9se szerint Putyin eln\u00f6k, mint az orosz fegyveres er\u0151k f\u0151parancsnoka \u00f6n\u00e1ll\u00f3an d\u00f6nt\u00f6tt a csapatkivon\u00e1sr\u00f3l, arr\u00f3l m\u00e1s \u00e1llamok vezet\u0151ivel nem konzult\u00e1lt. Peszkov c\u00e1folta, hogy az elhat\u00e1roz\u00e1s h\u00e1tter\u00e9ben Aszaddal szembeni el\u00e9gedetlens\u00e9g \u00e1llna, \u00e9s hogy ez\u00e1ltal Moszkva nyom\u00e1st pr\u00f3b\u00e1lna gyakorolni Damaszkuszra.<br \/>\n    A sz\u00f3viv\u0151 bonyolult folyamatnak nevezte a sz\u00edriai t\u0171zsz\u00fcnet orosz \u00e9s amerikai katon\u00e1k \u00e1ltal elv\u00e9gzett ellen\u0151rz\u00e9s\u00e9t. Szavai szerint a Kreml most a legf\u0151bb feladatot a sz\u00edriai konfliktus Genfben elkezd\u0151d\u00f6tt b\u00e9k\u00e9s rendez\u00e9s\u00e9nek maxim\u00e1lis t\u00e1mogat\u00e1s\u00e1ban l\u00e1tja.<br \/>\n    Peszkov kit\u00e9rt annak a k\u00e9rd\u00e9snek a megv\u00e1laszol\u00e1sa el\u0151l, hogy elk\u00e9pzelhet\u0151-e az orosz katonai m\u0171veletek fel\u00faj\u00edt\u00e1sa Sz\u00edri\u00e1ban.<br \/>\n    Nyikolaj Pankov orosz v\u00e9delmi miniszterhelyettes a hmejmimi b\u00e1zison a r\u00e9szleges csapatkivon\u00e1s alkalm\u00e1b\u00f3l megtartott \u00fcnneps\u00e9gen kijelentette, hogy az orosz l\u00e9gier\u0151 folytatja csap\u00e1sait az Iszl\u00e1m \u00c1llam (I\u00c1) \u00e9s m\u00e1s terrorszervezetek ellen. Az esem\u00e9nyen \u00e1llami kit\u0171ntet\u00e9st kaptak a sz\u00edriai m\u0171veletekben \u00e9rdemeket szerzett orosz katon\u00e1k.<br \/>\n    A sz\u00edriai hadm\u0171veletek sor\u00e1n az orosz pil\u00f3t\u00e1k t\u00f6bb mint 9 ezer bevet\u00e9sen vettek r\u00e9szt, amelyeknek k\u00f6sz\u00f6nhet\u0151en a RIA Novosztyi h\u00edr\u00fcgyn\u00f6ks\u00e9g szerint siker\u00fclt elv\u00e1gni az Iszl\u00e1m \u00c1llam (I\u00c1) terrorszervezet f\u0151 fegyver- \u00e9s l\u0151szer-ut\u00e1np\u00f3tl\u00e1si \u00fatvonalait, valamint a fegyveresek T\u00f6r\u00f6korsz\u00e1gba ir\u00e1nyul\u00f3 olajsz\u00e1ll\u00edtm\u00e1nyainak \u00fatj\u00e1t. Szergej Sojgu orosz v\u00e9delmi miniszter kedden arr\u00f3l sz\u00e1molt be, hogy a sz\u00edriai korm\u00e1nyer\u0151k az orosz l\u00e9gier\u0151 t\u00e1mogat\u00e1s\u00e1val mintegy n\u00e9gysz\u00e1z telep\u00fcl\u00e9st, 10 ezer n\u00e9gyzetkilom\u00e9ternyi ter\u00fcletet &#8222;szabad\u00edtottak fel&#8221;.<br \/>\n    Sojgu szerint a l\u00e9gicsap\u00e1sokkal t\u00f6bb mint 2 ezer, Oroszorsz\u00e1gb\u00f3l \u00e9rkezett milit\u00e1nst \u00f6ltek meg.<br \/>\n    A sz\u00edriai orosz kontingens l\u00e9tsz\u00e1m\u00e1r\u00f3l, a csapatkivon\u00e1s \u00fatvonal\u00e1r\u00f3l \u00e9s az orosz er\u0151k \u00e1ltal elszenvedett vesztes\u00e9gekr\u0151l nem hangzott el hivatalos t\u00e1j\u00e9koztat\u00e1s. Az orosz katonai er\u0151k Aszad eln\u00f6k felk\u00e9r\u00e9se alapj\u00e1n 2015. szeptember 30-\u00e1n avatkoztak be a harcokba az arab orsz\u00e1g ter\u00fclet\u00e9n, Sz\u00edri\u00e1ban 2016. febru\u00e1r 27. \u00f3ta fegyvernyugv\u00e1s l\u00e9pett \u00e9letbe, amelyr\u0151l Oroszorsz\u00e1g \u00e9s az Egyes\u00fclt \u00c1llamok \u00e1llapodott meg. A t\u0171zsz\u00fcnet az I\u00c1-ra az an-Nuszra Frontra \u00e9s t\u00f6bb m\u00e1s, az ENSZ Biztons\u00e1gi Tan\u00e1csa \u00e1ltal terrorszervezetnek min\u0151s\u00edtett csoportra nem terjed ki.(MTI)<\/p>\n","protected":false},"excerpt":{"rendered":"<p>Az orosz katonai rep\u00fcl\u0151g\u00e9pek els\u0151 k\u00f6tel\u00e9ke elhagyta Sz\u00edri\u00e1t a Moszkva \u00e1ltal bejelentett r\u00e9szleges csapatkivon\u00e1s keret\u00e9ben &#8211; k\u00f6z\u00f6lte kedden az orosz v\u00e9delmi miniszt\u00e9rium. A t\u00e1rca helyettes vezet\u0151je ugyanakkor jelezte, hogy az orosz l\u00e9gier\u0151 folytatja csap\u00e1sait az Iszl\u00e1m \u00c1llam (I\u00c1) \u00e9s m\u00e1s terrorszervezetek ellen.<\/p>\n","protected":false},"author":1,"featured_media":0,"comment_status":"open","ping_status":"closed","sticky":false,"template":"","format":"standard","meta":[],"categories":[12,16],"tags":[],"_links":{"self":[{"href":"https:\/\/gazdasagportal.hu\/index.php\/wp-json\/wp\/v2\/posts\/76334"}],"collection":[{"href":"https:\/\/gazdasagportal.hu\/index.php\/wp-json\/wp\/v2\/posts"}],"about":[{"href":"https:\/\/gazdasagportal.hu\/index.php\/wp-json\/wp\/v2\/types\/post"}],"author":[{"embeddable":true,"href":"https:\/\/gazdasagportal.hu\/index.php\/wp-json\/wp\/v2\/users\/1"}],"replies":[{"embeddable":true,"href":"https:\/\/gazdasagportal.hu\/index.php\/wp-json\/wp\/v2\/comments?post=76334"}],"version-history":[{"count":1,"href":"https:\/\/gazdasagportal.hu\/index.php\/wp-json\/wp\/v2\/posts\/76334\/revisions"}],"predecessor-version":[{"id":76335,"href":"https:\/\/gazdasagportal.hu\/index.php\/wp-json\/wp\/v2\/posts\/76334\/revisions\/76335"}],"wp:attachment":[{"href":"https:\/\/gazdasagportal.hu\/index.php\/wp-json\/wp\/v2\/media?parent=76334"}],"wp:term":[{"taxonomy":"category","embeddable":true,"href":"https:\/\/gazdasagportal.hu\/index.php\/wp-json\/wp\/v2\/categories?post=76334"},{"taxonomy":"post_tag","embeddable":true,"href":"https:\/\/gazdasagportal.hu\/index.php\/wp-json\/wp\/v2\/tags?post=76334"}],"curies":[{"name":"wp","href":"https:\/\/api.w.org\/{rel}","templated":true}]}}