{"id":76200,"date":"2016-03-11T21:58:24","date_gmt":"2016-03-11T20:58:24","guid":{"rendered":"http:\/\/gazdasagportal.hu\/?p=76200"},"modified":"2016-03-11T21:58:24","modified_gmt":"2016-03-11T20:58:24","slug":"elengedhetetlen-a-sziriai-beke-megteremtese","status":"publish","type":"post","link":"https:\/\/gazdasagportal.hu\/index.php\/elengedhetetlen-a-sziriai-beke-megteremtese\/","title":{"rendered":"Elengedhetetlen a sz\u00edriai b\u00e9ke megteremt\u00e9se"},"content":{"rendered":"<p><strong>Elengedhetetlen a sz\u00edriai b\u00e9ke megteremt\u00e9se ahhoz, hogy eredm\u00e9nyt lehessen el\u00e9rni az Eur\u00f3pa fel\u00e9 ir\u00e1nyul\u00f3 migr\u00e1ns\u00e1radat megsz\u00fcntet\u00e9s\u00e9ben &#8211;  nyilatkozta az MTI-nek Altusz Krist\u00f3f eur\u00f3pai \u00e9s amerikai kapcsolatok\u00e9rt felel\u0151s helyettes k\u00fcl\u00fcgyi \u00e1llamtitk\u00e1r Koppenh\u00e1g\u00e1ban, a d\u00e1n k\u00fcl\u00fcgyminiszt\u00e9rium eur\u00f3pai \u00fcgyek\u00e9rt felel\u0151s igazgat\u00f3j\u00e1val folytatott megbesz\u00e9l\u00e9s\u00e9t k\u00f6vet\u0151en p\u00e9nteken.<\/strong><!--more--><\/p>\n<div class=\"ads-in-post1\"><div id=\"gazdasagportal.hu_fullbanner_wideboard\"><\/div>\r\n<\/div>\n<p>    Altusz Krist\u00f3f  kijelentette:  nagyobb hangs\u00falyt kell  helyezni a konfliktusz\u00f3n\u00e1k mellett fekv\u0151 orsz\u00e1gok megseg\u00edt\u00e9s\u00e9re is, hogy a menek\u00fcltek a lehet\u0151 legk\u00f6zelebb ker\u00fcljenek elhelyez\u00e9sre haz\u00e1jukhoz, ahol biztons\u00e1gban, rendezett k\u00f6r\u00fclm\u00e9nyek k\u00f6z\u00f6tt v\u00e1rhatj\u00e1k meg, am\u00edg visszat\u00e9rhetnek sz\u00fcl\u0151f\u00f6ldj\u00fckre.<br \/>\n    Hozz\u00e1tette: megegyezett Per Fabricius Andersennel, a d\u00e1n k\u00fcl\u00fcgyminiszt\u00e9rium eur\u00f3pai \u00fcgyek\u00e9rt felel\u0151s igazgat\u00f3j\u00e1val, hogy ezt az \u00e1ll\u00e1spontot uni\u00f3s szinten is k\u00e9pviselni \u00e9s k\u00f6z\u00f6sen szorgalmazni fogj\u00e1k.<br \/>\n    Altusz Krist\u00f3f kiemelte, hogy d\u00e1n koll\u00e9g\u00e1j\u00e1val egyet\u00e9rtettek abban, hogy a migr\u00e1ci\u00f3s v\u00e1ls\u00e1g kezel\u00e9s\u00e9hez sz\u00fcks\u00e9g van a schengeni hat\u00e1rok szisztematikus v\u00e9delm\u00e9re. A menek\u00fcltek be\u00e1raml\u00e1s\u00e1t tekintve fontos, hogy ellen\u0151rz\u00f6tt \u00e9s j\u00f3l szab\u00e1lyozott m\u00f3dszerrel, k\u00f6z\u00f6s eur\u00f3pai szab\u00e1lyoz\u00e1s alapj\u00e1n t\u00f6rt\u00e9njen a migr\u00e1nsok bel\u00e9ptet\u00e9se az eur\u00f3pai hat\u00e1rokon.<br \/>\n    A helyettes \u00e1llamtitk\u00e1rt arr\u00f3l t\u00e1j\u00e9koztatott, hogy az Eg\u00e9szs\u00e9g\u00fcgyi Vil\u00e1gszervezettel (WHO) k\u00f6z\u00f6sen f\u00f3rumot rendeznek tavasszal Budapesten azzal a c\u00e9llal, hogy \u00fczleti v\u00e1llalkoz\u00e1sok kapcsol\u00f3dhassanak be a vil\u00e1gszervezet munk\u00e1j\u00e1ba. Ennek egyik gyakorlati megval\u00f3sul\u00e1sa lehet, ha p\u00e9ld\u00e1ul gy\u00f3gyszergy\u00e1rt\u00f3 c\u00e9gek sz\u00e1m\u00e1ra biztos\u00edtan\u00e1nak r\u00e9szv\u00e9teli lehet\u0151s\u00e9get a seg\u00e9lyez\u00e9s folyamat\u00e1ban.<br \/>\n    Altusz Krist\u00f3f a konferencia r\u00e9szleteit Jakab Zsuzsann\u00e1val, a WHO koppenh\u00e1gai region\u00e1lis igazgat\u00f3j\u00e1val t\u00e1rgyalta meg, akivel a vil\u00e1gszervezet \u00faj, k\u00f6z\u00e9p-eur\u00f3pai k\u00f6zpontj\u00e1nak budapesti p\u00e1ly\u00e1zat\u00e1r\u00f3l is egyeztetett.<br \/>\n    A politikus besz\u00e1molt arr\u00f3l, hogy koppenh\u00e1gai l\u00e1togat\u00e1sa sor\u00e1n megbesz\u00e9l\u00e9st folytatott a Nemzetk\u00f6zi Holokauszt-eml\u00e9kez\u00e9si Sz\u00f6vets\u00e9g (IHRA d\u00e1n tagdeleg\u00e1ci\u00f3j\u00e1nak vezet\u0151j\u00e9vel is.<br \/>\n    Cecilie Felicia Banke az egy \u00e9ves magyar IHRA-eln\u00f6ks\u00e9g eredm\u00e9nyei k\u00f6z\u00f6tt kiemelte azt az adatv\u00e9delmi t\u00f6rv\u00e9nym\u00f3dos\u00edt\u00e1st, amely korl\u00e1toz\u00e1s n\u00e9lk\u00fcl biztos\u00edt hozz\u00e1f\u00e9r\u00e9st a holokauszttal kapcsolatos lev\u00e9lt\u00e1ri forr\u00e1sokhoz.<br \/>\n    A tag\u00e1llamok \u00e9s a ter\u00fclet szak\u00e9rt\u0151i szerint ez az IHRA m\u0171k\u00f6d\u00e9s\u00e9nek eddigi legnagyobb sikere &#8211;  hangs\u00falyozta Altusz Krist\u00f3f.(MTI)<\/p>\n","protected":false},"excerpt":{"rendered":"<p>Elengedhetetlen a sz\u00edriai b\u00e9ke megteremt\u00e9se ahhoz, hogy eredm\u00e9nyt lehessen el\u00e9rni az Eur\u00f3pa fel\u00e9 ir\u00e1nyul\u00f3 migr\u00e1ns\u00e1radat megsz\u00fcntet\u00e9s\u00e9ben &#8211; nyilatkozta az MTI-nek Altusz Krist\u00f3f eur\u00f3pai \u00e9s amerikai kapcsolatok\u00e9rt felel\u0151s helyettes k\u00fcl\u00fcgyi \u00e1llamtitk\u00e1r Koppenh\u00e1g\u00e1ban, a d\u00e1n k\u00fcl\u00fcgyminiszt\u00e9rium eur\u00f3pai \u00fcgyek\u00e9rt felel\u0151s igazgat\u00f3j\u00e1val folytatott megbesz\u00e9l\u00e9s\u00e9t k\u00f6vet\u0151en p\u00e9nteken.<\/p>\n","protected":false},"author":1,"featured_media":0,"comment_status":"open","ping_status":"closed","sticky":false,"template":"","format":"standard","meta":[],"categories":[4,12,16],"tags":[],"_links":{"self":[{"href":"https:\/\/gazdasagportal.hu\/index.php\/wp-json\/wp\/v2\/posts\/76200"}],"collection":[{"href":"https:\/\/gazdasagportal.hu\/index.php\/wp-json\/wp\/v2\/posts"}],"about":[{"href":"https:\/\/gazdasagportal.hu\/index.php\/wp-json\/wp\/v2\/types\/post"}],"author":[{"embeddable":true,"href":"https:\/\/gazdasagportal.hu\/index.php\/wp-json\/wp\/v2\/users\/1"}],"replies":[{"embeddable":true,"href":"https:\/\/gazdasagportal.hu\/index.php\/wp-json\/wp\/v2\/comments?post=76200"}],"version-history":[{"count":1,"href":"https:\/\/gazdasagportal.hu\/index.php\/wp-json\/wp\/v2\/posts\/76200\/revisions"}],"predecessor-version":[{"id":76201,"href":"https:\/\/gazdasagportal.hu\/index.php\/wp-json\/wp\/v2\/posts\/76200\/revisions\/76201"}],"wp:attachment":[{"href":"https:\/\/gazdasagportal.hu\/index.php\/wp-json\/wp\/v2\/media?parent=76200"}],"wp:term":[{"taxonomy":"category","embeddable":true,"href":"https:\/\/gazdasagportal.hu\/index.php\/wp-json\/wp\/v2\/categories?post=76200"},{"taxonomy":"post_tag","embeddable":true,"href":"https:\/\/gazdasagportal.hu\/index.php\/wp-json\/wp\/v2\/tags?post=76200"}],"curies":[{"name":"wp","href":"https:\/\/api.w.org\/{rel}","templated":true}]}}