{"id":76155,"date":"2016-03-11T11:25:10","date_gmt":"2016-03-11T10:25:10","guid":{"rendered":"http:\/\/gazdasagportal.hu\/?p=76155"},"modified":"2016-03-11T11:25:10","modified_gmt":"2016-03-11T10:25:10","slug":"marcius-15-tobb-helyen-kell-lezarasra-szamitani-itt-a-lista","status":"publish","type":"post","link":"https:\/\/gazdasagportal.hu\/index.php\/marcius-15-tobb-helyen-kell-lezarasra-szamitani-itt-a-lista\/","title":{"rendered":"M\u00e1rcius 15. &#8211; T\u00f6bb helyen kell lez\u00e1r\u00e1sra sz\u00e1m\u00edtani, itt a lista"},"content":{"rendered":"<p><strong>Az \u00e1llami \u00e9s egy\u00e9b \u00fcnneps\u00e9gek miatt t\u00f6bb helyen kell lez\u00e1r\u00e1sra sz\u00e1m\u00edtani m\u00e1rcius 15-\u00e9n Budapesten, emiatt v\u00e1ltozik a Budapesti K\u00f6zleked\u00e9si K\u00f6zpont (BKK) j\u00e1ratainak menetrendje.<br \/>\n<\/strong><!--more--><\/p>\n<div class=\"ads-in-post1\"><div id=\"gazdasagportal.hu_fullbanner_wideboard\"><\/div>\r\n<\/div>\n    A BKK p\u00e9nteki, az MTI-hez eljuttatott k\u00f6zlem\u00e9ny\u00e9ben kiemelte: kedden, az 1848-as forradalom \u00e9s szabads\u00e1gharc \u00e9vfordul\u00f3j\u00e1n v\u00e1rosszerte t\u00f6bb helysz\u00ednen tartanak \u00fcnnepi programot, illetve rendezv\u00e9nyt, p\u00e9ld\u00e1ul a Nyugati t\u00e9ren, a Kossuth Lajos t\u00e9ren, a Magyar Nemzeti M\u00fazeumn\u00e1l, a budai V\u00e1rban \u00e9s a H\u0151s\u00f6k ter\u00e9n.<br \/>\n    A rendezv\u00e9nyek miatt egy-egy id\u0151szakra lez\u00e1rj\u00e1k egyebek mellett a budai V\u00e1rat, a M\u00fazeum k\u00f6rutat, a Kossuth Lajos teret, a M\u00fazeum k\u00f6r\u00fat-Astoria-Kossuth Lajos utca-Szabad sajt\u00f3 \u00fat-Erzs\u00e9bet h\u00edd-D\u00f6brentei t\u00e9r-Attila \u00fat-D\u00f3zsa Gy\u00f6rgy t\u00e9r-Palota \u00fat-D\u00edsz t\u00e9r \u00fatvonalat, a Bem teret, valamint az Andr\u00e1ssy \u00fat-Oktogon-Ter\u00e9z k\u00f6r\u00fat-Podmaniczky utca-Bajcsy-Zsilinszky \u00fat-Alkotm\u00e1ny utca-Kossuth Lajos t\u00e9r \u00fatvonalat.<br \/>\n    A kisf\u00f6ldalatti kedd d\u00e9lut\u00e1n nem \u00e1ll meg a H\u0151s\u00f6k ter\u00e9n\u00e9l, \u00e9s a hat\u00f3s\u00e1gi z\u00e1r\u00e1st\u00f3l f\u00fcgg\u0151en a Bajza utca, a Kod\u00e1ly k\u00f6r\u00f6nd, a V\u00f6r\u00f6smarty utca \u00e9s az Oktogon \u00e1llom\u00e1son sem, csak \u00e1thalad.<br \/>\n    A 2-es villamos kedd d\u00e9lel\u0151tt csak a Sz\u00e9chenyi rakpartig, d\u00e9lut\u00e1n pedig a Kossuth Lajos t\u00e9rig k\u00f6zlekedik, a 4-es \u00e9s a 6-os villamos szint\u00e9n d\u00e9lut\u00e1n n\u00e9gy szakaszon, megosztva j\u00e1r.<br \/>\n    Az Erzs\u00e9bet h\u00edd helyett a Szabads\u00e1g h\u00eddon k\u00f6zlekedik kedd d\u00e9lel\u0151tt az 5-\u00f6s, a 7-es, a 8-as, a 107-es, a 110-es, a 112-es, a 133-as, \u00e9s a 178-as busz, a 9-es pedig a Kisk\u00f6r\u00fat helyett a Nagyk\u00f6r\u00faton sz\u00e1ll\u00edtja az utasokat. A H\u0151s\u00f6k ter\u00e9t \u00e9rint\u0151 j\u00e1ratok (20E, 30, 30A, 230) a V\u00e1rosligetbe terelve k\u00f6zlekednek, a 105-\u00f6s pedig a Margit h\u00eddon \u00e1t j\u00e1r majd.<br \/>\n    V\u00e1ltoz\u00e1s lesz a trolibuszok forgalm\u00e1ban is, a 72-es \u00e9s a 75-\u00f6s trolit elterelik, a 73-as pedig nem k\u00f6zlekedik.<br \/>\n(MTI)<\/p>\n","protected":false},"excerpt":{"rendered":"<p>Az \u00e1llami \u00e9s egy\u00e9b \u00fcnneps\u00e9gek miatt t\u00f6bb helyen kell lez\u00e1r\u00e1sra sz\u00e1m\u00edtani m\u00e1rcius 15-\u00e9n Budapesten, emiatt v\u00e1ltozik a Budapesti K\u00f6zleked\u00e9si K\u00f6zpont (BKK) j\u00e1ratainak menetrendje.<\/p>\n","protected":false},"author":1,"featured_media":0,"comment_status":"open","ping_status":"closed","sticky":false,"template":"","format":"standard","meta":[],"categories":[4,151],"tags":[],"_links":{"self":[{"href":"https:\/\/gazdasagportal.hu\/index.php\/wp-json\/wp\/v2\/posts\/76155"}],"collection":[{"href":"https:\/\/gazdasagportal.hu\/index.php\/wp-json\/wp\/v2\/posts"}],"about":[{"href":"https:\/\/gazdasagportal.hu\/index.php\/wp-json\/wp\/v2\/types\/post"}],"author":[{"embeddable":true,"href":"https:\/\/gazdasagportal.hu\/index.php\/wp-json\/wp\/v2\/users\/1"}],"replies":[{"embeddable":true,"href":"https:\/\/gazdasagportal.hu\/index.php\/wp-json\/wp\/v2\/comments?post=76155"}],"version-history":[{"count":1,"href":"https:\/\/gazdasagportal.hu\/index.php\/wp-json\/wp\/v2\/posts\/76155\/revisions"}],"predecessor-version":[{"id":76156,"href":"https:\/\/gazdasagportal.hu\/index.php\/wp-json\/wp\/v2\/posts\/76155\/revisions\/76156"}],"wp:attachment":[{"href":"https:\/\/gazdasagportal.hu\/index.php\/wp-json\/wp\/v2\/media?parent=76155"}],"wp:term":[{"taxonomy":"category","embeddable":true,"href":"https:\/\/gazdasagportal.hu\/index.php\/wp-json\/wp\/v2\/categories?post=76155"},{"taxonomy":"post_tag","embeddable":true,"href":"https:\/\/gazdasagportal.hu\/index.php\/wp-json\/wp\/v2\/tags?post=76155"}],"curies":[{"name":"wp","href":"https:\/\/api.w.org\/{rel}","templated":true}]}}