{"id":76059,"date":"2016-03-10T07:51:24","date_gmt":"2016-03-10T06:51:24","guid":{"rendered":"http:\/\/gazdasagportal.hu\/?p=76059"},"modified":"2016-03-10T07:12:34","modified_gmt":"2016-03-10T06:12:34","slug":"eurobarometer-nott-az-erdeklodes-az-europai-politika-irant-magyarorszagon-es-az-eu-ban-egyarant","status":"publish","type":"post","link":"https:\/\/gazdasagportal.hu\/index.php\/eurobarometer-nott-az-erdeklodes-az-europai-politika-irant-magyarorszagon-es-az-eu-ban-egyarant\/","title":{"rendered":"Eurobarometer: n\u0151tt az \u00e9rdekl\u0151d\u00e9s az eur\u00f3pai politika ir\u00e1nt Magyarorsz\u00e1gon \u00e9s az EU-ban egyar\u00e1nt"},"content":{"rendered":"<p><strong>Jelent\u0151sen megn\u0151tt az \u00e9rdekl\u0151d\u00e9s az eur\u00f3pai uni\u00f3s politika ir\u00e1nt Magyarorsz\u00e1gon \u00e9s az EU-tagorsz\u00e1gok \u00e1tlag\u00e1ban egyar\u00e1nt &#8211; der\u00fclt ki az Eurobarometer c\u00edmmel szerd\u00e1n ismertetett k\u00f6zv\u00e9lem\u00e9ny-kutat\u00e1sb\u00f3l.<\/strong><!--more--><\/p>\n<div class=\"ads-in-post1\"><div id=\"gazdasagportal.hu_fullbanner_wideboard\"><\/div>\r\n<\/div>\n    A jelent\u00e9sben, amely a tavaly szeptemberben lefolytatott reprezentat\u00edv felm\u00e9r\u00e9s eredm\u00e9nyei alapj\u00e1n k\u00e9sz\u00fclt, kifejtett\u00e9k: a v\u00e1laszad\u00f3knak az uni\u00f3 eg\u00e9sz\u00e9ben 54 sz\u00e1zal\u00e9ka, Magyarorsz\u00e1gon pedig 53 sz\u00e1zal\u00e9ka \u00e9rdekl\u0151dik az eur\u00f3pai politika ir\u00e1nt. Ez mindk\u00e9t esetben t\u00f6bb mint 10 sz\u00e1zal\u00e9kpontos n\u00f6veked\u00e9st jelent az ezt megel\u0151z\u0151 jelent\u00e9shez k\u00e9pest.<br \/>\n    A n\u00f6vekv\u0151 \u00e9rdekl\u0151d\u00e9st a k\u00e9sz\u00edt\u0151k szerint a jelenlegi eur\u00f3pai \u00e9s nemzetk\u00f6zi helyzet magyar\u00e1zza. A kutat\u00e1st akkor v\u00e9gezt\u00e9k, amikor az ut\u00f3bbi h\u00f3napok leger\u0151teljesebb migr\u00e1ci\u00f3s hull\u00e1ma volt tapasztalhat\u00f3 az eg\u00e9sz EU-ban.<br \/>\n    Az Eur\u00f3pai Uni\u00f3hoz tartoz\u00e1s \u00e9rz\u00e9s\u00e9t a megk\u00e9rdezettek 55 sz\u00e1zal\u00e9ka fontosnak tartotta. Ugyanakkor nagyok a k\u00fcl\u00f6nbs\u00e9gek e tekintetben az egyes tag\u00e1llamok k\u00f6z\u00f6tt, Magyarorsz\u00e1gon p\u00e9ld\u00e1ul csak az emberek 46 sz\u00e1zal\u00e9ka adta ezt a v\u00e1laszt a k\u00e9rd\u00e9sre. Uni\u00f3s szinten t\u00edz v\u00e1laszad\u00f3b\u00f3l h\u00e9t \u00fagy \u00edt\u00e9lte meg, hogy fontosabbak azok a dolgok, amelyek \u00f6sszek\u00f6tik az eur\u00f3paiakat, mint amelyek elv\u00e1lasztj\u00e1k \u0151ket.<br \/>\n    Azok az eur\u00f3paiak, akik szerint orsz\u00e1guk sz\u00e1m\u00e1ra el\u0151ny\u00f6s az uni\u00f3s tags\u00e1g (60 sz\u00e1zal\u00e9k), els\u0151sorban az EU gazdas\u00e1gi n\u00f6veked\u00e9shez val\u00f3 hozz\u00e1j\u00e1rul\u00e1s\u00e1t, a b\u00e9ke fenntart\u00e1s\u00e1t \u00e9s a biztons\u00e1g er\u0151s\u00edt\u00e9s\u00e9t, valamint az orsz\u00e1guk \u00e9s a t\u00f6bbi t\u00e1rs\u00e1llam k\u00f6z\u00f6tti egy\u00fcttm\u0171k\u00f6d\u00e9st hozt\u00e1k fel indokk\u00e9nt.<br \/>\n    Az eur\u00f3paiak szem\u00e9ben tov\u00e1bbra is a munkan\u00e9lk\u00fclis\u00e9g jelenti a legfontosabb kih\u00edv\u00e1st (49 sz\u00e1zal\u00e9k), az ut\u00f3bbi k\u00e9t \u00e9v sor\u00e1n azonban a bev\u00e1ndorl\u00e1s k\u00e9rd\u00e9se is l\u00e1tv\u00e1nyosan el\u0151bbre ker\u00fclt (47 sz\u00e1zal\u00e9k), s imm\u00e1r ez sz\u00e1m\u00edt az EU el\u0151tt \u00e1ll\u00f3 m\u00e1sodik legfontosabb kih\u00edv\u00e1snak a megk\u00e9rdezettek szerint.<br \/>\n    T\u00edz eur\u00f3paib\u00f3l \u00e1tlagosan nyolc \u00fagy v\u00e9li, hogy a mened\u00e9kk\u00e9r\u0151ket jobban el kellene osztani az EU tagorsz\u00e1gai k\u00f6z\u00f6tt. Ezek h\u00e1romnegyede szerint az eloszt\u00e1sr\u00f3l uni\u00f3s szinten kellene d\u00f6nteni k\u00f6telez\u0151 \u00e9rv\u00e9ny\u0171 kv\u00f3t\u00e1k r\u00e9v\u00e9n, azonban ez a megk\u00f6zel\u00edt\u00e9s t\u00f6bb tag\u00e1llamban t\u00e1volr\u00f3l sem sz\u00e1m\u00edthat a t\u00f6bbs\u00e9g t\u00e1mogat\u00e1s\u00e1ra.<br \/>\n    Az EU eg\u00e9sz\u00e9t tekintve abszol\u00fat t\u00f6bbs\u00e9gben (51 sz\u00e1zal\u00e9k) vannak azok, akik szerint orsz\u00e1guknak sz\u00fcks\u00e9ge van leg\u00e1lis bev\u00e1ndorl\u00f3kra, de tizenegy tag\u00e1llamban &#8211; k\u00f6zt\u00fck haz\u00e1nkban &#8211; nem ez a t\u00f6bbs\u00e9g v\u00e9lem\u00e9nye. Uni\u00f3s szinten a v\u00e1laszad\u00f3k 56 sz\u00e1zal\u00e9ka szerint j\u00f3 dolog, hogy az orsz\u00e1gukban m\u00e1s tag\u00e1llamok \u00e1llampolg\u00e1rai is \u00e9lnek, tizenegy orsz\u00e1gban azonban e tekintetben sincsenek t\u00f6bbs\u00e9gben ezen v\u00e9lem\u00e9ny k\u00e9pvisel\u0151i.(MTI)<\/p>\n","protected":false},"excerpt":{"rendered":"<p>Jelent\u0151sen megn\u0151tt az \u00e9rdekl\u0151d\u00e9s az eur\u00f3pai uni\u00f3s politika ir\u00e1nt Magyarorsz\u00e1gon \u00e9s az EU-tagorsz\u00e1gok \u00e1tlag\u00e1ban egyar\u00e1nt &#8211; der\u00fclt ki az Eurobarometer c\u00edmmel szerd\u00e1n ismertetett k\u00f6zv\u00e9lem\u00e9ny-kutat\u00e1sb\u00f3l.<\/p>\n","protected":false},"author":1,"featured_media":0,"comment_status":"open","ping_status":"closed","sticky":false,"template":"","format":"standard","meta":[],"categories":[4,18],"tags":[],"_links":{"self":[{"href":"https:\/\/gazdasagportal.hu\/index.php\/wp-json\/wp\/v2\/posts\/76059"}],"collection":[{"href":"https:\/\/gazdasagportal.hu\/index.php\/wp-json\/wp\/v2\/posts"}],"about":[{"href":"https:\/\/gazdasagportal.hu\/index.php\/wp-json\/wp\/v2\/types\/post"}],"author":[{"embeddable":true,"href":"https:\/\/gazdasagportal.hu\/index.php\/wp-json\/wp\/v2\/users\/1"}],"replies":[{"embeddable":true,"href":"https:\/\/gazdasagportal.hu\/index.php\/wp-json\/wp\/v2\/comments?post=76059"}],"version-history":[{"count":1,"href":"https:\/\/gazdasagportal.hu\/index.php\/wp-json\/wp\/v2\/posts\/76059\/revisions"}],"predecessor-version":[{"id":76060,"href":"https:\/\/gazdasagportal.hu\/index.php\/wp-json\/wp\/v2\/posts\/76059\/revisions\/76060"}],"wp:attachment":[{"href":"https:\/\/gazdasagportal.hu\/index.php\/wp-json\/wp\/v2\/media?parent=76059"}],"wp:term":[{"taxonomy":"category","embeddable":true,"href":"https:\/\/gazdasagportal.hu\/index.php\/wp-json\/wp\/v2\/categories?post=76059"},{"taxonomy":"post_tag","embeddable":true,"href":"https:\/\/gazdasagportal.hu\/index.php\/wp-json\/wp\/v2\/tags?post=76059"}],"curies":[{"name":"wp","href":"https:\/\/api.w.org\/{rel}","templated":true}]}}