{"id":76057,"date":"2016-03-10T07:04:37","date_gmt":"2016-03-10T06:04:37","guid":{"rendered":"http:\/\/gazdasagportal.hu\/?p=76057"},"modified":"2016-03-10T07:04:37","modified_gmt":"2016-03-10T06:04:37","slug":"iszlam-allam-a-terrorszervezet-tobb-tizezer-tagjanak-adatai-jutottak-a-sky-news-birtokaba","status":"publish","type":"post","link":"https:\/\/gazdasagportal.hu\/index.php\/iszlam-allam-a-terrorszervezet-tobb-tizezer-tagjanak-adatai-jutottak-a-sky-news-birtokaba\/","title":{"rendered":"Iszl\u00e1m \u00c1llam &#8211; A terrorszervezet t\u00f6bb t\u00edzezer tagj\u00e1nak adatai jutottak a Sky News birtok\u00e1ba"},"content":{"rendered":"<p><strong>Az Iszl\u00e1m \u00c1llam t\u00f6bb t\u00edzezer egykori \u00e9s jelenlegi tagj\u00e1nak szem\u00e9lyes adatai jutottak a Sky News brit h\u00edrtelev\u00edzi\u00f3 birtok\u00e1ba &#8211; \u00e1ll\u00edtja a telev\u00edzi\u00f3.<\/strong><!--more--><\/p>\n<div class=\"ads-in-post1\"><div id=\"gazdasagportal.hu_fullbanner_wideboard\"><\/div>\r\n<\/div>\n<p>    A t\u00e9v\u00e9t\u00e1rsas\u00e1g szerda esti besz\u00e1mol\u00f3ja szerint az elektronikusan t\u00e1rolt adatokat a dzsihadista terrorszervezet egy volt tagja adta \u00e1t, aki kor\u00e1bban a m\u00e9rs\u00e9keltnek tartott sz\u00edriai ellenz\u00e9k harcosa volt, majd \u00e1t\u00e1llt az Iszl\u00e1m \u00c1llamhoz, de v\u00e9g\u00fcl a terrorcsoportnak is h\u00e1tat ford\u00edtott.<br \/>\n    A mem\u00f3riak\u00e1rty\u00e1n szerepl\u0151 &#8211; a Sky News \u00e1ltal kinyomtatott &#8211; adatok 22 ezer nevet tartalmaznak, sok esetben lakc\u00edmmel, telefonsz\u00e1mmal, hozz\u00e1tartoz\u00f3k adataival egy\u00fctt. A list\u00e1n legal\u00e1bb 51 orsz\u00e1g \u00e1llampolg\u00e1rai szerepelnek, k\u00f6zt\u00fck britek.<br \/>\n    Az adatk\u00e1rtya k\u00e9rd\u0151\u00edveket tartalmaz, amelyeket az Iszl\u00e1m \u00c1llamhoz csatlakozni akar\u00f3 jelentkez\u0151knek ki kellett t\u00f6lteni\u00fck. A k\u00e9rd\u0151\u00edven szerepl\u0151 23 k\u00e9rd\u00e9s a tagjel\u00f6ltek legszem\u00e9lyesebb adataira vonatkozik, k\u00f6zt\u00fck arra, hogy mely orsz\u00e1gb\u00f3l \u00e9rkeztek, utaz\u00e1suk sor\u00e1n mely orsz\u00e1gokon haladtak \u00e1t, milyen szakk\u00e9pzetts\u00e9g\u00fck van, \u00e9s mennyire j\u00e1rtasak az iszl\u00e1m t\u00f6rv\u00e9nykez\u00e9s, a sar\u00eda el\u0151\u00edr\u00e1saiban.<br \/>\n    A jelentkez\u0151knek meg kellett adniuk legk\u00f6zelebbi hozz\u00e1tartoz\u00f3juk telefonos el\u00e9rhet\u0151s\u00e9g\u00e9t is.<br \/>\n    A list\u00e1n szerepl\u0151k k\u00f6z\u00f6tt van a walesi sz\u00fclet\u00e9s\u0171 Reyaad Khan, akit a brit kir\u00e1lyi l\u00e9gier\u0151 (RAF) tavaly augusztus 21-\u00e9n egy dr\u00f3nr\u00f3l ind\u00edtott Hellfire rak\u00e9t\u00e1val \u00f6lt meg a sz\u00edriai Rakka v\u00e1ros\u00e1ban, az Iszl\u00e1m \u00c1llam egy m\u00e1sik brit tagj\u00e1val egy\u00fctt.<br \/>\n    Ez volt az els\u0151 eset a sz\u00edriai konfliktus kezdete \u00f3ta, hogy a brit fegyveres er\u0151k brit \u00e1llampolg\u00e1rokat \u00f6ltek meg sz\u00edriai ter\u00fcleten, dr\u00f3nnal v\u00e9grehajtott c\u00e9lzott t\u00e1mad\u00e1sban.<br \/>\n    A pil\u00f3ta n\u00e9lk\u00fcli rep\u00fcl\u0151g\u00e9pet az RAF egyik nyugat-angliai t\u00e1maszpontj\u00e1r\u00f3l, t\u00f6bb mint n\u00e9gyezer kilom\u00e9teres t\u00e1vols\u00e1gb\u00f3l ir\u00e1ny\u00edtott\u00e1k.<br \/>\n    Az \u00fcgy komoly belpolitikai vit\u00e1t kavart Nagy-Britanni\u00e1ban, mivel a kir\u00e1lyi l\u00e9gier\u0151nek akkor m\u00e9g nem volt felhatalmaz\u00e1sa arra, hogy a sz\u00edriai l\u00e9gt\u00e9rben fegyveres bevet\u00e9seket hajtson v\u00e9gre.<br \/>\n    David Cameron brit minisztereln\u00f6k a Sz\u00edri\u00e1ban v\u00e9grehajtott augusztusi t\u00e1mad\u00e1sr\u00f3l a londoni als\u00f3h\u00e1zban besz\u00e1molva annak idej\u00e9n azonban kijelentette, hogy az RAF akci\u00f3ja &#8222;\u00f6nv\u00e9delmi jelleg\u0171, sz\u00fcks\u00e9ges \u00e9s t\u00f6rv\u00e9nyes&#8221; volt, mivel a brit elh\u00e1r\u00edt\u00e1s inform\u00e1ci\u00f3i szerint Khan nagyszab\u00e1s\u00fa terrort\u00e1mad\u00e1sokat tervezett Nagy-Britanni\u00e1ban.<br \/>\n    A Sky News szerda esti besz\u00e1mol\u00f3ja szerint az igazi \u00e1tt\u00f6r\u00e9st azok az adatlapok jelentik, amelyeken a nyugati elh\u00e1r\u00edt\u00f3 hat\u00f3s\u00e1gok el\u0151tt eddig ismeretlen dzsihadista harcosok nevei szerepelnek. A brit h\u00edrtelev\u00edzi\u00f3 szerint vannak k\u00f6zt\u00fck britek, valamint \u00e9szak-eur\u00f3pai, k\u00f6zel-keleti, \u00e9szak-afrikai orsz\u00e1gok \u00e1llampolg\u00e1rai, emellett amerikaiak \u00e9s kanadaiak is.<br \/>\n    A mem\u00f3riak\u00e1rty\u00e1n szerepl\u0151 egyik f\u00e1jl a M\u00e1rt\u00edrok megjel\u00f6l\u00e9st viseli. Ebben kiz\u00e1r\u00f3lag olyanok nevei sorj\u00e1znak, akik \u00f6ngyilkos mer\u00e9nyleteket akarnak v\u00e9grehajtani, \u00e9s az Iszl\u00e1m \u00c1llam erre ki is k\u00e9pezte \u0151ket.<br \/>\n    Az adatokat \u00e1tad\u00f3 egykori dzsihadista a mem\u00f3riak\u00e1rty\u00e1t a Sky News besz\u00e1mol\u00f3ja szerint az Iszl\u00e1m \u00c1llam belbiztons\u00e1gi szolg\u00e1lat\u00e1nak &#8211; a terrorszervezet bennfentesei \u00e1ltal is csak SS-k\u00e9nt emlegetett osztagnak &#8211; a vezet\u0151j\u00e9t\u0151l lopta el.<br \/>\n    A Sky News riportere T\u00f6r\u00f6korsz\u00e1gban tal\u00e1lkozott vele. Az illet\u0151 a brit t\u00e9v\u00e9t\u00e1rsas\u00e1g tud\u00f3s\u00edt\u00f3j\u00e1nak elmondta: az Iszl\u00e1m \u00c1llam feladni k\u00e9sz\u00fcl a sz\u00edriai Rakk\u00e1ban ki\u00e9p\u00edtett k\u00f6zponti f\u0151hadisz\u00e1ll\u00e1s\u00e1t, \u00e9s visszah\u00faz\u00f3dik a sz\u00edriai sivatagba, illetve Irakba, ahonnan terjeszked\u00e9se elindult.(MTI)<\/p>\n","protected":false},"excerpt":{"rendered":"<p>Az Iszl\u00e1m \u00c1llam t\u00f6bb t\u00edzezer egykori \u00e9s jelenlegi tagj\u00e1nak szem\u00e9lyes adatai jutottak a Sky News brit h\u00edrtelev\u00edzi\u00f3 birtok\u00e1ba &#8211; \u00e1ll\u00edtja a telev\u00edzi\u00f3.<\/p>\n","protected":false},"author":1,"featured_media":0,"comment_status":"open","ping_status":"closed","sticky":false,"template":"","format":"standard","meta":[],"categories":[16],"tags":[],"_links":{"self":[{"href":"https:\/\/gazdasagportal.hu\/index.php\/wp-json\/wp\/v2\/posts\/76057"}],"collection":[{"href":"https:\/\/gazdasagportal.hu\/index.php\/wp-json\/wp\/v2\/posts"}],"about":[{"href":"https:\/\/gazdasagportal.hu\/index.php\/wp-json\/wp\/v2\/types\/post"}],"author":[{"embeddable":true,"href":"https:\/\/gazdasagportal.hu\/index.php\/wp-json\/wp\/v2\/users\/1"}],"replies":[{"embeddable":true,"href":"https:\/\/gazdasagportal.hu\/index.php\/wp-json\/wp\/v2\/comments?post=76057"}],"version-history":[{"count":1,"href":"https:\/\/gazdasagportal.hu\/index.php\/wp-json\/wp\/v2\/posts\/76057\/revisions"}],"predecessor-version":[{"id":76058,"href":"https:\/\/gazdasagportal.hu\/index.php\/wp-json\/wp\/v2\/posts\/76057\/revisions\/76058"}],"wp:attachment":[{"href":"https:\/\/gazdasagportal.hu\/index.php\/wp-json\/wp\/v2\/media?parent=76057"}],"wp:term":[{"taxonomy":"category","embeddable":true,"href":"https:\/\/gazdasagportal.hu\/index.php\/wp-json\/wp\/v2\/categories?post=76057"},{"taxonomy":"post_tag","embeddable":true,"href":"https:\/\/gazdasagportal.hu\/index.php\/wp-json\/wp\/v2\/tags?post=76057"}],"curies":[{"name":"wp","href":"https:\/\/api.w.org\/{rel}","templated":true}]}}