{"id":76053,"date":"2016-03-10T04:22:54","date_gmt":"2016-03-10T03:22:54","guid":{"rendered":"http:\/\/gazdasagportal.hu\/?p=76053"},"modified":"2016-03-09T21:41:22","modified_gmt":"2016-03-09T20:41:22","slug":"brit-lap-szerint-a-kiralyno-szeretne-ha-nagy-britannia-tavozna-az-europai-uniobol-az-udvar-cafol","status":"publish","type":"post","link":"https:\/\/gazdasagportal.hu\/index.php\/brit-lap-szerint-a-kiralyno-szeretne-ha-nagy-britannia-tavozna-az-europai-uniobol-az-udvar-cafol\/","title":{"rendered":"Brit lap szerint a kir\u00e1lyn\u0151 szeretn\u00e9, ha Nagy-Britannia t\u00e1vozna az Eur\u00f3pai Uni\u00f3b\u00f3l, az udvar c\u00e1fol"},"content":{"rendered":"<p><strong>A legnagyobb brit bulv\u00e1rlap szerdai \u00e9rtes\u00fcl\u00e9se szerint II. Erzs\u00e9bet kir\u00e1lyn\u0151 Brexit-p\u00e1rti, vagyis azt szeretn\u00e9, ha Nagy-Britannia t\u00e1vozna az Eur\u00f3pai Uni\u00f3b\u00f3l. Az udvar szerd\u00e1n indulatos nyilatkozatban utas\u00edtotta vissza az \u00e1ll\u00edt\u00e1st, majd &#8211; szinte p\u00e9ld\u00e1tlan m\u00f3don &#8211; hivatalosan is panaszt tett az illet\u00e9kes sajt\u00f3etikai test\u00fcletn\u00e9l.<\/strong><!--more--><\/p>\n<div class=\"ads-in-post1\"><div id=\"gazdasagportal.hu_fullbanner_wideboard\"><\/div>\r\n<\/div>\n<p>    A The Sun &#8211; Rupert Murdoch ausztr\u00e1l-amerikai m\u00e9diam\u00e1gn\u00e1s glob\u00e1lis sajt\u00f3birodalm\u00e1nak legolvasottabb brit t\u00f6meglapja &#8211; &#8222;k\u00e9t igen j\u00f3l poz\u00edcion\u00e1lt, magas rang\u00fa politikai forr\u00e1sra&#8221; hivatkozva azt \u00edrta, hogy az uralkod\u00f3 m\u00e9g 2011-ben fejtette ki v\u00e9lem\u00e9ny\u00e9t az EU-r\u00f3l egy vacsor\u00e1n, amelyen r\u00e9szt vett Nick Clegg, az akkori konzervat\u00edv-liber\u00e1lis brit korm\u00e1nykoal\u00edci\u00f3 minisztereln\u00f6k-helyettese, a Liber\u00e1lis Demokrat\u00e1k az\u00f3ta lemondott vezet\u0151je.<br \/>\n    A besz\u00e1mol\u00f3 szerint a kir\u00e1lyn\u0151 a windsori kast\u00e9lyban tartott rendezv\u00e9nyen hosszas \u00e9rvel\u00e9ssel adott kifejez\u00e9st annak a v\u00e9lem\u00e9ny\u00e9nek, hogy &#8222;az Eur\u00f3pai Uni\u00f3 rossz ir\u00e1nyba tart&#8221;. A The Sun szerint II. Erzs\u00e9bet ezzel val\u00f3j\u00e1ban &#8222;leteremtette&#8221; Clegget, aki elk\u00f6telezett EU-p\u00e1rti hozz\u00e1\u00e1ll\u00e1s\u00e1r\u00f3l k\u00f6zismert.<br \/>\n    A lap ebb\u0151l azt a k\u00f6vetkeztet\u00e9st vonta le &#8211; \u00e9s ezt hatalmas bet\u0171kkel szedett els\u0151oldalas szerdai f\u0151c\u00edm\u00e9ben is k\u00f6zli -, hogy &#8222;a kir\u00e1lyn\u0151 a Brexitet t\u00e1mogatja&#8221;.<br \/>\n    A Buckingham-palota &#8211; a kir\u00e1lyi csal\u00e1d els\u0151 sz\u00e1m\u00fa londoni rezidenci\u00e1ja \u00e9s hivatala &#8211; szerdai nyilatkozat\u00e1ban k\u00f6z\u00f6lte, hogy a kir\u00e1lyn\u0151 politikailag v\u00e1ltozatlanul semleges \u00e1ll\u00e1spontot k\u00e9pvisel, ugyan\u00fagy, ahogy uralkod\u00e1s\u00e1nak eddigi t\u00f6bb mint hat \u00e9vtized\u00e9ben is tette. A k\u00f6zlem\u00e9ny szerint az udvar \u00e9rdemben nem k\u00edv\u00e1n reag\u00e1lni &#8222;elt\u00e9velyedett \u00e1ll\u00edt\u00e1sokra&#8221;, \u00e9s a brit n\u00e9pre tartozik, hogy az EU-tags\u00e1gr\u00f3l j\u00fanius 23-\u00e1ra ki\u00edrt n\u00e9pszavaz\u00e1son mik\u00e9nt d\u00f6nt.<br \/>\n    A kir\u00e1lyi h\u00e1z sz\u00f3viv\u0151je szerda d\u00e9lut\u00e1n bejelentette azt is, hogy az udvar hivatalos panaszt ny\u00fajtott be a sajt\u00f3etikai norm\u00e1k betartat\u00e1s\u00e1\u00e9rt felel\u0151s f\u00fcggetlen test\u00fclethez (Independent Press Standards Organisation, IPSO) a The Sun \u00edr\u00e1sa miatt.<br \/>\n    A palota illet\u00e9kes\u00e9nek t\u00e1j\u00e9koztat\u00e1sa szerint a panaszt a test\u00fclet \u00e1ltal meghat\u00e1rozott szerkeszt\u00e9si elj\u00e1r\u00e1si normarendszer els\u0151 z\u00e1rad\u00e9ka alapj\u00e1n terjesztett\u00e9k be az IPSO eln\u00f6k\u00e9hez. E z\u00e1rad\u00e9k szerint a sajt\u00f3nak \u00fcgyelnie kell arra, hogy ne k\u00f6z\u00f6lj\u00f6n pontatlan, f\u00e9lrevezet\u0151 vagy eltorz\u00edtott inform\u00e1ci\u00f3t vagy k\u00e9peket, bele\u00e9rtve az olyan f\u0151c\u00edmeket, amelyek tartalm\u00e1t a cikk sz\u00f6vege nem t\u00e1masztja al\u00e1.<br \/>\n    Az IPSO-nak jog\u00e1ban \u00e1ll helyreigaz\u00edt\u00e1sra k\u00f6telezni a bepanaszolt sajt\u00f3term\u00e9ket, k\u00fcl\u00f6n\u00f6sen kir\u00edv\u00f3nak \u00edt\u00e9lt etikai kih\u00e1g\u00e1s eset\u00e9n pedig b\u00edrs\u00e1got is kir\u00f3hat.<br \/>\n    Az ut\u00f3bbi \u00e9vekben nem volt p\u00e9lda arra, hogy az udvar ilyen er\u0151teljes v\u00e1laszl\u00e9p\u00e9st tegyen a brit sajt\u00f3 valamely org\u00e1num\u00e1val szemben egy kifog\u00e1solt cikk miatt.<br \/>\n    Nick Clegg, aki a Liber\u00e1lis Demokrat\u00e1k rendk\u00edv\u00fcl gyenge tavalyi v\u00e1laszt\u00e1si eredm\u00e9nye ut\u00e1n t\u00e1vozott a p\u00e1rt \u00e9l\u00e9r\u0151l &#8211; j\u00f3llehet tov\u00e1bbra is az als\u00f3h\u00e1z tagja a liber\u00e1lisok k\u00e9pviselet\u00e9ben -, szerdai Twitter-\u00fczenet\u00e9ben maga is &#8222;k\u00e9ptelens\u00e9gnek&#8221; nevezte a The Sun cikk\u00e9ben foglaltakat, \u00e9s k\u00f6z\u00f6lte, hogy ezt meg is mondta az \u00edr\u00e1st jegyz\u0151 \u00fajs\u00e1g\u00edr\u00f3nak. &#8222;Nem eml\u00e9kszem, hogy ilyen t\u00f6rt\u00e9nt volna, m\u00e1rpedig ez nem olyasmi, amit elfelejten\u00e9k&#8221; &#8211; tette hozz\u00e1.<br \/>\n    A brit politikai protokoll teljes semlegess\u00e9get k\u00f6vetel az uralkod\u00f3t\u00f3l \u00e9s a kir\u00e1lyi csal\u00e1d m\u00e1s magas rang\u00fa tagjait\u00f3l sarkalatos bel- \u00e9s k\u00fclpolitikai k\u00e9rd\u00e9sekben. Az elm\u00falt \u00e9vekben azonban el\u0151fordultak olyan epiz\u00f3dok, amikor a kir\u00e1lyn\u0151 egy-egy kijelent\u00e9s\u00e9t a sajt\u00f3 alig burkolt \u00e1ll\u00e1sfoglal\u00e1sk\u00e9nt \u00e9rt\u00e9kelte az adott \u00fcgyben.<br \/>\n    A sk\u00f3t f\u00fcggetlens\u00e9gr\u0151l 2014 szeptember\u00e9ben tartott n\u00e9pszavaz\u00e1s el\u0151tt nem sokkal az uralkod\u00f3 p\u00e9ld\u00e1ul kifejez\u00e9st adott annak a rem\u00e9ny\u00e9nek, hogy a sk\u00f3t v\u00e1laszt\u00f3k &#8222;nagyon gondosan m\u00e9rlegelik a j\u00f6v\u0151t&#8221;, amikor arr\u00f3l d\u00f6ntenek, hogy mik\u00e9pp szavaznak a referendumon.<br \/>\n    A megjegyz\u00e9s keltette \u00f3ri\u00e1si felt\u0171n\u00e9s nyom\u00e1n a Buckingham-palota m\u00e1r aznap k\u00fcl\u00f6n k\u00f6zlem\u00e9nyt adott ki, hangs\u00falyozva, hogy II. Erzs\u00e9bet kir\u00e1lyn\u0151 e megjegyz\u00e9ssel nem s\u00e9rtette meg a belpolitikai k\u00e9rd\u00e9sekben t\u0151le elv\u00e1rt semlegess\u00e9get.<br \/>\n    A sk\u00f3ciai n\u00e9pszavaz\u00e1son a f\u00fcggetlenn\u00e9 v\u00e1l\u00e1st ellenz\u0151 t\u00e1bor ker\u00fclt t\u00f6bbs\u00e9gbe.(MTI)<\/p>\n","protected":false},"excerpt":{"rendered":"<p>A legnagyobb brit bulv\u00e1rlap szerdai \u00e9rtes\u00fcl\u00e9se szerint II. Erzs\u00e9bet kir\u00e1lyn\u0151 Brexit-p\u00e1rti, vagyis azt szeretn\u00e9, ha Nagy-Britannia t\u00e1vozna az Eur\u00f3pai Uni\u00f3b\u00f3l. Az udvar szerd\u00e1n indulatos nyilatkozatban utas\u00edtotta vissza az \u00e1ll\u00edt\u00e1st, majd &#8211; szinte p\u00e9ld\u00e1tlan m\u00f3don &#8211; hivatalosan is panaszt tett az illet\u00e9kes sajt\u00f3etikai test\u00fcletn\u00e9l.<\/p>\n","protected":false},"author":1,"featured_media":0,"comment_status":"open","ping_status":"closed","sticky":false,"template":"","format":"standard","meta":[],"categories":[12],"tags":[],"_links":{"self":[{"href":"https:\/\/gazdasagportal.hu\/index.php\/wp-json\/wp\/v2\/posts\/76053"}],"collection":[{"href":"https:\/\/gazdasagportal.hu\/index.php\/wp-json\/wp\/v2\/posts"}],"about":[{"href":"https:\/\/gazdasagportal.hu\/index.php\/wp-json\/wp\/v2\/types\/post"}],"author":[{"embeddable":true,"href":"https:\/\/gazdasagportal.hu\/index.php\/wp-json\/wp\/v2\/users\/1"}],"replies":[{"embeddable":true,"href":"https:\/\/gazdasagportal.hu\/index.php\/wp-json\/wp\/v2\/comments?post=76053"}],"version-history":[{"count":1,"href":"https:\/\/gazdasagportal.hu\/index.php\/wp-json\/wp\/v2\/posts\/76053\/revisions"}],"predecessor-version":[{"id":76054,"href":"https:\/\/gazdasagportal.hu\/index.php\/wp-json\/wp\/v2\/posts\/76053\/revisions\/76054"}],"wp:attachment":[{"href":"https:\/\/gazdasagportal.hu\/index.php\/wp-json\/wp\/v2\/media?parent=76053"}],"wp:term":[{"taxonomy":"category","embeddable":true,"href":"https:\/\/gazdasagportal.hu\/index.php\/wp-json\/wp\/v2\/categories?post=76053"},{"taxonomy":"post_tag","embeddable":true,"href":"https:\/\/gazdasagportal.hu\/index.php\/wp-json\/wp\/v2\/tags?post=76053"}],"curies":[{"name":"wp","href":"https:\/\/api.w.org\/{rel}","templated":true}]}}