{"id":76051,"date":"2016-03-10T05:35:11","date_gmt":"2016-03-10T04:35:11","guid":{"rendered":"http:\/\/gazdasagportal.hu\/?p=76051"},"modified":"2016-03-09T21:35:57","modified_gmt":"2016-03-09T20:35:57","slug":"nemetorszagban-az-idei-legmagasabbra-emelkedett-angela-merkel-tamogatottsaga","status":"publish","type":"post","link":"https:\/\/gazdasagportal.hu\/index.php\/nemetorszagban-az-idei-legmagasabbra-emelkedett-angela-merkel-tamogatottsaga\/","title":{"rendered":"N\u00e9metorsz\u00e1gban az idei legmagasabbra emelkedett Angela Merkel t\u00e1mogatotts\u00e1ga"},"content":{"rendered":"<p><strong>N\u00e9metorsz\u00e1gban az idei legmagasabbra emelkedett Angela Merkel kancell\u00e1r t\u00e1mogatotts\u00e1ga, p\u00e1rtja azonban nem profit\u00e1l szem\u00e9lyes n\u00e9pszer\u0171s\u00e9g\u00e9nek n\u00f6veked\u00e9s\u00e9b\u0151l &#8211; mutatta ki egy szerd\u00e1n ismertetett felm\u00e9r\u00e9s.<\/strong><!--more--><\/p>\n<div class=\"ads-in-post1\"><div id=\"gazdasagportal.hu_fullbanner_wideboard\"><\/div>\r\n<\/div>\n<p>    A Forsa k\u00f6zv\u00e9lem\u00e9ny-kutat\u00f3 int\u00e9zet adatai szerint a n\u00e9metek 50 sz\u00e1zal\u00e9ka Angela Merkelre szavazna, ha k\u00f6zvetlen\u00fcl lehetne kancell\u00e1rt v\u00e1lasztani. Ez 2 sz\u00e1zal\u00e9kpontos emelked\u00e9s az egy h\u00e9ttel kor\u00e1bbihoz k\u00e9pest \u00e9s a legnagyobb \u00e9rt\u00e9k 2016-ban, de elmarad a menek\u00fcltv\u00e1ls\u00e1g elm\u00e9ly\u00fcl\u00e9se el\u0151tt, tavaly j\u00faliusban regisztr\u00e1lt 56 sz\u00e1zal\u00e9kt\u00f3l.<br \/>\n    Angela Merkel n\u00e9pszer\u0171s\u00e9ge t\u00f6bb m\u00e1s k\u00f6zv\u00e9lem\u00e9ny-kutat\u00f3 int\u00e9zet adatai szerint is emelked\u00e9snek indult az ut\u00f3bbi hetekben. P\u00e1rtja, a Kereszt\u00e9nydemokrata Uni\u00f3 (CDU) \u00e9s a bajor testv\u00e9rp\u00e1rt, a Kereszt\u00e9nyszoci\u00e1lis Uni\u00f3 (CSU) sz\u00f6vets\u00e9ge nem profit\u00e1l ebb\u0151l a folyamatb\u00f3l, de t\u00e1mogatotts\u00e1g\u00e1nak a menek\u00fcltv\u00e1ls\u00e1g elm\u00e9ly\u00fcl\u00e9s\u00e9vel megindult cs\u00f6kken\u00e9se a legt\u00f6bb int\u00e9zet m\u00e9r\u00e9sei szerint meg\u00e1llt. A p\u00e1rtsz\u00f6vets\u00e9g orsz\u00e1gos t\u00e1mogatotts\u00e1ga a Forsa adatai alapj\u00e1n negyedik hete 35 sz\u00e1zal\u00e9kos.<br \/>\n    A CDU\/CSU ut\u00e1n a m\u00e1sodik helyen a koal\u00edci\u00f3s t\u00e1rs szoci\u00e1ldemokrata p\u00e1rt (SPD) \u00e1ll, amely a szavazatok 23 sz\u00e1zal\u00e9k\u00e1t szerezn\u00e9 meg, ha most vas\u00e1rnap lenne a sz\u00f6vets\u00e9gi parlamenti (Bundestag-) v\u00e1laszt\u00e1s, ami 1 sz\u00e1zal\u00e9kpontos gyeng\u00fcl\u00e9s az egy h\u00e9ttel kor\u00e1bbihoz k\u00e9pest.<br \/>\n    A Bundestag ellenz\u00e9ki oldal\u00e1n a Baloldal 1 sz\u00e1zal\u00e9kponttal gyeng\u00fclve 10 sz\u00e1zal\u00e9kon, a Z\u00f6ldek 1 sz\u00e1zal\u00e9kponttal er\u0151s\u00f6dve 11 sz\u00e1zal\u00e9kon \u00e1llnak. Bejutna a Bundestagba a negyedik hete 6 sz\u00e1zal\u00e9kon \u00e1ll\u00f3 liber\u00e1lis Szabad Demokrata P\u00e1rt (FDP) is, valamint a legt\u00f6bb politikai elemz\u0151 besorol\u00e1sa szerint jobboldali populista Alternat\u00edva N\u00e9metorsz\u00e1gnak (AfD), amely az egy h\u00e9ttel kor\u00e1bbi 9 sz\u00e1zal\u00e9k ut\u00e1n most 10 sz\u00e1zal\u00e9kon \u00e1ll.<br \/>\n    Az AfD vas\u00e1rnap az eddigi \u00f6t ut\u00e1n v\u00e1rhat\u00f3an tov\u00e1bbi h\u00e1rom tartom\u00e1nyi gy\u0171l\u00e9sbe (Landtag) is beker\u00fcl. A Baden-W\u00fcrttembergben, a szint\u00e9n az orsz\u00e1g nyugati r\u00e9sz\u00e9n fekv\u0151 Rajna-vid\u00e9k-Pfalzban, valamint az orsz\u00e1g keleti r\u00e9sz\u00e9n, a volt NDK ter\u00fclet\u00e9n fekv\u0151 Sz\u00e1sz-Anhaltban tartand\u00f3 helyi t\u00f6rv\u00e9nyhoz\u00e1si v\u00e1laszt\u00e1son a legut\u00f3bbi m\u00e9r\u00e9sek szerint messze az 5 sz\u00e1zal\u00e9kos k\u00fcsz\u00f6b f\u00f6l\u00f6tt teljes\u00edt majd, Baden W\u00fcrttembergben a szavazatok 11 sz\u00e1zal\u00e9k\u00e1t, Rajna-vid\u00e9k-Pfalzban a szavazatok 9 sz\u00e1zal\u00e9k\u00e1t, Sz\u00e1sz-Anhaltban a szavazatok 19 sz\u00e1zal\u00e9k\u00e1t szerezheti meg.(MTI)<\/p>\n","protected":false},"excerpt":{"rendered":"<p>N\u00e9metorsz\u00e1gban az idei legmagasabbra emelkedett Angela Merkel kancell\u00e1r t\u00e1mogatotts\u00e1ga, p\u00e1rtja azonban nem profit\u00e1l szem\u00e9lyes n\u00e9pszer\u0171s\u00e9g\u00e9nek n\u00f6veked\u00e9s\u00e9b\u0151l &#8211; mutatta ki egy szerd\u00e1n ismertetett felm\u00e9r\u00e9s.<\/p>\n","protected":false},"author":1,"featured_media":0,"comment_status":"open","ping_status":"closed","sticky":false,"template":"","format":"standard","meta":[],"categories":[12],"tags":[],"_links":{"self":[{"href":"https:\/\/gazdasagportal.hu\/index.php\/wp-json\/wp\/v2\/posts\/76051"}],"collection":[{"href":"https:\/\/gazdasagportal.hu\/index.php\/wp-json\/wp\/v2\/posts"}],"about":[{"href":"https:\/\/gazdasagportal.hu\/index.php\/wp-json\/wp\/v2\/types\/post"}],"author":[{"embeddable":true,"href":"https:\/\/gazdasagportal.hu\/index.php\/wp-json\/wp\/v2\/users\/1"}],"replies":[{"embeddable":true,"href":"https:\/\/gazdasagportal.hu\/index.php\/wp-json\/wp\/v2\/comments?post=76051"}],"version-history":[{"count":1,"href":"https:\/\/gazdasagportal.hu\/index.php\/wp-json\/wp\/v2\/posts\/76051\/revisions"}],"predecessor-version":[{"id":76052,"href":"https:\/\/gazdasagportal.hu\/index.php\/wp-json\/wp\/v2\/posts\/76051\/revisions\/76052"}],"wp:attachment":[{"href":"https:\/\/gazdasagportal.hu\/index.php\/wp-json\/wp\/v2\/media?parent=76051"}],"wp:term":[{"taxonomy":"category","embeddable":true,"href":"https:\/\/gazdasagportal.hu\/index.php\/wp-json\/wp\/v2\/categories?post=76051"},{"taxonomy":"post_tag","embeddable":true,"href":"https:\/\/gazdasagportal.hu\/index.php\/wp-json\/wp\/v2\/tags?post=76051"}],"curies":[{"name":"wp","href":"https:\/\/api.w.org\/{rel}","templated":true}]}}