{"id":76049,"date":"2016-03-10T04:44:03","date_gmt":"2016-03-10T03:44:03","guid":{"rendered":"http:\/\/gazdasagportal.hu\/?p=76049"},"modified":"2016-03-09T21:34:53","modified_gmt":"2016-03-09T20:34:53","slug":"europa-az-eddigi-legnagyobb-valsagat-eli","status":"publish","type":"post","link":"https:\/\/gazdasagportal.hu\/index.php\/europa-az-eddigi-legnagyobb-valsagat-eli\/","title":{"rendered":"Eur\u00f3pa az eddigi legnagyobb v\u00e1ls\u00e1g\u00e1t \u00e9li"},"content":{"rendered":"<p><strong>Edmund Stoiber volt bajor minisztereln\u00f6k szerint Eur\u00f3pa az eddigi legnagyobb v\u00e1ls\u00e1g\u00e1t \u00e9li meg a menek\u00fcltek miatt, \u00e9s ennek a kih\u00edv\u00e1snak csak egy\u00fctt, k\u00f6z\u00f6sen lehet megfelelni. <\/strong><!--more--><\/p>\n<div class=\"ads-in-post1\"><div id=\"gazdasagportal.hu_fullbanner_wideboard\"><\/div>\r\n<\/div>\n<p>    Bajorosz\u00e1g volt korm\u00e1nyf\u0151je szerd\u00e1n az Andr\u00e1ssy Gyula Budapesti N\u00e9met Nyelv\u0171 Egyetem Mert a vil\u00e1g v\u00e1ltozik c\u00edm\u0171 k\u00f6nyv\u00e9nek bemutat\u00f3ja ut\u00e1n tartott p\u00f3diumbesz\u00e9lget\u00e9sen azt mondta: a kelet-eur\u00f3pai orsz\u00e1goknak ugyan m\u00e1s a hozz\u00e1\u00e1ll\u00e1suk a menek\u00fcltk\u00e9rd\u00e9shez, mint nyugat-eur\u00f3pai partnereiknek, de nem engedhet\u0151 meg, hogy ez t\u00f6r\u00e9st okozzon az Eur\u00f3pai Uni\u00f3ban.<br \/>\n    A tov\u00e1bbiakban a migr\u00e1ci\u00f3r\u00f3l sz\u00f3lva \u00fagy fogalmazott: Magyarorsz\u00e1g &#8222;neh\u00e9z partner, a maga \u00fatj\u00e1n j\u00e1r&#8221;, ez\u00e9rt &#8222;nem lehet \u00fagy megszel\u00edd\u00edteni, hogy dikt\u00e1lnak neki &#8211; ehelyett meg kell gy\u0151zni&#8221;.<br \/>\n    T\u00f6r\u00f6korsz\u00e1got Edmund Stoiber nagyon fontos partnernek nevezte, Ankara n\u00e9lk\u00fcl a helyzetet nem lehet megoldani, sz\u00fcks\u00e9g van r\u00e1, akkor is, ha a megegyez\u00e9s neh\u00e9z \u00e9s sok\u00e1ig tart &#8211; jelentette ki.     Azt mondta: a menek\u00fcltek, b\u00e1rhonnan j\u00f6nnek is, biztons\u00e1gos \u00e9letet keresnek, Eur\u00f3pa pedig rem\u00e9nysug\u00e1r nekik, mert otthon m\u00e1r nem a szomsz\u00e9djukhoz viszony\u00edtj\u00e1k magukat, hanem azokhoz, akiknek l\u00e1that\u00f3an jobb soruk van Eur\u00f3p\u00e1ban.<br \/>\n    Magyarorsz\u00e1gr\u00f3l azt mondta, 1989-ben hihetetlen\u00fcl b\u00e1tor volt, a n\u00e9met \u00fajraegyes\u00edt\u00e9s Magyarorsz\u00e1gr\u00f3l indult, amit nem szabad elfelejteni.<br \/>\n    Balog Zolt\u00e1n, az emberi er\u0151forr\u00e1sok minisztere, a Polg\u00e1ri Magyarorsz\u00e1g\u00e9rt Alap\u00edtv\u00e1ny kurat\u00f3riumi eln\u00f6ke a d\u00e9li hat\u00e1ron \u00e9p\u00fclt ker\u00edt\u00e9sr\u0151l azt mondta, a ker\u00edt\u00e9s nem sz\u00e9p dolog a kor\u00e1bban nyitott \u00e9s szabad hat\u00e1ron, de fontos tudatos\u00edtani, hogy ez csak sz\u00fcks\u00e9gmegold\u00e1s, \u00f3vint\u00e9zked\u00e9s. Hozz\u00e1tette, a ker\u00edt\u00e9sen vannak kapuk, amelyeken leg\u00e1lisan be lehet l\u00e9pni, \u00e9s mened\u00e9kk\u00e9relmeket beny\u00fajtani, \u00edgy van ez Magyarorsz\u00e1gon is.<br \/>\n    Hangs\u00falyozta, Magyarorsz\u00e1g most ugyanazokat az \u00e9rt\u00e9keket v\u00e9di, mint amelyek\u00e9rt 1989-ben ki\u00e1llt az NDK-s menek\u00fcltek el\u0151tti hat\u00e1rnyit\u00e1skor, vagyis a biztons\u00e1got, a jogot \u00e9s a szabads\u00e1got.<br \/>\n    Balog Zolt\u00e1n azt mondta, az ENSZ becsl\u00e9sei szerint a k\u00f6vetkez\u0151 \u00e9vekben ak\u00e1r 35 milli\u00f3 ember \u00e9rkezhet Eur\u00f3p\u00e1ba szerte a vil\u00e1gb\u00f3l, \u00e9s ezzel a kontinens nem tud egyed\u00fcl megbirk\u00f3zni, nemzetk\u00f6zi megold\u00e1sra van sz\u00fcks\u00e9g. De ha ez lassan j\u00f6n l\u00e9tre vagy elmarad, akkor \u00e1tmenetileg nemzeti megold\u00e1sok kellenek. Magyarorsz\u00e1g is erre k\u00e9nyszer\u00fclt a biztons\u00e1ga \u00e9rdek\u00e9ben &#8211; f\u0171zte hozz\u00e1.<br \/>\n    A miniszter arr\u00f3l is besz\u00e9lt, hogy Magyarorsz\u00e1gon a politikusok &#8211; \u00e9s benyom\u00e1sa szerint az emberek t\u00f6bbs\u00e9ge &#8211; nem akarnak olyan viszonyokat, mint amilyenek p\u00e9ld\u00e1ul Franciaorsz\u00e1gban, P\u00e1rizs egyes k\u00fclv\u00e1rosaiban kialakultak, ahol \u00fagy t\u0171nik, megbukik a multikulturalizmus, \u00e9s ez\u00e9rt megoldhatatlan probl\u00e9m\u00e1kkal szembes\u00fclnek.(MTI)<\/p>\n","protected":false},"excerpt":{"rendered":"<p>Edmund Stoiber volt bajor minisztereln\u00f6k szerint Eur\u00f3pa az eddigi legnagyobb v\u00e1ls\u00e1g\u00e1t \u00e9li meg a menek\u00fcltek miatt, \u00e9s ennek a kih\u00edv\u00e1snak csak egy\u00fctt, k\u00f6z\u00f6sen lehet megfelelni.<\/p>\n","protected":false},"author":1,"featured_media":0,"comment_status":"open","ping_status":"closed","sticky":false,"template":"","format":"standard","meta":[],"categories":[12],"tags":[],"_links":{"self":[{"href":"https:\/\/gazdasagportal.hu\/index.php\/wp-json\/wp\/v2\/posts\/76049"}],"collection":[{"href":"https:\/\/gazdasagportal.hu\/index.php\/wp-json\/wp\/v2\/posts"}],"about":[{"href":"https:\/\/gazdasagportal.hu\/index.php\/wp-json\/wp\/v2\/types\/post"}],"author":[{"embeddable":true,"href":"https:\/\/gazdasagportal.hu\/index.php\/wp-json\/wp\/v2\/users\/1"}],"replies":[{"embeddable":true,"href":"https:\/\/gazdasagportal.hu\/index.php\/wp-json\/wp\/v2\/comments?post=76049"}],"version-history":[{"count":1,"href":"https:\/\/gazdasagportal.hu\/index.php\/wp-json\/wp\/v2\/posts\/76049\/revisions"}],"predecessor-version":[{"id":76050,"href":"https:\/\/gazdasagportal.hu\/index.php\/wp-json\/wp\/v2\/posts\/76049\/revisions\/76050"}],"wp:attachment":[{"href":"https:\/\/gazdasagportal.hu\/index.php\/wp-json\/wp\/v2\/media?parent=76049"}],"wp:term":[{"taxonomy":"category","embeddable":true,"href":"https:\/\/gazdasagportal.hu\/index.php\/wp-json\/wp\/v2\/categories?post=76049"},{"taxonomy":"post_tag","embeddable":true,"href":"https:\/\/gazdasagportal.hu\/index.php\/wp-json\/wp\/v2\/tags?post=76049"}],"curies":[{"name":"wp","href":"https:\/\/api.w.org\/{rel}","templated":true}]}}