{"id":76047,"date":"2016-03-10T04:04:19","date_gmt":"2016-03-10T03:04:19","guid":{"rendered":"http:\/\/gazdasagportal.hu\/?p=76047"},"modified":"2016-03-09T21:31:38","modified_gmt":"2016-03-09T20:31:38","slug":"tiltakozo-autosok-zartak-le-az-ukran-szlovak-kozuti-hataratkelohelyeket-karpataljan","status":"publish","type":"post","link":"https:\/\/gazdasagportal.hu\/index.php\/tiltakozo-autosok-zartak-le-az-ukran-szlovak-kozuti-hataratkelohelyeket-karpataljan\/","title":{"rendered":"Tiltakoz\u00f3 aut\u00f3sok z\u00e1rt\u00e1k le az ukr\u00e1n-szlov\u00e1k k\u00f6z\u00fati hat\u00e1r\u00e1tkel\u0151helyeket K\u00e1rp\u00e1talj\u00e1n"},"content":{"rendered":"<p><strong>K\u00fclf\u00f6ld\u00f6n regisztr\u00e1lt aut\u00f3k tulajdonosai vett\u00e9k blok\u00e1d al\u00e1 szerd\u00e1n K\u00e1rp\u00e1talj\u00e1n az Ukrajna \u00e9s Szlov\u00e1kia k\u00f6z\u00f6tti k\u00e9t k\u00f6z\u00fati hat\u00e1r\u00e1tkel\u0151helyet Ungv\u00e1ron \u00e9s Nagyberezn\u00e1n, tiltakoz\u00e1sul amiatt, hogy az Ukr\u00e1n \u00c1llami P\u00e9nz\u00fcgyi Szolg\u00e1lat (DFSZU) a jelenlegi \u00f6t helyett h\u00e1rom napra akarja cs\u00f6kkenteni a k\u00fclf\u00f6ldi rendsz\u00e1m\u00fa aut\u00f3k orsz\u00e1gban tart\u00f3zkod\u00e1s\u00e1ra enged\u00e9lyezett id\u0151szakot.<\/strong><!--more--><\/p>\n<div class=\"ads-in-post1\"><div id=\"gazdasagportal.hu_fullbanner_wideboard\"><\/div>\r\n<\/div>\n<p>    A k\u00fclf\u00f6ldi rendsz\u00e1m\u00fa szem\u00e9lyg\u00e9pkocsikkal k\u00f6zleked\u0151 k\u00e1rp\u00e1taljai aut\u00f3sok eredetileg t\u00fcntet\u00e9st jelentettek be szerd\u00e1ra az ungv\u00e1ri futballstadion el\u0151tti t\u00e9rre, hogy tiltakozzanak a DSZFU korl\u00e1toz\u00f3 int\u00e9zked\u00e9se \u00e9s az ukr\u00e1n v\u00e1mszerveknek a k\u00fclf\u00f6ldi regisztr\u00e1ci\u00f3j\u00fa aut\u00f3k tulajdonosaival szemben \u00fajabban alkalmazott szigor\u00fabb fell\u00e9p\u00e9se ellen. A stadionn\u00e1l \u00f6sszegy\u0171lt t\u00f6bb mint sz\u00e1z aut\u00f3s k\u00e9s\u0151bb \u00fagy d\u00f6nt\u00f6tt, hogy k\u00f6vetel\u00e9seinek az Ungv\u00e1r-Fels\u0151n\u00e9meti hat\u00e1r\u00e1tkel\u0151hely ukr\u00e1n oldal\u00e1nak hat\u00e1rid\u0151 n\u00e9lk\u00fcli teljes lez\u00e1r\u00e1s\u00e1val ad nyomat\u00e9kot &#8211; adt\u00e1k h\u00edr\u00fcl k\u00e1rp\u00e1taljai h\u00edrport\u00e1lok.<br \/>\n    A jelent\u00e9sek szerint a d\u00e9lut\u00e1ni \u00f3r\u00e1kban a tiltakoz\u00f3k Ungv\u00e1ron mintegy sz\u00e1z aut\u00f3val hermetikusan lez\u00e1rt\u00e1k a hat\u00e1r\u00e1tkel\u0151helyre vezet\u0151 \u00fat mindk\u00e9t s\u00e1vj\u00e1t. A t\u00fcntet\u00e9s egyik szervez\u0151je, Pavlo Bileckij ungv\u00e1ri \u00fajs\u00e1g\u00edr\u00f3 bejelentette, hogy a tiltakoz\u00e1ssal addig nem hagynak fel, am\u00edg az \u00e1llamhatalom r\u00e9sz\u00e9r\u0151l nem kapnak megfelel\u0151 biztos\u00edt\u00e9kot arra, hogy a vonatkoz\u00f3 t\u00f6rv\u00e9nyek m\u00f3dos\u00edt\u00e1s\u00e1val civiliz\u00e1lt m\u00f3don orvosolj\u00e1k a k\u00e1rp\u00e1taljai lakosok tulajdon\u00e1ban l\u00e9v\u0151 k\u00fclf\u00f6ldi regisztr\u00e1ci\u00f3j\u00fa szem\u00e9lyg\u00e9pkocsik haszn\u00e1lat\u00e1nak probl\u00e9m\u00e1j\u00e1t. Hozz\u00e1tette, hogy a hat\u00f3s\u00e1gok elfogadhat\u00f3 \u00edg\u00e9rete eset\u00e9n a tiltakoz\u00f3k hazamennek, j\u00f3llehet &#8211; mint mondta &#8211; van egy kem\u00e9ny mag, amely s\u00e1torver\u00e9sre k\u00e9sz\u00fcl a hat\u00e1r\u00e1tkel\u0151n\u00e9l.<br \/>\n    K\u00fclf\u00f6ldi rendsz\u00e1m\u00fa szem\u00e9lyg\u00e9pkocsival k\u00f6zleked\u0151 k\u00e1rp\u00e1taljai aut\u00f3sok egy csoportja k\u00e9s\u0151 d\u00e9lut\u00e1n lez\u00e1rta a Nagyberezna-Ublja hat\u00e1r\u00e1tkel\u0151t is, \u00edgy Ukrajn\u00e1b\u00f3l k\u00f6z\u00faton csak m\u00e1s orsz\u00e1gokon kereszt\u00fcl lehet eljutni Szlov\u00e1ki\u00e1ba &#8211; k\u00f6z\u00f6lte a Zakarpattya.net.ua k\u00e1rp\u00e1taljai h\u00edrport\u00e1l. A tiltakoz\u00f3k azt k\u00f6vetelik, hogy a hat\u00f3s\u00e1gok enged\u00e9lyezz\u00e9k a k\u00fclf\u00f6ld\u00f6n regisztr\u00e1lt aut\u00f3k huzamos ideig tart\u00f3 ukrajnai tart\u00f3zkod\u00e1s\u00e1t, \u00e9s az adott k\u00e9rd\u00e9sben alkalmazz\u00e1k az eur\u00f3pai norm\u00e1kat.<br \/>\n    A Mukachevo.net.ua munk\u00e1csi h\u00edrport\u00e1l az ukr\u00e1n hat\u00e1r\u0151rs\u00e9g helyi k\u00f6zpontj\u00e1nak k\u00f6zl\u00e9s\u00e9re hivatkozva azt \u00edrta, hogy t\u00fcntet\u0151 aut\u00f3sok szerd\u00e1n kora este a t\u00e9cs\u0151i j\u00e1r\u00e1sbeli Aknaszlatin\u00e1n is lez\u00e1rt\u00e1k az ukr\u00e1n-rom\u00e1n k\u00f6z\u00fati \u00e1tkel\u0151helyet. A cikk szerint a tiltakoz\u00f3k k\u00f6vetel\u00e9sei megegyeznek ungv\u00e1ri \u00e9s nagybereznai t\u00e1rsaik\u00e9ival.<br \/>\n    K\u00e1rp\u00e1talj\u00e1n \u00e9vek \u00f3ta gondot okoz, hogy a hat\u00f3s\u00e1gok id\u0151r\u0151l id\u0151re korl\u00e1toz\u00f3 int\u00e9zked\u00e9seket pr\u00f3b\u00e1lnak alkalmazni a k\u00fclf\u00f6ldi &#8211; szlov\u00e1k, magyar, cseh, lengyel \u00e9s rom\u00e1n &#8211; rendsz\u00e1mmal k\u00f6zleked\u0151, a szem\u00e9lyg\u00e9pkocsi-\u00e1llom\u00e1ny becsl\u00e9sek szerint t\u00f6bb mint 30 sz\u00e1zal\u00e9k\u00e1t kitev\u0151 aut\u00f3k tulajdonosaival szemben. T\u00e9ny, hogy egyes hat\u00e1r menti k\u00e1rp\u00e1taljai telep\u00fcl\u00e9seken imm\u00e1r alig l\u00e1that\u00f3 ukr\u00e1n rendsz\u00e1m\u00fa szem\u00e9lyaut\u00f3.<br \/>\n    Az ukrajnai megye lakosai kihaszn\u00e1lj\u00e1k azt a lehet\u0151s\u00e9get, hogy a szomsz\u00e9dos eur\u00f3pai uni\u00f3s orsz\u00e1gokban az ukrajnaiakn\u00e1l sokkal olcs\u00f3bbak \u00e9s jobb min\u0151s\u00e9g\u0171ek a haszn\u00e1lt szem\u00e9lyg\u00e9pkocsik. A K\u00e1rp\u00e1talj\u00e1ra bevitt \u00e9s ott haszn\u00e1lt j\u00e1rm\u0171veket a tulajdonosaik nem regisztr\u00e1ltatj\u00e1k Ukrajn\u00e1ban a nagyon magas importv\u00e1m miatt, ink\u00e1bb &#8211; a hat\u00e1lyos jogszab\u00e1lyok k\u00f6vetelm\u00e9nyeinek megfelel\u0151en &#8211; \u00f6tnaponta \u00e1tl\u00e9pik vel\u00fck az \u00e1llamhat\u00e1rt. Bevett szok\u00e1s az aut\u00f3sok k\u00f6r\u00e9ben, hogy a k\u00f6telez\u0151 hat\u00e1r\u00e1tl\u00e9p\u00e9s idej\u00e9t az akad\u00e1lyoztat\u00e1sukr\u00f3l sz\u00f3l\u00f3 orvosi vagy m\u0171szaki igazol\u00e1s hat\u00e1ron val\u00f3 felmutat\u00e1s\u00e1val hosszabb\u00edtj\u00e1k meg. A k\u00fclf\u00f6ldi rendsz\u00e1mmal k\u00f6zleked\u0151 aut\u00f3sok mostani tiltakoz\u00e1s\u00e1nak egyik f\u0151 oka az, hogy az ut\u00f3bbi napokban az ukr\u00e1n v\u00e1mhat\u00f3s\u00e1g nem veszi figyelembe az ilyen igazol\u00e1sokat.<br \/>\n    A Magyarorsz\u00e1gon regisztr\u00e1lt szem\u00e9lyg\u00e9pkocsikat haszn\u00e1l\u00f3, kett\u0151s \u00e1llampolg\u00e1rs\u00e1ggal rendelkez\u0151 k\u00e1rp\u00e1taljai magyarokat nem \u00e9rintik az ukrajnai korl\u00e1toz\u00f3 int\u00e9zked\u00e9sek, mivel nekik &#8211; a megfelel\u0151 okm\u00e1nyok megl\u00e9t\u00e9nek k\u00f6sz\u00f6nhet\u0151en &#8211; j\u00f3val ritk\u00e1bban kell \u00e1tl\u00e9pni\u00fck az \u00e1llamhat\u00e1rt. Ez\u00e9rt nincsenek az ukr\u00e1n-magyar hat\u00e1ron hasonl\u00f3 tiltakoz\u00f3 akci\u00f3k.(MTI) <\/p>\n","protected":false},"excerpt":{"rendered":"<p>K\u00fclf\u00f6ld\u00f6n regisztr\u00e1lt aut\u00f3k tulajdonosai vett\u00e9k blok\u00e1d al\u00e1 szerd\u00e1n K\u00e1rp\u00e1talj\u00e1n az Ukrajna \u00e9s Szlov\u00e1kia k\u00f6z\u00f6tti k\u00e9t k\u00f6z\u00fati hat\u00e1r\u00e1tkel\u0151helyet Ungv\u00e1ron \u00e9s Nagyberezn\u00e1n, tiltakoz\u00e1sul amiatt, hogy az Ukr\u00e1n \u00c1llami P\u00e9nz\u00fcgyi Szolg\u00e1lat (DFSZU) a jelenlegi \u00f6t helyett h\u00e1rom napra akarja cs\u00f6kkenteni a k\u00fclf\u00f6ldi rendsz\u00e1m\u00fa aut\u00f3k orsz\u00e1gban tart\u00f3zkod\u00e1s\u00e1ra enged\u00e9lyezett id\u0151szakot.<\/p>\n","protected":false},"author":1,"featured_media":0,"comment_status":"open","ping_status":"closed","sticky":false,"template":"","format":"standard","meta":[],"categories":[12],"tags":[],"_links":{"self":[{"href":"https:\/\/gazdasagportal.hu\/index.php\/wp-json\/wp\/v2\/posts\/76047"}],"collection":[{"href":"https:\/\/gazdasagportal.hu\/index.php\/wp-json\/wp\/v2\/posts"}],"about":[{"href":"https:\/\/gazdasagportal.hu\/index.php\/wp-json\/wp\/v2\/types\/post"}],"author":[{"embeddable":true,"href":"https:\/\/gazdasagportal.hu\/index.php\/wp-json\/wp\/v2\/users\/1"}],"replies":[{"embeddable":true,"href":"https:\/\/gazdasagportal.hu\/index.php\/wp-json\/wp\/v2\/comments?post=76047"}],"version-history":[{"count":1,"href":"https:\/\/gazdasagportal.hu\/index.php\/wp-json\/wp\/v2\/posts\/76047\/revisions"}],"predecessor-version":[{"id":76048,"href":"https:\/\/gazdasagportal.hu\/index.php\/wp-json\/wp\/v2\/posts\/76047\/revisions\/76048"}],"wp:attachment":[{"href":"https:\/\/gazdasagportal.hu\/index.php\/wp-json\/wp\/v2\/media?parent=76047"}],"wp:term":[{"taxonomy":"category","embeddable":true,"href":"https:\/\/gazdasagportal.hu\/index.php\/wp-json\/wp\/v2\/categories?post=76047"},{"taxonomy":"post_tag","embeddable":true,"href":"https:\/\/gazdasagportal.hu\/index.php\/wp-json\/wp\/v2\/tags?post=76047"}],"curies":[{"name":"wp","href":"https:\/\/api.w.org\/{rel}","templated":true}]}}