{"id":75935,"date":"2016-03-08T12:08:35","date_gmt":"2016-03-08T11:08:35","guid":{"rendered":"http:\/\/gazdasagportal.hu\/?p=75935"},"modified":"2016-03-08T11:50:59","modified_gmt":"2016-03-08T10:50:59","slug":"a-kovetkezo-masfel-evtized-strategiajat-tervezi-a-raba","status":"publish","type":"post","link":"https:\/\/gazdasagportal.hu\/index.php\/a-kovetkezo-masfel-evtized-strategiajat-tervezi-a-raba\/","title":{"rendered":"A k\u00f6vetkez\u0151 m\u00e1sf\u00e9l \u00e9vtized strat\u00e9gi\u00e1j\u00e1t tervezi a R\u00e1ba"},"content":{"rendered":"<p><strong>A k\u00f6vetkez\u0151 tizen\u00f6t \u00e9v strat\u00e9gi\u00e1j\u00e1t tervezi a R\u00e1ba-csoport &#8211; k\u00f6z\u00f6lte Pint\u00e9r Istv\u00e1n eln\u00f6k-vez\u00e9rigazgat\u00f3 az MTI \u00e9rdekl\u0151d\u00e9s\u00e9re kedden Budapesten, sajt\u00f3besz\u00e9lget\u00e9sen.<\/strong><!--more--><\/p>\n<div class=\"ads-in-post1\"><div id=\"gazdasagportal.hu_fullbanner_wideboard\"><\/div>\r\n<\/div>\n<p>    Konkr\u00e9tumok megjel\u00f6l\u00e9se n\u00e9lk\u00fcl megeml\u00edtette, hogy a t\u00e1rsas\u00e1g \u00e1prilis k\u00f6zepi k\u00f6zgy\u0171l\u00e9s\u00e9n m\u00e1r megjelenhetnek a gondolkod\u00e1s els\u0151 eredm\u00e9nyei.<br \/>\n    Elmondta, a t\u00e1rsas\u00e1gnak siker\u00fclt 2015-re, a kor\u00e1bban tervezettn\u00e9l egy \u00e9vvel el\u0151bb a tervezett szintre, az EBITDA (ad\u00f3-, kamat- \u00e9s \u00e9rt\u00e9kcs\u00f6kken\u00e9s el\u0151tti eredm\u00e9ny) 120 sz\u00e1zal\u00e9ka al\u00e1 cs\u00f6kkentenie ad\u00f3ss\u00e1g\u00e1t, mi \u00faj lehet\u0151s\u00e9geket nyit a R\u00e1ba el\u0151tt.<br \/>\n    Pint\u00e9r Istv\u00e1n szerint a k\u00e9rd\u00e9s az, hogyan lehet a R\u00e1ba saj\u00e1toss\u00e1gaib\u00f3l el\u0151nyt kov\u00e1csolni. Megeml\u00edtette, b\u00e1r a c\u00e9gcsoport \u00e1rbev\u00e9tel\u00e9nek t\u00f6bb mint 90 sz\u00e1zal\u00e9ka exportb\u00f3l sz\u00e1rmazik, a termel\u00e9sben nincs k\u00fclf\u00f6ldi jelenl\u00e9te. Hozz\u00e1tette: &#8222;Magyarorsz\u00e1gr\u00f3l pr\u00f3b\u00e1ltuk a vil\u00e1gpiac ig\u00e9nyeit kiel\u00e9g\u00edteni&#8221;, a c\u00e9g m\u00e9rete nagys\u00e1grenddel kisebb, mint megrendel\u0151i\u00e9, d\u00f6nt\u00e9si k\u00f6zpontja pedig itt van.<br \/>\n    Lehets\u00e9ges \u00fatnak nevezte \u00e9rt\u00e9kes\u00edt\u00e9seik hazai r\u00e9szar\u00e1ny\u00e1nak n\u00f6vel\u00e9s\u00e9t \u00e9s a t\u00e1rsas\u00e1g nemzetk\u00f6zi jelenl\u00e9t\u00e9nek er\u0151s\u00edt\u00e9s\u00e9t is.<br \/>\n    Az eln\u00f6k-vez\u00e9rigazgat\u00f3 megjegyezte: r\u00f6videbb kommunik\u00e1ci\u00f3s l\u00e1nc \u00e9s nehezebb kiv\u00e1lthat\u00f3s\u00e1g az eredm\u00e9nye annak, hogy nem rendszerintegr\u00e1torokkal, hanem a j\u00e1rm\u0171gy\u00e1rt\u00f3kkal szerz\u0151dnek.<br \/>\n    A magyar buszpiaci szerepv\u00e1llal\u00e1sukkal kapcsolatos k\u00e9rd\u00e9sre \u00fagy nyilatkozott, &#8222;a Volvo egy\u00fcttm\u0171k\u00f6d\u00e9s \u00e9l, t\u00f6retlen \u00e9s k\u00e9szen \u00e1llunk a kih\u00edv\u00e1sokra&#8221;, de a felfut\u00e1st lass\u00edtja, hogy &#8222;a t\u00f6megk\u00f6zleked\u00e9s \u00e1talak\u00edt\u00e1s\u00e1nak dilemm\u00e1i m\u00e9g nem z\u00e1rultak le&#8221; Magyarorsz\u00e1gon. Kifejtette, a buszgy\u00e1rt\u00e1ssal kapcsolatban az orsz\u00e1gban &#8222;\u00e9l egy nosztalgia&#8221;, ugyanakkor jelenleg nem lehet sorozatgy\u00e1rt\u00e1sban gondolkodni, ez\u00e9rt pedig \u00e1lland\u00f3 megb\u00edz\u00e1s h\u00edj\u00e1n nem \u00e9ri meg elk\u00f6telezett csapatot fel\u00e9p\u00edteni Gy\u0151rben, ahol hatalmas a munkaer\u0151piac elsz\u00edv\u00f3 hat\u00e1sa.<br \/>\n    Tavaly 46,154 milli\u00e1rd forintos konszolid\u00e1lt \u00e1rbev\u00e9telt produk\u00e1lt a R\u00e1ba-csoport, amely 3,7 sz\u00e1zal\u00e9kos cs\u00f6kken\u00e9s az el\u0151z\u0151 \u00e9vihez k\u00e9pest. Ugyanakkor a brutt\u00f3 eredm\u00e9ny 5,3 sz\u00e1zal\u00e9kkal 9,677 milli\u00e1rd forintra, az \u00fczemi eredm\u00e9ny 16 sz\u00e1zal\u00e9kkal, 2,194 milli\u00e1rdra, az EBITDA pedig 8,3 sz\u00e1zal\u00e9kkal, 4,463 milli\u00e1rd forintra emelkedett.<br \/>\n    A nemzetk\u00f6zi p\u00e9nz\u00fcgyi jelent\u00e9si szabv\u00e1ny (IFRS) szerint k\u00e9sz\u00fclt besz\u00e1mol\u00f3r\u00f3l a t\u00e1rsas\u00e1g hangs\u00falyozta: a R\u00e1ba minden gazd\u00e1lkod\u00e1si mutat\u00f3j\u00e1t jav\u00edtotta, valamennyi \u00fczlet\u00e1g az el\u0151z\u0151 \u00e9vi teljes\u00edtm\u00e9ny\u00e9t meghalad\u00f3 operat\u00edv nyeres\u00e9get mutatott fel, valamint jav\u00edtotta operat\u00edv hat\u00e9konys\u00e1g\u00e1t is.<br \/>\n    A nyeres\u00e9ges \u00e9s hat\u00e9kony m\u0171k\u00f6d\u00e9s k\u00f6vetkezt\u00e9ben a t\u00e1rsas\u00e1g a saj\u00e1t t\u0151ke \u00e1llom\u00e1ny\u00e1t 13,5 sz\u00e1zal\u00e9kkal n\u00f6velte 2015-ben, \u00edgy az egy r\u00e9szv\u00e9nyre jut\u00f3 saj\u00e1t t\u0151ke \u00e9rt\u00e9ke meghaladta az 1300 forintot &#8211; jelezt\u00e9k kor\u00e1bban.(MTI)<\/p>\n","protected":false},"excerpt":{"rendered":"<p>A k\u00f6vetkez\u0151 tizen\u00f6t \u00e9v strat\u00e9gi\u00e1j\u00e1t tervezi a R\u00e1ba-csoport &#8211; k\u00f6z\u00f6lte Pint\u00e9r Istv\u00e1n eln\u00f6k-vez\u00e9rigazgat\u00f3 az MTI \u00e9rdekl\u0151d\u00e9s\u00e9re kedden Budapesten, sajt\u00f3besz\u00e9lget\u00e9sen.<\/p>\n","protected":false},"author":1,"featured_media":0,"comment_status":"open","ping_status":"closed","sticky":false,"template":"","format":"standard","meta":[],"categories":[7],"tags":[],"_links":{"self":[{"href":"https:\/\/gazdasagportal.hu\/index.php\/wp-json\/wp\/v2\/posts\/75935"}],"collection":[{"href":"https:\/\/gazdasagportal.hu\/index.php\/wp-json\/wp\/v2\/posts"}],"about":[{"href":"https:\/\/gazdasagportal.hu\/index.php\/wp-json\/wp\/v2\/types\/post"}],"author":[{"embeddable":true,"href":"https:\/\/gazdasagportal.hu\/index.php\/wp-json\/wp\/v2\/users\/1"}],"replies":[{"embeddable":true,"href":"https:\/\/gazdasagportal.hu\/index.php\/wp-json\/wp\/v2\/comments?post=75935"}],"version-history":[{"count":1,"href":"https:\/\/gazdasagportal.hu\/index.php\/wp-json\/wp\/v2\/posts\/75935\/revisions"}],"predecessor-version":[{"id":75936,"href":"https:\/\/gazdasagportal.hu\/index.php\/wp-json\/wp\/v2\/posts\/75935\/revisions\/75936"}],"wp:attachment":[{"href":"https:\/\/gazdasagportal.hu\/index.php\/wp-json\/wp\/v2\/media?parent=75935"}],"wp:term":[{"taxonomy":"category","embeddable":true,"href":"https:\/\/gazdasagportal.hu\/index.php\/wp-json\/wp\/v2\/categories?post=75935"},{"taxonomy":"post_tag","embeddable":true,"href":"https:\/\/gazdasagportal.hu\/index.php\/wp-json\/wp\/v2\/tags?post=75935"}],"curies":[{"name":"wp","href":"https:\/\/api.w.org\/{rel}","templated":true}]}}