{"id":75933,"date":"2016-03-08T11:47:59","date_gmt":"2016-03-08T10:47:59","guid":{"rendered":"http:\/\/gazdasagportal.hu\/?p=75933"},"modified":"2016-03-08T11:47:59","modified_gmt":"2016-03-08T10:47:59","slug":"eu-torok-csucs-jobbik-magyarorszag-megtette-ami-elvarhato","status":"publish","type":"post","link":"https:\/\/gazdasagportal.hu\/index.php\/eu-torok-csucs-jobbik-magyarorszag-megtette-ami-elvarhato\/","title":{"rendered":"EU-t\u00f6r\u00f6k cs\u00facs &#8211; Jobbik: Magyarorsz\u00e1g megtette, ami elv\u00e1rhat\u00f3"},"content":{"rendered":"<p><strong>A Jobbik \u00e9rt\u00e9kel\u00e9se szerint Magyarorsz\u00e1g megtette, ami elv\u00e1rhat\u00f3 az EU-t\u00f6r\u00f6k cs\u00facson, ugyanakkor szavatolni kell, hogy az \u00e1ll\u00e1spont a k\u00e9s\u0151bbiekben se puhuljon fel.<\/strong><!--more--><\/p>\n<div class=\"ads-in-post1\"><div id=\"gazdasagportal.hu_fullbanner_wideboard\"><\/div>\r\n<\/div>\n<p>    Z. K\u00e1rp\u00e1t D\u00e1niel, az ellenz\u00e9ki p\u00e1rt aleln\u00f6ke keddi budapesti sajt\u00f3t\u00e1j\u00e9koztat\u00f3j\u00e1n azt mondta: a Jobbik sz\u00e1m\u00e1ra csak a kv\u00f3ta- \u00e9s a visszatoloncol\u00e1smentes Magyarorsz\u00e1g teljesen biztons\u00e1gos, az erre vonatkoz\u00f3 garanci\u00e1k t\u00f6meg\u00e9t azonban m\u00e9g nem l\u00e1tj\u00e1k a nemzetk\u00f6zi \u00e9s a belpolitikai t\u00e9rben.<br \/>\n    Megjegyezte: b\u00edzik abban, hogy nincs semmilyen h\u00e1tt\u00e9ralku T\u00f6r\u00f6korsz\u00e1ggal, Magyarorsz\u00e1g pedig mentes maradhat mindenf\u00e9le k\u00f6telez\u0151 betelep\u00edt\u00e9si mechanizmust\u00f3l.<br \/>\n    Arra k\u00e9rte a korm\u00e1nyt, hogy folytassa le az err\u0151l sz\u00f3l\u00f3 orsz\u00e1gos n\u00e9pszavaz\u00e1st, s annak k\u00e9rd\u00e9s\u00e9t terjessze ki a visszatoloncol\u00e1sokra is. Emellett a Jobbik alapt\u00f6rv\u00e9nyt m\u00f3dos\u00edt\u00f3 javaslat\u00e1nak elfogad\u00e1s\u00e1t szorgalmazta annak \u00e9rdek\u00e9ben, hogy ne lehessenek jogi agg\u00e1lyok.<br \/>\n    Z. K\u00e1rp\u00e1t D\u00e1niel kiemelte azt is: nem tartja elfogadhat\u00f3nak a &#8222;harcos retorik\u00e1t&#8221;, ha Magyarorsz\u00e1gon &#8211; ak\u00e1r csak ideiglenes jelleggel &#8211; befogad\u00f3 \u00e1llom\u00e1sok \u00e9p\u00fclnek.<br \/>\n    A Jobbik aleln\u00f6k\u00e9t k\u00e9rdezt\u00e9k a h\u00e9tf\u0151 esti kommunik\u00e1ci\u00f3r\u00f3l is. Azt felelte: a sajt\u00f3 munkat\u00e1rsai neh\u00e9z helyzetbe ker\u00fclnek, amikor ak\u00e1r a korm\u00e1nysz\u00f3viv\u0151 fogalmaz hom\u00e1lyosan, ak\u00e1r a k\u00fclf\u00f6ldi \u00e9s hazai h\u00edrad\u00e1sok nem teljesen felelnek meg a val\u00f3s\u00e1gnak \u00e9s ezt k\u00e9nyszer\u00fclnek \u00e1tvenni a gyorsas\u00e1gra tekintettel. \u00c9rt\u00e9kel\u00e9se szerint a korm\u00e1ny c\u00e9lja az volt, hogy megel\u0151zze a legut\u00f3bbi EU-cs\u00facs ut\u00e1ni helyzetet, amikor hosszas vita volt arr\u00f3l, mit is szentes\u00edtett Magyarorsz\u00e1g.(MTI)<\/p>\n","protected":false},"excerpt":{"rendered":"<p>A Jobbik \u00e9rt\u00e9kel\u00e9se szerint Magyarorsz\u00e1g megtette, ami elv\u00e1rhat\u00f3 az EU-t\u00f6r\u00f6k cs\u00facson, ugyanakkor szavatolni kell, hogy az \u00e1ll\u00e1spont a k\u00e9s\u0151bbiekben se puhuljon fel.<\/p>\n","protected":false},"author":1,"featured_media":0,"comment_status":"open","ping_status":"closed","sticky":false,"template":"","format":"standard","meta":[],"categories":[4,18],"tags":[],"_links":{"self":[{"href":"https:\/\/gazdasagportal.hu\/index.php\/wp-json\/wp\/v2\/posts\/75933"}],"collection":[{"href":"https:\/\/gazdasagportal.hu\/index.php\/wp-json\/wp\/v2\/posts"}],"about":[{"href":"https:\/\/gazdasagportal.hu\/index.php\/wp-json\/wp\/v2\/types\/post"}],"author":[{"embeddable":true,"href":"https:\/\/gazdasagportal.hu\/index.php\/wp-json\/wp\/v2\/users\/1"}],"replies":[{"embeddable":true,"href":"https:\/\/gazdasagportal.hu\/index.php\/wp-json\/wp\/v2\/comments?post=75933"}],"version-history":[{"count":1,"href":"https:\/\/gazdasagportal.hu\/index.php\/wp-json\/wp\/v2\/posts\/75933\/revisions"}],"predecessor-version":[{"id":75934,"href":"https:\/\/gazdasagportal.hu\/index.php\/wp-json\/wp\/v2\/posts\/75933\/revisions\/75934"}],"wp:attachment":[{"href":"https:\/\/gazdasagportal.hu\/index.php\/wp-json\/wp\/v2\/media?parent=75933"}],"wp:term":[{"taxonomy":"category","embeddable":true,"href":"https:\/\/gazdasagportal.hu\/index.php\/wp-json\/wp\/v2\/categories?post=75933"},{"taxonomy":"post_tag","embeddable":true,"href":"https:\/\/gazdasagportal.hu\/index.php\/wp-json\/wp\/v2\/tags?post=75933"}],"curies":[{"name":"wp","href":"https:\/\/api.w.org\/{rel}","templated":true}]}}