{"id":75931,"date":"2016-03-08T11:20:14","date_gmt":"2016-03-08T10:20:14","guid":{"rendered":"http:\/\/gazdasagportal.hu\/?p=75931"},"modified":"2016-03-08T11:20:14","modified_gmt":"2016-03-08T10:20:14","slug":"eu-torok-csucs-nincs-tobbe-balkani-utvonal-az-illegalis-bevandorlok-szamara","status":"publish","type":"post","link":"https:\/\/gazdasagportal.hu\/index.php\/eu-torok-csucs-nincs-tobbe-balkani-utvonal-az-illegalis-bevandorlok-szamara\/","title":{"rendered":"EU-t\u00f6r\u00f6k cs\u00facs &#8211; Nincs t\u00f6bb\u00e9 balk\u00e1ni \u00fatvonal az illeg\u00e1lis bev\u00e1ndorl\u00f3k sz\u00e1m\u00e1ra"},"content":{"rendered":"<p><strong>Nincs t\u00f6bb\u00e9 balk\u00e1ni migr\u00e1ci\u00f3s \u00fatvonal, Szlov\u00e9nia a j\u00f6v\u0151ben csak azokat a szem\u00e9lyeket engedi be ter\u00fclet\u00e9re, akik rendelkeznek a schengeni bel\u00e9p\u00e9shez sz\u00fcks\u00e9ges dokument\u00e1ci\u00f3val &#8211; jelentette ki Miro Cerar szlov\u00e9n minisztereln\u00f6k kedden \u00fajs\u00e1g\u00edr\u00f3knak Br\u00fcsszelben, miut\u00e1n v\u00e9get \u00e9rt a rendk\u00edv\u00fcli uni\u00f3s cs\u00facstal\u00e1lkoz\u00f3.<\/strong><!--more--><\/p>\n<div class=\"ads-in-post1\"><div id=\"gazdasagportal.hu_fullbanner_wideboard\"><\/div>\r\n<\/div>\n<p>    &#8222;A EU-t\u00f6r\u00f6k cs\u00facs vil\u00e1gos \u00fczenetet k\u00fcld\u00f6tt az embercsemp\u00e9szeknek, hogy a balk\u00e1ni \u00fatvonal nem l\u00e9tezik t\u00f6bb\u00e9&#8221; &#8211; hangs\u00falyozta.<br \/>\n    A szlov\u00e9n korm\u00e1nyf\u0151 a h\u00e9tf\u0151n kezd\u0151d\u00f6tt t\u00e1rgyal\u00e1s el\u0151tt arr\u00f3l besz\u00e9lt, hogy elker\u00fclhetetlen a balk\u00e1ni \u00fatvonal lez\u00e1r\u00e1sa az illeg\u00e1lis migr\u00e1nsok el\u0151tt. Hozz\u00e1tette, hogy amennyiben az Eur\u00f3pai Uni\u00f3 vezet\u0151i meghoznak egy ilyen d\u00f6nt\u00e9st, Szlov\u00e9nia hajland\u00f3 Horv\u00e1torsz\u00e1ggal k\u00f6z\u00f6s hat\u00e1r\u00e1r\u00f3l elt\u00e1vol\u00edtani a sz\u00f6gesdr\u00f3takad\u00e1lyt, amelyet m\u00e9g tavaly \u0151sszel szerelt fel, hogy megakad\u00e1lyozza a kezelhetetlen bev\u00e1ndorl\u00e1si hull\u00e1mot.<br \/>\n    Cerar \u00fagy \u00e9rt\u00e9kelte: noha a z\u00e1r\u00f3nyilatkozatba nem \u00fagy ker\u00fclt bele, hogy &#8222;a balk\u00e1ni \u00fatvonal mostant\u00f3l le van z\u00e1rva&#8221;, hanem helyette &#8222;az illeg\u00e1lis migr\u00e1ci\u00f3 v\u00e9get \u00e9r&#8221; kifejez\u00e9ssel \u00e9rtettek egyet a vezet\u0151k, szerinte l\u00e9nyeg\u00e9ben mindk\u00e9t mondat ugyanazt jelenti.<br \/>\n    Mint fogalmazott: azok az orsz\u00e1gok, amelyeknek ter\u00fclet\u00e9n eddig az Eur\u00f3p\u00e1ba ir\u00e1nyul\u00f3 illeg\u00e1lis migr\u00e1nsok \u00e1thaladtak, a j\u00f6v\u0151ben megtagadj\u00e1k ezen szem\u00e9lyek fogad\u00e1s\u00e1t.<br \/>\n    Szlov\u00e9nia keddt\u0151l vagy szerd\u00e1t\u00f3l teljes eg\u00e9sz\u00e9ben alkalmazni fogja a schengeni szab\u00e1lyokat, miel\u0151tt j\u00f3v\u00e1hagyja a bel\u00e9p\u00e9st ter\u00fclet\u00e9re, ami annyit jelent, hogy csak azok l\u00e9phetnek be Szlov\u00e9ni\u00e1ba, akik a schengeni bel\u00e9p\u00e9shez sz\u00fcks\u00e9ges megfelel\u0151 dokument\u00e1ci\u00f3val rendelkeznek &#8211; hangoztatta Cerar.(MTI)<\/p>\n","protected":false},"excerpt":{"rendered":"<p>Nincs t\u00f6bb\u00e9 balk\u00e1ni migr\u00e1ci\u00f3s \u00fatvonal, Szlov\u00e9nia a j\u00f6v\u0151ben csak azokat a szem\u00e9lyeket engedi be ter\u00fclet\u00e9re, akik rendelkeznek a schengeni bel\u00e9p\u00e9shez sz\u00fcks\u00e9ges dokument\u00e1ci\u00f3val &#8211; jelentette ki Miro Cerar szlov\u00e9n minisztereln\u00f6k kedden \u00fajs\u00e1g\u00edr\u00f3knak Br\u00fcsszelben, miut\u00e1n v\u00e9get \u00e9rt a rendk\u00edv\u00fcli uni\u00f3s cs\u00facstal\u00e1lkoz\u00f3.<\/p>\n","protected":false},"author":1,"featured_media":0,"comment_status":"open","ping_status":"closed","sticky":false,"template":"","format":"standard","meta":[],"categories":[4,12],"tags":[],"_links":{"self":[{"href":"https:\/\/gazdasagportal.hu\/index.php\/wp-json\/wp\/v2\/posts\/75931"}],"collection":[{"href":"https:\/\/gazdasagportal.hu\/index.php\/wp-json\/wp\/v2\/posts"}],"about":[{"href":"https:\/\/gazdasagportal.hu\/index.php\/wp-json\/wp\/v2\/types\/post"}],"author":[{"embeddable":true,"href":"https:\/\/gazdasagportal.hu\/index.php\/wp-json\/wp\/v2\/users\/1"}],"replies":[{"embeddable":true,"href":"https:\/\/gazdasagportal.hu\/index.php\/wp-json\/wp\/v2\/comments?post=75931"}],"version-history":[{"count":1,"href":"https:\/\/gazdasagportal.hu\/index.php\/wp-json\/wp\/v2\/posts\/75931\/revisions"}],"predecessor-version":[{"id":75932,"href":"https:\/\/gazdasagportal.hu\/index.php\/wp-json\/wp\/v2\/posts\/75931\/revisions\/75932"}],"wp:attachment":[{"href":"https:\/\/gazdasagportal.hu\/index.php\/wp-json\/wp\/v2\/media?parent=75931"}],"wp:term":[{"taxonomy":"category","embeddable":true,"href":"https:\/\/gazdasagportal.hu\/index.php\/wp-json\/wp\/v2\/categories?post=75931"},{"taxonomy":"post_tag","embeddable":true,"href":"https:\/\/gazdasagportal.hu\/index.php\/wp-json\/wp\/v2\/tags?post=75931"}],"curies":[{"name":"wp","href":"https:\/\/api.w.org\/{rel}","templated":true}]}}