{"id":75929,"date":"2016-03-08T10:49:38","date_gmt":"2016-03-08T09:49:38","guid":{"rendered":"http:\/\/gazdasagportal.hu\/?p=75929"},"modified":"2016-03-08T10:49:38","modified_gmt":"2016-03-08T09:49:38","slug":"eu-torok-csucs-szakerto-torokorszag-nem-megbizhato-partner","status":"publish","type":"post","link":"https:\/\/gazdasagportal.hu\/index.php\/eu-torok-csucs-szakerto-torokorszag-nem-megbizhato-partner\/","title":{"rendered":"EU-t\u00f6r\u00f6k cs\u00facs &#8211; Szak\u00e9rt\u0151: T\u00f6r\u00f6korsz\u00e1g nem megb\u00edzhat\u00f3 partner"},"content":{"rendered":"<p><strong>Kiszelly Zolt\u00e1n politol\u00f3gus szerint kev\u00e9ss\u00e9 \u00e9rthet\u0151, hogy Br\u00fcsszel mi\u00e9rt T\u00f6r\u00f6korsz\u00e1got tekinti partnernek, az ugyanis nem igaz\u00e1n megb\u00edzhat\u00f3.<\/strong><!--more--><\/p>\n<div class=\"ads-in-post1\"><div id=\"gazdasagportal.hu_fullbanner_wideboard\"><\/div>\r\n<\/div>\n<p>    A szak\u00e9rt\u0151t az M1 aktu\u00e1lis csatorna keddi m\u0171sor\u00e1ban az el\u0151z\u0151 napi rendk\u00edv\u00fcli br\u00fcsszeli migr\u00e1ci\u00f3s cs\u00facstal\u00e1lkoz\u00f3r\u00f3l k\u00e9rdezt\u00e9k. Kiszelly Zolt\u00e1n azt mondta: a t\u00f6r\u00f6k\u00f6k novemberben meg\u00edg\u00e9rt\u00e9k, hogy fell\u00e9pnek az embercsemp\u00e9szekkel szemben, ennek ellen\u00e9re id\u00e9n m\u00e1r minimum 100-110 ezer ember \u00e9rkezett T\u00f6r\u00f6korsz\u00e1gb\u00f3l G\u00f6r\u00f6gorsz\u00e1gba. T\u00f6r\u00f6korsz\u00e1g r\u00e1ad\u00e1sul kev\u00e9ss\u00e9 demokratikus orsz\u00e1g, \u00e9s belpolitikai vit\u00e1k, valamint polg\u00e1rh\u00e1bor\u00fa jellemzi &#8211; tette hozz\u00e1.<br \/>\n    Kiszelly Zolt\u00e1n szerint partnernek tekinteni ink\u00e1bb Maced\u00f3ni\u00e1t kellene, amely ugyan\u00fagy a nyugat-balk\u00e1ni \u00fatvonalon helyezkedik el. Berlin \u00e9s Br\u00fcsszel ugyanakkor az\u00e9rt tartja j\u00f3 \u00f6tletnek, hogy T\u00f6r\u00f6korsz\u00e1g kezelje a migr\u00e1nshelyzetet, mert nem szeretn\u00e9k, hogy a v\u00e1ls\u00e1g felgyors\u00edtsa az eur\u00f3v\u00e1ls\u00e1got G\u00f6r\u00f6gorsz\u00e1gban. &#8222;Mindenki tudja, hogy sz\u00fcks\u00e9g lesz egy negyedik g\u00f6r\u00f6g ment\u0151csomagra&#8221;, nem mindegy azonban, hogy mikor &#8211; hangs\u00falyozta.(MTI)<\/p>\n","protected":false},"excerpt":{"rendered":"<p>Kiszelly Zolt\u00e1n politol\u00f3gus szerint kev\u00e9ss\u00e9 \u00e9rthet\u0151, hogy Br\u00fcsszel mi\u00e9rt T\u00f6r\u00f6korsz\u00e1got tekinti partnernek, az ugyanis nem igaz\u00e1n megb\u00edzhat\u00f3.<\/p>\n","protected":false},"author":1,"featured_media":0,"comment_status":"open","ping_status":"closed","sticky":false,"template":"","format":"standard","meta":[],"categories":[12],"tags":[],"_links":{"self":[{"href":"https:\/\/gazdasagportal.hu\/index.php\/wp-json\/wp\/v2\/posts\/75929"}],"collection":[{"href":"https:\/\/gazdasagportal.hu\/index.php\/wp-json\/wp\/v2\/posts"}],"about":[{"href":"https:\/\/gazdasagportal.hu\/index.php\/wp-json\/wp\/v2\/types\/post"}],"author":[{"embeddable":true,"href":"https:\/\/gazdasagportal.hu\/index.php\/wp-json\/wp\/v2\/users\/1"}],"replies":[{"embeddable":true,"href":"https:\/\/gazdasagportal.hu\/index.php\/wp-json\/wp\/v2\/comments?post=75929"}],"version-history":[{"count":1,"href":"https:\/\/gazdasagportal.hu\/index.php\/wp-json\/wp\/v2\/posts\/75929\/revisions"}],"predecessor-version":[{"id":75930,"href":"https:\/\/gazdasagportal.hu\/index.php\/wp-json\/wp\/v2\/posts\/75929\/revisions\/75930"}],"wp:attachment":[{"href":"https:\/\/gazdasagportal.hu\/index.php\/wp-json\/wp\/v2\/media?parent=75929"}],"wp:term":[{"taxonomy":"category","embeddable":true,"href":"https:\/\/gazdasagportal.hu\/index.php\/wp-json\/wp\/v2\/categories?post=75929"},{"taxonomy":"post_tag","embeddable":true,"href":"https:\/\/gazdasagportal.hu\/index.php\/wp-json\/wp\/v2\/tags?post=75929"}],"curies":[{"name":"wp","href":"https:\/\/api.w.org\/{rel}","templated":true}]}}