{"id":75917,"date":"2016-03-08T07:59:35","date_gmt":"2016-03-08T06:59:35","guid":{"rendered":"http:\/\/gazdasagportal.hu\/?p=75917"},"modified":"2016-03-08T07:42:19","modified_gmt":"2016-03-08T06:42:19","slug":"eu-torok-csucs-elvi-megallapodas-szuletett-a-torok-tervezet-fobb-vonalairol","status":"publish","type":"post","link":"https:\/\/gazdasagportal.hu\/index.php\/eu-torok-csucs-elvi-megallapodas-szuletett-a-torok-tervezet-fobb-vonalairol\/","title":{"rendered":"EU-t\u00f6r\u00f6k cs\u00facs &#8211; Elvi meg\u00e1llapod\u00e1s sz\u00fcletett a t\u00f6r\u00f6k tervezet f\u0151bb vonalair\u00f3l"},"content":{"rendered":"<p><strong>Elvi meg\u00e1llapod\u00e1s sz\u00fcletett az Eur\u00f3pai Uni\u00f3 \u00e9s T\u00f6r\u00f6korsz\u00e1g k\u00f6z\u00f6tt a migr\u00e1ci\u00f3s v\u00e1ls\u00e1g kezel\u00e9s\u00e9r\u0151l k\u00f6rvonalaz\u00f3d\u00f3 egyezm\u00e9ny f\u0151bb vonalair\u00f3l az uni\u00f3s \u00e9s t\u00f6r\u00f6k vezet\u0151k h\u00e9tf\u0151 d\u00e9lut\u00e1n kezd\u0151d\u00f6tt rendk\u00edv\u00fcli br\u00fcsszeli cs\u00facstal\u00e1lkoz\u00f3j\u00e1n.<\/strong><!--more--><\/p>\n<div class=\"ads-in-post1\"><div id=\"gazdasagportal.hu_fullbanner_wideboard\"><\/div>\r\n<\/div>\n<p>    A tervezettn\u00e9l sokkal hosszabb, \u00e9jszak\u00e1ba ny\u00fal\u00f3 t\u00e1rgyal\u00e1sok v\u00e9g\u00e9n elfogadott z\u00e1r\u00f3nyilatkozat \u00e9rtelm\u00e9ben az uni\u00f3s vezet\u0151k a j\u00f6v\u0151 heti EU-cs\u00facson tov\u00e1bb folytatj\u00e1k a t\u00e1rgyal\u00e1st az Ahmet Davutoglu t\u00f6r\u00f6k korm\u00e1nyf\u0151 \u00e1ltal a h\u00e9tf\u0151i munkaeb\u00e9den v\u00e1ratlanul el\u0151terjesztett javaslat r\u00e9szleteir\u0151l. A m\u00e1rcius 17-18-i cs\u00facs\u00e9rtekezlet z\u00e1r\u00f3napj\u00e1n a t\u00f6r\u00f6k minisztereln\u00f6k is r\u00e9szt vesz a tervek szerint.<br \/>\n    A k\u00f6rvonalaz\u00f3d\u00f3 meg\u00e1llapod\u00e1s \u00e9rtelm\u00e9ben Ankara tov\u00e1bbi p\u00e9nz\u00fcgyi t\u00e1mogat\u00e1st k\u00e9r az Eur\u00f3pai Uni\u00f3t\u00f3l az orsz\u00e1gban tart\u00f3zkod\u00f3 sz\u00edriai menek\u00fcltek ell\u00e1t\u00e1s\u00e1ra, tov\u00e1bb\u00e1 a t\u00f6r\u00f6k EU-csatlakoz\u00e1si t\u00e1rgyal\u00e1sok felgyors\u00edt\u00e1s\u00e1t k\u00e9ri, valamint azt, hogy legk\u00e9s\u0151bb j\u00fanius v\u00e9g\u00e9ig t\u00f6r\u00f6lj\u00e9k el az uni\u00f3s v\u00edzumk\u00f6telezetts\u00e9g\u00e9t a t\u00f6r\u00f6k \u00e1llampolg\u00e1rokkal szemben.<br \/>\n    A t\u00f6r\u00f6k\u00f6k ez\u00e9rt cser\u00e9be visszafogadn\u00e1k az orsz\u00e1gb\u00f3l illeg\u00e1lisan G\u00f6r\u00f6gorsz\u00e1gba \u00e9rkez\u0151 migr\u00e1nsok mindegyik\u00e9t. Az EU-nak viszont minden egyes visszafogadott sz\u00edriai \u00e1llampolg\u00e1r\u00e9rt cser\u00e9be be kellene fogadnia egy sz\u00edriai menek\u00fcltet k\u00f6zvetlen\u00fcl T\u00f6r\u00f6korsz\u00e1gb\u00f3l &#8211; \u00edrt\u00e1k a z\u00e1r\u00f3nyilatkozatban.<br \/>\n    A dokumentumban az is olvashat\u00f3, hogy T\u00f6r\u00f6korsz\u00e1g k\u00f6telezetts\u00e9get v\u00e1llalt r\u00e1, vissza fogja fogadni az orsz\u00e1gb\u00f3l illeg\u00e1lisan Eur\u00f3p\u00e1ba indul\u00f3 migr\u00e1nsokat, akiket a t\u00f6r\u00f6k partokn\u00e1l tart\u00f3ztatnak fel, valamint azokat a G\u00f6r\u00f6gorsz\u00e1gban tart\u00f3zkod\u00f3 menek\u00fclteket, akik nem jogosultak nemzetk\u00f6zi v\u00e9delemre.<br \/>\n    Donald Tusk, az Eur\u00f3pai Tan\u00e1cs eln\u00f6ke az \u00fcl\u00e9s ut\u00e1n ennek kapcs\u00e1n kijelentette, v\u00e9get \u00e9rtek az Eur\u00f3p\u00e1ba ir\u00e1nyul\u00f3 illeg\u00e1lis migr\u00e1ci\u00f3 napjai.<br \/>\n    Az \u00c9gei-tengeren \u00e1tkel\u0151 menek\u00fcltek visszafogad\u00e1s\u00e1r\u00f3l sz\u00f3l\u00f3 k\u00f6telezetts\u00e9gv\u00e1llal\u00e1st Davutoglu is meger\u0151s\u00edtette a Tuskkal \u00e9s Jean-Claude Juncker eur\u00f3pai bizotts\u00e1gi eln\u00f6kkel k\u00f6z\u00f6sen tartott sajt\u00f3t\u00e1j\u00e9koztat\u00f3j\u00e1n. A t\u00f6r\u00f6k korm\u00e1nyf\u0151 hangs\u00falyozta, orsz\u00e1ga nem koldul semmilyen p\u00e9nzt senkit\u0151l, itt a terhek megoszt\u00e1s\u00e1r\u00f3l van sz\u00f3, Ankara ugyanis nem felel\u0151s ez\u00e9rt a humanit\u00e1rius katasztr\u00f3f\u00e1\u00e9rt, ahogyan am\u00fagy az Eur\u00f3pai Uni\u00f3 sem.<br \/>\n    Az Eur\u00f3pai Bizotts\u00e1g eln\u00f6ke keddre virrad\u00f3ra azt hangoztatta, hogy val\u00f3di v\u00e1ltoz\u00e1st fog hozni a cs\u00facstal\u00e1lkoz\u00f3n megsz\u00fcletett meg\u00e1llapod\u00e1s, a j\u00f6v\u0151ben a menek\u00fcltek kiz\u00e1r\u00f3lag t\u00f6rv\u00e9nyes \u00faton juthatnak majd Eur\u00f3p\u00e1ba.<br \/>\n    Juncker szerint az \u00faj egyezm\u00e9ny nyom\u00e1n siker\u00fcl majd megt\u00f6rni az embercsemp\u00e9szek &#8222;\u00fczleti modellj\u00e9t&#8221;. A bizotts\u00e1gi eln\u00f6k kijelentette, nem lesz \u00e9rtelme annak, hogy a menek\u00fcltek fizessenek a b\u0171n\u00f6z\u0151knek az \u00e1tkel\u00e9s\u00e9rt. Mint mondta, amennyiben ezt teszik, \u00fagyis hamar visszaviszik \u0151ket T\u00f6r\u00f6korsz\u00e1gba \u00e9s az eur\u00f3pai \u00e1ttelep\u00edt\u00e9sre v\u00e1r\u00f3k list\u00e1j\u00e1nak a v\u00e9g\u00e9re ker\u00fclnek.<br \/>\n    Jean-Claude Juncker emellett ism\u00e9telten kiemelte: a migr\u00e1ci\u00f3s v\u00e1ls\u00e1g kezel\u00e9s\u00e9ben az egyoldal\u00fa megk\u00f6zel\u00edt\u00e9s nem vezet megold\u00e1sra.<br \/>\n    Az uni\u00f3s vezet\u0151k t\u00e1mogatj\u00e1k a migr\u00e1ci\u00f3s v\u00e1ls\u00e1g kezel\u00e9s\u00e9t c\u00e9lz\u00f3 t\u00f6r\u00f6k javaslatok f\u0151bb vonalait &#8211; k\u00f6z\u00f6lte Angela Merkel n\u00e9met kancell\u00e1r, hozz\u00e1t\u00e9ve, a f\u0151 c\u00e9l, hogy siker\u00fclj\u00f6n szab\u00e1lyozott bev\u00e1ndorl\u00e1ss\u00e1 alak\u00edtani az illeg\u00e1lis migr\u00e1ci\u00f3t.<br \/>\n    A n\u00e9met kancell\u00e1r arr\u00f3l is besz\u00e1molt, hogy a tal\u00e1lkoz\u00f3n a Zaman ellenz\u00e9ki t\u00f6r\u00f6k m\u00e9diacsoport \u00e1llami ellen\u0151rz\u00e9s al\u00e1 helyez\u00e9s\u00e9r\u0151l is besz\u00e9ltek, \u00e9s hangs\u00falyozt\u00e1k a sajt\u00f3szabads\u00e1g fontoss\u00e1g\u00e1t.<br \/>\n    Francois Hollande francia \u00e1llamf\u0151 lesz\u00f6gezte, kiz\u00e1r\u00f3lag akkor lehets\u00e9ges a t\u00f6r\u00f6k \u00e1llampolg\u00e1rokkal szembeni uni\u00f3s v\u00edzumk\u00f6telezetts\u00e9g elt\u00f6rl\u00e9se j\u00fanius v\u00e9g\u00e9ig, ha Ankara megfelel a vonatkoz\u00f3 el\u0151\u00edr\u00e1sok mindegyik\u00e9nek. T\u00f6r\u00f6korsz\u00e1g uni\u00f3s felv\u00e9tel\u00e9r\u0151l Hollande azt mondta, hogy &#8222;addig m\u00e9g hossz\u00fa az \u00fat&#8221;, az EU \u00e1ltal ny\u00fajtott p\u00e9nz\u00fcgyi t\u00e1mogat\u00e1s megn\u00f6vel\u00e9s\u00e9nek k\u00e9rd\u00e9s\u00e9r\u0151l sz\u00f3lva pedig kifejtette, hogy az lehets\u00e9ges, de csak 2018 ut\u00e1n.<br \/>\n    Az Eur\u00f3pai Uni\u00f3 \u00e9s T\u00f6r\u00f6korsz\u00e1g k\u00f6z\u00f6tti cs\u00facstal\u00e1lkoz\u00f3 r\u00e9sztvev\u0151i eredetileg els\u0151sorban a migr\u00e1ci\u00f3s hull\u00e1m megf\u00e9kez\u00e9s\u00e9r\u0151l az ankarai korm\u00e1ny \u00e9s az uni\u00f3s tagorsz\u00e1gok vezet\u0151i k\u00f6z\u00f6tt novemberben l\u00e9trej\u00f6tt egyezm\u00e9ny v\u00e9grehajt\u00e1s\u00e1r\u00f3l terveztek t\u00e1rgyalni. Az akci\u00f3terv \u00e9rtelm\u00e9ben Ankara k\u00f6telezetts\u00e9get v\u00e1llalt arra, hogy meger\u0151s\u00edti hat\u00e1rai v\u00e9delm\u00e9t, fell\u00e9p az embercsemp\u00e9szek ellen, \u00e9s visszafogadja az uni\u00f3b\u00f3l kitoloncolt bev\u00e1ndorl\u00f3kat, cser\u00e9be pedig az Eur\u00f3pai Uni\u00f3 \u00e9s tag\u00e1llamai h\u00e1rommilli\u00e1rd eur\u00f3val seg\u00edtik T\u00f6r\u00f6korsz\u00e1got az orsz\u00e1gban l\u00e9v\u0151 menek\u00fcltek ell\u00e1t\u00e1s\u00e1ban.(MTI)<\/p>\n","protected":false},"excerpt":{"rendered":"<p>Elvi meg\u00e1llapod\u00e1s sz\u00fcletett az Eur\u00f3pai Uni\u00f3 \u00e9s T\u00f6r\u00f6korsz\u00e1g k\u00f6z\u00f6tt a migr\u00e1ci\u00f3s v\u00e1ls\u00e1g kezel\u00e9s\u00e9r\u0151l k\u00f6rvonalaz\u00f3d\u00f3 egyezm\u00e9ny f\u0151bb vonalair\u00f3l az uni\u00f3s \u00e9s t\u00f6r\u00f6k vezet\u0151k h\u00e9tf\u0151 d\u00e9lut\u00e1n kezd\u0151d\u00f6tt rendk\u00edv\u00fcli br\u00fcsszeli cs\u00facstal\u00e1lkoz\u00f3j\u00e1n.<\/p>\n","protected":false},"author":1,"featured_media":0,"comment_status":"open","ping_status":"closed","sticky":false,"template":"","format":"standard","meta":[],"categories":[12],"tags":[],"_links":{"self":[{"href":"https:\/\/gazdasagportal.hu\/index.php\/wp-json\/wp\/v2\/posts\/75917"}],"collection":[{"href":"https:\/\/gazdasagportal.hu\/index.php\/wp-json\/wp\/v2\/posts"}],"about":[{"href":"https:\/\/gazdasagportal.hu\/index.php\/wp-json\/wp\/v2\/types\/post"}],"author":[{"embeddable":true,"href":"https:\/\/gazdasagportal.hu\/index.php\/wp-json\/wp\/v2\/users\/1"}],"replies":[{"embeddable":true,"href":"https:\/\/gazdasagportal.hu\/index.php\/wp-json\/wp\/v2\/comments?post=75917"}],"version-history":[{"count":1,"href":"https:\/\/gazdasagportal.hu\/index.php\/wp-json\/wp\/v2\/posts\/75917\/revisions"}],"predecessor-version":[{"id":75918,"href":"https:\/\/gazdasagportal.hu\/index.php\/wp-json\/wp\/v2\/posts\/75917\/revisions\/75918"}],"wp:attachment":[{"href":"https:\/\/gazdasagportal.hu\/index.php\/wp-json\/wp\/v2\/media?parent=75917"}],"wp:term":[{"taxonomy":"category","embeddable":true,"href":"https:\/\/gazdasagportal.hu\/index.php\/wp-json\/wp\/v2\/categories?post=75917"},{"taxonomy":"post_tag","embeddable":true,"href":"https:\/\/gazdasagportal.hu\/index.php\/wp-json\/wp\/v2\/tags?post=75917"}],"curies":[{"name":"wp","href":"https:\/\/api.w.org\/{rel}","templated":true}]}}