{"id":75915,"date":"2016-03-08T07:21:06","date_gmt":"2016-03-08T06:21:06","guid":{"rendered":"http:\/\/gazdasagportal.hu\/?p=75915"},"modified":"2016-03-08T07:21:06","modified_gmt":"2016-03-08T06:21:06","slug":"orban-megallapodas-szuletett-a-hatarok-lezarasarol-de-a-torokokkel-nem-sikerult-a-megallapodas","status":"publish","type":"post","link":"https:\/\/gazdasagportal.hu\/index.php\/orban-megallapodas-szuletett-a-hatarok-lezarasarol-de-a-torokokkel-nem-sikerult-a-megallapodas\/","title":{"rendered":"Orb\u00e1n: meg\u00e1llapod\u00e1s sz\u00fcletett a hat\u00e1rok lez\u00e1r\u00e1s\u00e1r\u00f3l, de a t\u00f6r\u00f6k\u00f6kkel nem siker\u00fclt a meg\u00e1llapod\u00e1s"},"content":{"rendered":"<p><strong>V\u00e9ge van annak az id\u0151nek, amikor ellen\u0151rz\u00e9s n\u00e9lk\u00fcl lehetett a nyugat-balk\u00e1ni \u00fatvonalon k\u00f6zlekedni, az uni\u00f3s vezet\u0151k d\u00f6nt\u00f6ttek: le kell z\u00e1rni az embercsemp\u00e9sz \u00fatvonalakat, ami azt jelenti, hogy a hat\u00e1rokon is helyre kell \u00e1ll\u00edtani a rendet &#8211; mondta Orb\u00e1n Viktor minisztereln\u00f6k Br\u00fcsszelben \u00fajs\u00e1g\u00edr\u00f3knak az Eur\u00f3pai Uni\u00f3 \u00e9s T\u00f6r\u00f6korsz\u00e1g vezet\u0151inek rendk\u00edv\u00fcli cs\u00facstal\u00e1lkoz\u00f3j\u00e1t k\u00f6vet\u0151en kedd hajnalban.<\/strong><!--more--><\/p>\n<div class=\"ads-in-post1\"><div id=\"gazdasagportal.hu_fullbanner_wideboard\"><\/div>\r\n<\/div>\n<p>    Orb\u00e1n Viktor t\u00e1j\u00e9koztat\u00e1sa szerint eredm\u00e9nyre vezetett a magyar-osztr\u00e1k-szlov\u00e9n-horv\u00e1t fell\u00e9p\u00e9s, a Br\u00fcsszelben elfogadott uni\u00f3s meg\u00e1llapod\u00e1s sz\u00f6vege kimondja: egy korszak befejez\u0151d\u00f6tt, a Nyugat-Balk\u00e1non kereszt\u00fcl vezet\u0151 migr\u00e1ci\u00f3s \u00fatvonalakat mostant\u00f3l lez\u00e1rtuk.<br \/>\n    <a href=\"https:\/\/gazdasagportal.hu\/wp-content\/uploads\/2015\/09\/20150903_2.jpg\"><img decoding=\"async\" loading=\"lazy\" src=\"https:\/\/gazdasagportal.hu\/wp-content\/uploads\/2015\/09\/20150903_2-300x200.jpg\" alt=\"20150903_2\" width=\"300\" height=\"200\" class=\"alignleft size-medium wp-image-67258\" srcset=\"https:\/\/gazdasagportal.hu\/wp-content\/uploads\/2015\/09\/20150903_2-300x200.jpg 300w, https:\/\/gazdasagportal.hu\/wp-content\/uploads\/2015\/09\/20150903_2.jpg 600w\" sizes=\"(max-width: 300px) 100vw, 300px\" \/><\/a>A meg\u00e1llapod\u00e1s \u00e9rtelm\u00e9ben az embercsemp\u00e9szek \u00fczleti modellj\u00e9t meg k\u00edv\u00e1nj\u00e1k t\u00f6rni, ami azt jelenti, hogy \u0151k &#8222;hi\u00e1ba is \u00e1llapodnak meg a migr\u00e1nsokkal, nem fogj\u00e1k tudni teljes\u00edteni a v\u00e1llal\u00e1saikat, mert nem engedj\u00fck a migr\u00e1nsokat kereszt\u00fclvonulni a Balk\u00e1non&#8221; &#8211; fogalmazott a minisztereln\u00f6k. Ez neh\u00e9z helyzetet id\u00e9z el\u0151 G\u00f6r\u00f6gorsz\u00e1gban, hiszen nagyon sokan ott ragadtak \u00e9s ott ragadnak, ez\u00e9rt az uni\u00f3s tag\u00e1llami vezet\u0151k azt v\u00e1llalt\u00e1k, hogy seg\u00edtenek G\u00f6r\u00f6gorsz\u00e1gnak a megn\u00f6vekedett terhek visel\u00e9s\u00e9ben.<br \/>\n    Orb\u00e1n Viktor azt is elmondta, hogy nem sz\u00fcletett meg\u00e1llapod\u00e1s a t\u00f6r\u00f6k\u00f6kkel, mivel \u0151k n\u00e9gy nagyon neh\u00e9z k\u00e9rd\u00e9sk\u00f6rt \u00e9rint\u0151 javaslattal \u00e1lltak el\u0151. Az uni\u00f3s tagorsz\u00e1gok vezet\u0151i \u00fagy \u00edt\u00e9lt\u00e9k meg, hogy azok t\u00fals\u00e1gosan neh\u00e9z k\u00e9rd\u00e9sek ahhoz, hogy egy d\u00e9lut\u00e1n alatt igent vagy nemet lehessen r\u00e1juk mondani. Ez\u00e9rt felhatalmazt\u00e1k Donald Tuskot, az Eur\u00f3pai Tan\u00e1cs eln\u00f6k\u00e9t, hogy folytasson t\u00e1rgyal\u00e1sokat T\u00f6r\u00f6korsz\u00e1ggal arr\u00f3l a javaslatr\u00f3l, amelyet a h\u00e9tf\u0151i t\u00e1rgyal\u00e1son el\u0151terjesztettek.<br \/>\n    Orb\u00e1n Viktor elmondta, meghat\u00e1roztak n\u00e9h\u00e1ny olyan elvet, amelyek a t\u00e1rgyal\u00e1sok kiindul\u00f3pontjai lehetnek. A t\u00e1rgyal\u00e1sok eredm\u00e9nyeir\u0151l a k\u00f6vetkez\u0151, j\u00f6v\u0151 heti uni\u00f3s cs\u00facs\u00e9rtekezleten egyeztethetnek a tagorsz\u00e1gok vezet\u0151i.<br \/>\n    A t\u00f6r\u00f6k meg\u00e1llapod\u00e1s r\u00e9szleteir\u0151l Orb\u00e1n Viktor \u00fajs\u00e1g\u00edr\u00f3 k\u00e9rd\u00e9sre v\u00e1laszolva elmondta, hogy Magyarorsz\u00e1g \u00e9lesen ellenzi azt az EU-T\u00f6r\u00f6korsz\u00e1g meg\u00e1llapod\u00e1s sz\u00f6veg\u00e9ben szerepl\u0151 utal\u00e1st, amely szerint T\u00f6r\u00f6korsz\u00e1gb\u00f3l embereket kellene behozni Eur\u00f3p\u00e1ba. Szlov\u00e1ki\u00e1val k\u00f6z\u00f6sen jogfenntart\u00f3 nyilatkozatot tett Magyarorsz\u00e1g, amelyben kimondt\u00e1k, hogy a sz\u00f6veget nem tudj\u00e1k t\u00e1mogatni. Ennek oka az, hogy perlik az uni\u00f3 kor\u00e1bbi d\u00f6nt\u00e9s\u00e9t, amely a migr\u00e1nsok \u00e1thelyez\u00e9s\u00e9re vonatkozik.<br \/>\n    Magyarorsz\u00e1g tov\u00e1bbra sem \u00e9rt egyet a k\u00f6telez\u0151 betelep\u00edt\u00e9si kv\u00f3ta egyetlen eddig elfogadott m\u00f3dszer\u00e9vel sem, ez\u00e9rt t\u00e1mogatta azt a lengyel ind\u00edtv\u00e1nyt is, amely kimondja: semmilyen meg\u00e1llapod\u00e1s a t\u00f6r\u00f6k\u00f6kkel nem eredm\u00e9nyezheti azt, hogy az eddigi \u00e1ttelep\u00edt\u00e9si, \u00e1thelyez\u00e9si \u00e9s betelep\u00edt\u00e9si mennyis\u00e9gen fel\u00fcl \u00fajabb k\u00f6telezetts\u00e9gek j\u00f6hetn\u00e9nek l\u00e9tre &#8211; k\u00f6z\u00f6lte Orb\u00e1n Viktor.(MTI)<\/p>\n","protected":false},"excerpt":{"rendered":"<p>V\u00e9ge van annak az id\u0151nek, amikor ellen\u0151rz\u00e9s n\u00e9lk\u00fcl lehetett a nyugat-balk\u00e1ni \u00fatvonalon k\u00f6zlekedni, az uni\u00f3s vezet\u0151k d\u00f6nt\u00f6ttek: le kell z\u00e1rni az embercsemp\u00e9sz \u00fatvonalakat, ami azt jelenti, hogy a hat\u00e1rokon is helyre kell \u00e1ll\u00edtani a rendet &#8211; mondta Orb\u00e1n Viktor minisztereln\u00f6k Br\u00fcsszelben \u00fajs\u00e1g\u00edr\u00f3knak az Eur\u00f3pai Uni\u00f3 \u00e9s T\u00f6r\u00f6korsz\u00e1g vezet\u0151inek rendk\u00edv\u00fcli cs\u00facstal\u00e1lkoz\u00f3j\u00e1t k\u00f6vet\u0151en kedd hajnalban.<\/p>\n","protected":false},"author":1,"featured_media":67258,"comment_status":"open","ping_status":"closed","sticky":false,"template":"","format":"standard","meta":[],"categories":[403,146,301,4,12,18],"tags":[],"_links":{"self":[{"href":"https:\/\/gazdasagportal.hu\/index.php\/wp-json\/wp\/v2\/posts\/75915"}],"collection":[{"href":"https:\/\/gazdasagportal.hu\/index.php\/wp-json\/wp\/v2\/posts"}],"about":[{"href":"https:\/\/gazdasagportal.hu\/index.php\/wp-json\/wp\/v2\/types\/post"}],"author":[{"embeddable":true,"href":"https:\/\/gazdasagportal.hu\/index.php\/wp-json\/wp\/v2\/users\/1"}],"replies":[{"embeddable":true,"href":"https:\/\/gazdasagportal.hu\/index.php\/wp-json\/wp\/v2\/comments?post=75915"}],"version-history":[{"count":1,"href":"https:\/\/gazdasagportal.hu\/index.php\/wp-json\/wp\/v2\/posts\/75915\/revisions"}],"predecessor-version":[{"id":75916,"href":"https:\/\/gazdasagportal.hu\/index.php\/wp-json\/wp\/v2\/posts\/75915\/revisions\/75916"}],"wp:featuredmedia":[{"embeddable":true,"href":"https:\/\/gazdasagportal.hu\/index.php\/wp-json\/wp\/v2\/media\/67258"}],"wp:attachment":[{"href":"https:\/\/gazdasagportal.hu\/index.php\/wp-json\/wp\/v2\/media?parent=75915"}],"wp:term":[{"taxonomy":"category","embeddable":true,"href":"https:\/\/gazdasagportal.hu\/index.php\/wp-json\/wp\/v2\/categories?post=75915"},{"taxonomy":"post_tag","embeddable":true,"href":"https:\/\/gazdasagportal.hu\/index.php\/wp-json\/wp\/v2\/tags?post=75915"}],"curies":[{"name":"wp","href":"https:\/\/api.w.org\/{rel}","templated":true}]}}