{"id":75652,"date":"2016-03-02T05:20:04","date_gmt":"2016-03-02T04:20:04","guid":{"rendered":"http:\/\/gazdasagportal.hu\/?p=75652"},"modified":"2016-03-01T21:06:51","modified_gmt":"2016-03-01T20:06:51","slug":"bin-laden-amiatt-aggodott-hogy-a-felesege-fogsoraba-lehallgato-berendezest-epitettek-be","status":"publish","type":"post","link":"https:\/\/gazdasagportal.hu\/index.php\/bin-laden-amiatt-aggodott-hogy-a-felesege-fogsoraba-lehallgato-berendezest-epitettek-be\/","title":{"rendered":"Bin Laden amiatt agg\u00f3dott, hogy a feles\u00e9ge fogsor\u00e1ba lehallgat\u00f3 berendez\u00e9st \u00e9p\u00edtettek be"},"content":{"rendered":"<p><strong>Az al-Kaida vezet\u0151it  rendk\u00edv\u00fcli m\u00f3don aggasztotta, hogy soraikba k\u00e9meket k\u00fcldtek, dr\u00f3nokkal \u00e9s titkosszolg\u00e1lati figyelt\u00e9k a mozg\u00e1sukat. Legal\u00e1bbis err\u0151l tan\u00faskodnak azok a dokumentumok, amelyeket Oszama bin Laden pakiszt\u00e1ni rejtekhely\u00e9n tal\u00e1ltak az amerikaiak, \u00e9s amelyek k\u00f6z\u00fcl t\u00f6bb mint sz\u00e1znak a titkoss\u00e1g\u00e1t most oldott\u00e1k fel Washingtonban. Bin Laden  \u00e1llat\u00f3lag agg\u00f3dott amiatt, hogy a feles\u00e9ge fogsor\u00e1ba lehallgat\u00f3 berendez\u00e9st \u00e9p\u00edtettek be <\/strong><!--more--><\/p>\n<div class=\"ads-in-post1\"><div id=\"gazdasagportal.hu_fullbanner_wideboard\"><\/div>\r\n<\/div>\n<p>    2015. m\u00e1jusa \u00f3ta ez a m\u00e1sodik &#8222;adag&#8221; dokumentum, amelyet nyilv\u00e1noss\u00e1gra hoznak az Oszama bin Laden  rejtekhely\u00e9n tal\u00e1lt iratokb\u00f3l. A most hozz\u00e1f\u00e9rhet\u0151v\u00e9 tett feljegyz\u00e9sek t\u00f6bbs\u00e9ge 2009 \u00e9s 2011 k\u00f6z\u00f6tt k\u00e9sz\u00fclt, s angol ford\u00edt\u00e1sban is rendelkez\u00e9sre \u00e1ll. Kider\u00fcl bel\u0151l\u00fck, hogy az al-Kaida  rend\u00edthetetlen\u00fcl a glob\u00e1lis dzsih\u00e1d kirobbant\u00e1s\u00e1t szorgalmazta, ugyanakkor Pakiszt\u00e1nban \u00e9s Afganiszt\u00e1nban rejt\u0151zk\u00f6d\u0151 vezet\u0151i t\u00f6bbf\u00e9le, a terrorszervezet ellen ir\u00e1nyul\u00f3 akci\u00f3val sz\u00e1moltak.         Az egyik dokumentumb\u00f3l p\u00e9ld\u00e1ul kider\u00fcl, hogy Oszama bin Laden figyelmeztette azokat, az al-Kaida-tagokat, akik t\u00faszokat ejtettek Afganiszt\u00e1nban, hogy vigy\u00e1zzanak, mert lehet, hogy a v\u00e1lts\u00e1gd\u00edjat tartalmaz\u00f3 t\u00e1ska k\u00f6vet\u0151-berendez\u00e9ssel van felszerelve. A pakiszt\u00e1ni \u00e9gbolton cirk\u00e1l\u00f3, fegyverekkel ell\u00e1tott amerikai dr\u00f3nok miatt pedig arra intette Pakiszt\u00e1nban l\u00e9v\u0151 terrorista t\u00e1rsait, hogy csakis akkor hagyj\u00e1k el b\u00e9relt otthonaikat, amikor bor\u00fas az id\u0151.         Egy m\u00e1sik feljegyz\u00e9s\u00e9ben Bin Laden amiatt aggodalmaskodott, hogy a feles\u00e9ge fogorvoshoz ment Ir\u00e1nba, s ott esetleg mikrochipet \u00fcltettek a fogsor\u00e1ba. &#8222;Egy ilyen mikrochipnek a m\u00e9rete b\u00fazaszemnyi sincs&#8221; &#8211; jegyezte fel a terrorista vez\u00e9r, aki Abu Abdallah n\u00e9ven \u00edrta al\u00e1 jegyzeteit \u00e9s \u00fczeneteit.         2011. m\u00e1jus\u00e1ban az egyik helyettes\u00e9t,  Abdel Rahmant arra figyelmeztette, hogy legyen nagyon \u00f3vatos az al-Dzsaz\u00edra telev\u00edzi\u00f3 riporter\u00e9vel, mert lehet hogy a felszerel\u00e9s\u00e9be az amerikaiak lehallgat\u00f3 \u00e9s k\u00f6vet\u0151berendez\u00e9st szereltek be.         A dokumentumokb\u00f3l kider\u00fcl az is, hogy az al-Kaida vezet\u0151i a 2001. szeptember 11-i mer\u00e9nyletek tizedik \u00e9vfordul\u00f3j\u00e1ra m\u00e9diakamp\u00e1nyt terveztek. 2011. \u00e1prilis v\u00e9g\u00e9n pedig, alig n\u00e9gy nappal az amerikaiak rajta\u00fct\u00e9se el\u0151tt, bin Laden az &#8222;arab tavaszr\u00f3l&#8221; k\u00e9sz\u00edtett irom\u00e1nya k\u00f6zz\u00e9t\u00e9tel\u00e9re k\u00e9sz\u00fclt.         Az amerikai korm\u00e1nyzat dr\u00f3nokkal v\u00e9grehajtott csap\u00e1sai \u00e9s m\u00e1s, titkosszolg\u00e1lati hadm\u0171veletei  nyom\u00e1n az al-Kaida t\u00f6bb vezet\u0151je vesztette \u00e9let\u00e9t, \u00e9s 2011. m\u00e1jus elej\u00e9n az amerikai haditenger\u00e9szet k\u00fcl\u00fcnleges egys\u00e9ge bin Ladent is likvid\u00e1lta. Az\u00f3ta a terrorszervezet tev\u00e9kenys\u00e9ge lanyhult, s hely\u00e9t az Isz\u00e1m \u00c1llam nev\u0171 terrorszervezet foglalta el.(MTI)<\/p>\n","protected":false},"excerpt":{"rendered":"<p>Az al-Kaida vezet\u0151it rendk\u00edv\u00fcli m\u00f3don aggasztotta, hogy soraikba k\u00e9meket k\u00fcldtek, dr\u00f3nokkal \u00e9s titkosszolg\u00e1lati figyelt\u00e9k a mozg\u00e1sukat. Legal\u00e1bbis err\u0151l tan\u00faskodnak azok a dokumentumok, amelyeket Oszama bin Laden pakiszt\u00e1ni rejtekhely\u00e9n tal\u00e1ltak az amerikaiak, \u00e9s amelyek k\u00f6z\u00fcl t\u00f6bb mint sz\u00e1znak a titkoss\u00e1g\u00e1t most oldott\u00e1k fel Washingtonban. Bin Laden \u00e1llat\u00f3lag agg\u00f3dott amiatt, hogy a feles\u00e9ge fogsor\u00e1ba lehallgat\u00f3 berendez\u00e9st \u00e9p\u00edtettek &#8230;<\/p>\n","protected":false},"author":1,"featured_media":0,"comment_status":"open","ping_status":"closed","sticky":false,"template":"","format":"standard","meta":[],"categories":[13],"tags":[],"_links":{"self":[{"href":"https:\/\/gazdasagportal.hu\/index.php\/wp-json\/wp\/v2\/posts\/75652"}],"collection":[{"href":"https:\/\/gazdasagportal.hu\/index.php\/wp-json\/wp\/v2\/posts"}],"about":[{"href":"https:\/\/gazdasagportal.hu\/index.php\/wp-json\/wp\/v2\/types\/post"}],"author":[{"embeddable":true,"href":"https:\/\/gazdasagportal.hu\/index.php\/wp-json\/wp\/v2\/users\/1"}],"replies":[{"embeddable":true,"href":"https:\/\/gazdasagportal.hu\/index.php\/wp-json\/wp\/v2\/comments?post=75652"}],"version-history":[{"count":1,"href":"https:\/\/gazdasagportal.hu\/index.php\/wp-json\/wp\/v2\/posts\/75652\/revisions"}],"predecessor-version":[{"id":75653,"href":"https:\/\/gazdasagportal.hu\/index.php\/wp-json\/wp\/v2\/posts\/75652\/revisions\/75653"}],"wp:attachment":[{"href":"https:\/\/gazdasagportal.hu\/index.php\/wp-json\/wp\/v2\/media?parent=75652"}],"wp:term":[{"taxonomy":"category","embeddable":true,"href":"https:\/\/gazdasagportal.hu\/index.php\/wp-json\/wp\/v2\/categories?post=75652"},{"taxonomy":"post_tag","embeddable":true,"href":"https:\/\/gazdasagportal.hu\/index.php\/wp-json\/wp\/v2\/tags?post=75652"}],"curies":[{"name":"wp","href":"https:\/\/api.w.org\/{rel}","templated":true}]}}