{"id":75637,"date":"2016-03-01T16:31:37","date_gmt":"2016-03-01T15:31:37","guid":{"rendered":"http:\/\/gazdasagportal.hu\/?p=75637"},"modified":"2016-03-01T16:31:37","modified_gmt":"2016-03-01T15:31:37","slug":"karokat-okozott-a-viharos-ereju-szel-budapest-tobb-keruleteben","status":"publish","type":"post","link":"https:\/\/gazdasagportal.hu\/index.php\/karokat-okozott-a-viharos-ereju-szel-budapest-tobb-keruleteben\/","title":{"rendered":"K\u00e1rokat okozott a viharos erej\u0171 sz\u00e9l Budapest t\u00f6bb ker\u00fclet\u00e9ben"},"content":{"rendered":"<p><strong>K\u00e1rokat okozott a viharos erej\u0171 sz\u00e9l kedden Budapesten, t\u00f6bb helysz\u00ednre is riasztott\u00e1k a t\u0171zolt\u00f3kat &#8211; k\u00f6z\u00f6lte az Orsz\u00e1gos Katasztr\u00f3fav\u00e9delmi F\u0151igazgat\u00f3s\u00e1g a honlapj\u00e1n.<br \/>\n<\/strong><!--more--><\/p>\n<div class=\"ads-in-post1\"><div id=\"gazdasagportal.hu_fullbanner_wideboard\"><\/div>\r\n<\/div>\n    Azt \u00edrt\u00e1k, hogy legt\u00f6bbsz\u00f6r l\u00f3g\u00f3, meglazult vagy m\u00e1r lehullott, a j\u00e1r\u00f3kel\u0151ket vesz\u00e9lyeztet\u0151 \u00e9p\u00fcletelemekr\u0151l tesznek bejelent\u00e9st az emberek.<br \/>\n    Az V. ker\u00fcleti Garibaldi utc\u00e1ban lehullott a vakolat. A t\u0171zolt\u00f3k l\u00e9tr\u00e1t \u00e1ll\u00edtanak fel, amelyr\u0151l elt\u00e1vol\u00edthatj\u00e1k a m\u00e9g l\u00f3g\u00f3 darabokat.<br \/>\n    A VII. ker\u00fcleti Dob utc\u00e1ban, a H\u00e1rsfa utcai keresztez\u0151d\u00e9s k\u00f6zel\u00e9ben cserepek l\u00f3gnak egy \u00e9p\u00fclet tetej\u00e9r\u0151l. Itt ugyancsak l\u00e9tr\u00e1r\u00f3l t\u00e1vol\u00edtj\u00e1k majd el a vesz\u00e9lyess\u00e9 v\u00e1lt \u00e9p\u00fcletelemeket.<br \/>\n    A f\u0151v\u00e1ros XII. ker\u00fclet\u00e9ben, a Csaba utc\u00e1ban m\u00e1rv\u00e1nylap esett a f\u00f6ldre egy h\u00e1z fal\u00e1r\u00f3l. A t\u0171zolt\u00f3k tov\u00e1bbi vesz\u00e9lyes darabokat keresve \u00e1tvizsg\u00e1lj\u00e1k az \u00e9p\u00fcletet &#8211; olvashat\u00f3 a k\u00f6zlem\u00e9nyben.(MTI)<\/p>\n","protected":false},"excerpt":{"rendered":"<p>K\u00e1rokat okozott a viharos erej\u0171 sz\u00e9l kedden Budapesten, t\u00f6bb helysz\u00ednre is riasztott\u00e1k a t\u0171zolt\u00f3kat &#8211; k\u00f6z\u00f6lte az Orsz\u00e1gos Katasztr\u00f3fav\u00e9delmi F\u0151igazgat\u00f3s\u00e1g a honlapj\u00e1n.<\/p>\n","protected":false},"author":1,"featured_media":0,"comment_status":"open","ping_status":"closed","sticky":false,"template":"","format":"standard","meta":[],"categories":[4,51],"tags":[],"_links":{"self":[{"href":"https:\/\/gazdasagportal.hu\/index.php\/wp-json\/wp\/v2\/posts\/75637"}],"collection":[{"href":"https:\/\/gazdasagportal.hu\/index.php\/wp-json\/wp\/v2\/posts"}],"about":[{"href":"https:\/\/gazdasagportal.hu\/index.php\/wp-json\/wp\/v2\/types\/post"}],"author":[{"embeddable":true,"href":"https:\/\/gazdasagportal.hu\/index.php\/wp-json\/wp\/v2\/users\/1"}],"replies":[{"embeddable":true,"href":"https:\/\/gazdasagportal.hu\/index.php\/wp-json\/wp\/v2\/comments?post=75637"}],"version-history":[{"count":1,"href":"https:\/\/gazdasagportal.hu\/index.php\/wp-json\/wp\/v2\/posts\/75637\/revisions"}],"predecessor-version":[{"id":75638,"href":"https:\/\/gazdasagportal.hu\/index.php\/wp-json\/wp\/v2\/posts\/75637\/revisions\/75638"}],"wp:attachment":[{"href":"https:\/\/gazdasagportal.hu\/index.php\/wp-json\/wp\/v2\/media?parent=75637"}],"wp:term":[{"taxonomy":"category","embeddable":true,"href":"https:\/\/gazdasagportal.hu\/index.php\/wp-json\/wp\/v2\/categories?post=75637"},{"taxonomy":"post_tag","embeddable":true,"href":"https:\/\/gazdasagportal.hu\/index.php\/wp-json\/wp\/v2\/tags?post=75637"}],"curies":[{"name":"wp","href":"https:\/\/api.w.org\/{rel}","templated":true}]}}