{"id":75572,"date":"2016-02-29T19:19:03","date_gmt":"2016-02-29T18:19:03","guid":{"rendered":"http:\/\/gazdasagportal.hu\/?p=75572"},"modified":"2016-02-29T17:49:47","modified_gmt":"2016-02-29T16:49:47","slug":"szlovakia-meghaladta-a-80-ezret-az-alairasok-szama-az-mkp-menekultkvota-ellenes-peticiojan","status":"publish","type":"post","link":"https:\/\/gazdasagportal.hu\/index.php\/szlovakia-meghaladta-a-80-ezret-az-alairasok-szama-az-mkp-menekultkvota-ellenes-peticiojan\/","title":{"rendered":"Szlov\u00e1kia &#8211; Meghaladta a 80 ezret az al\u00e1\u00edr\u00e1sok sz\u00e1ma az MKP menek\u00fcltkv\u00f3ta-ellenes pet\u00edci\u00f3j\u00e1n"},"content":{"rendered":"<p><strong>Meghaladta a 80 ezret az al\u00e1\u00edr\u00e1sok sz\u00e1ma a Magyar K\u00f6z\u00f6ss\u00e9g P\u00e1rtj\u00e1nak (MKP) menek\u00fcltkv\u00f3ta-ellenes pet\u00edci\u00f3j\u00e1n, amely \u00edgy ezzel az MKP t\u00f6rt\u00e9net\u00e9nek legsikeresebb ilyen kezdem\u00e9nyez\u00e9se lett &#8211; jelentett\u00e9k be a felvid\u00e9ki magyar p\u00e1rt politikusai h\u00e9tf\u0151n Pozsonyban tartott sajt\u00f3t\u00e1j\u00e9koztat\u00f3jukon.<br \/>\n<\/strong><!--more--><\/p>\n<div class=\"ads-in-post1\"><div id=\"gazdasagportal.hu_fullbanner_wideboard\"><\/div>\r\n<\/div>\n    A m\u00e9g tavaly okt\u00f3berben elind\u00edtott pet\u00edci\u00f3nak k\u00e9t c\u00e9lkit\u0171z\u00e9se van, egyr\u00e9szt az, hogy elutas\u00edtsa a migr\u00e1nsok \u00fajraeloszt\u00e1s\u00e1t c\u00e9lz\u00f3 uni\u00f3s kv\u00f3t\u00e1kat, m\u00e1sr\u00e9szt pedig az, hogy \u00fcgyd\u00f6nt\u0151v\u00e9 v\u00e1ltoztassa a helyi n\u00e9pszavaz\u00e1sok eredm\u00e9ny\u00e9t.<br \/>\n    \u0150ry P\u00e9ter, a pet\u00edci\u00f3s bizotts\u00e1g koordin\u00e1tora, az MKP \u00f6nkorm\u00e1nyzati aleln\u00f6ke a pet\u00edci\u00f3t t\u00e1mogat\u00f3 al\u00e1\u00edr\u00e1sok nagy sz\u00e1m\u00e1t t\u00f6rt\u00e9nelmi sikernek \u00e9s \u00f3ri\u00e1si eredm\u00e9nynek nevezte. Hangs\u00falyozta: ez is bizony\u00edtja, hogy a pet\u00edci\u00f3ban megfogalmazott k\u00e9rd\u00e9sek \u00e9rintik \u00e9s \u00e9rdeklik az embereket, mert azok befoly\u00e1solni fogj\u00e1k a j\u00f6v\u0151j\u00fcket.<br \/>\n    K\u00e9rd\u00e9sre elmondta: a pet\u00edci\u00f3t addig k\u00edv\u00e1nj\u00e1k folytatni, am\u00edg az Eur\u00f3pai Uni\u00f3 vezet\u0151i nem teszik vil\u00e1goss\u00e1, milyen val\u00f3s megold\u00e1st l\u00e1tnak a migr\u00e1ci\u00f3s v\u00e1ls\u00e1g kezel\u00e9s\u00e9re, de legal\u00e1bbis addig, am\u00edg tiszt\u00e1z\u00f3dik, hogy a k\u00f6zelg\u0151 uni\u00f3s cs\u00facson az egyes tagorsz\u00e1gok vezet\u0151i milyen ir\u00e1ny\u00fa megold\u00e1sok mellett foglalnak \u00e1ll\u00e1st.<br \/>\n    Kifejtette: az al\u00e1\u00edr\u00e1sgy\u0171jt\u00e9s befejez\u00e9s\u00e9t k\u00f6vet\u0151en az addig \u00f6sszegy\u0171lt pet\u00edci\u00f3s \u00edveket beadj\u00e1k a szlov\u00e1k bel\u00fcgyminiszt\u00e9riumba, s amennyiben a most h\u00e9tv\u00e9g\u00e9n sorra ker\u00fcl\u0151 parlamenti v\u00e1laszt\u00e1sokon beker\u00fclnek a t\u00f6rv\u00e9nyhoz\u00e1sba, a pet\u00edci\u00f3ban megfogalmazott c\u00e9lkit\u0171z\u00e9sek ment\u00e9n ind\u00edtv\u00e1nyozni fogj\u00e1k a vonatkoz\u00f3 t\u00f6rv\u00e9nyi szab\u00e1lyoz\u00e1s megv\u00e1ltoztat\u00e1s\u00e1t is. Az MTI k\u00e9rd\u00e9s\u00e9re hozz\u00e1tette: pet\u00edci\u00f3juk ugyan nem c\u00e9lozza n\u00e9pszavaz\u00e1s ki\u00edr\u00e1s\u00e1t a kv\u00f3t\u00e1k \u00fcgy\u00e9ben, de ha egy ilyen kezdem\u00e9nyez\u00e9sre sor ker\u00fclne, a felvid\u00e9ki magyar p\u00e1rt azt is t\u00e1mogatn\u00e1.<br \/>\n    Forr\u00f3 Kriszti\u00e1n, az MKP kamp\u00e1nyf\u0151n\u00f6ke a 80 ezer al\u00e1\u00edr\u00e1s kapcs\u00e1n azt mondta: a pet\u00edci\u00f3 ki\u00edr\u00e1sa helyes d\u00f6nt\u00e9s volt, amit az al\u00e1\u00edr\u00e1sok magas sz\u00e1m\u00e1n fel\u00fcl az is bizony\u00edt, hogy azt a felvid\u00e9ki magyarokon k\u00edv\u00fcl m\u00e1s kisebbs\u00e9gek \u00e9s szlov\u00e1kok is t\u00e1mogatt\u00e1k. &#8222;Eg\u00e9sz D\u00e9l-Szlov\u00e1kia megmozdult erre a pet\u00edci\u00f3ra&#8221; &#8211; fogalmazott Forr\u00f3 Kriszti\u00e1n. Megjegyezte: a pet\u00edci\u00f3 sikere a v\u00e1laszt\u00f3polg\u00e1rok t\u00e1mogat\u00e1s\u00e1t is jelzi, azt, hogy a helyi magyar k\u00f6z\u00f6ss\u00e9g er\u0151s parlamenti \u00e9rdekk\u00e9pviseletet akar.<br \/>\n(MTI)<\/p>\n","protected":false},"excerpt":{"rendered":"<p>Meghaladta a 80 ezret az al\u00e1\u00edr\u00e1sok sz\u00e1ma a Magyar K\u00f6z\u00f6ss\u00e9g P\u00e1rtj\u00e1nak (MKP) menek\u00fcltkv\u00f3ta-ellenes pet\u00edci\u00f3j\u00e1n, amely \u00edgy ezzel az MKP t\u00f6rt\u00e9net\u00e9nek legsikeresebb ilyen kezdem\u00e9nyez\u00e9se lett &#8211; jelentett\u00e9k be a felvid\u00e9ki magyar p\u00e1rt politikusai h\u00e9tf\u0151n Pozsonyban tartott sajt\u00f3t\u00e1j\u00e9koztat\u00f3jukon.<\/p>\n","protected":false},"author":1,"featured_media":0,"comment_status":"open","ping_status":"closed","sticky":false,"template":"","format":"standard","meta":[],"categories":[12],"tags":[],"_links":{"self":[{"href":"https:\/\/gazdasagportal.hu\/index.php\/wp-json\/wp\/v2\/posts\/75572"}],"collection":[{"href":"https:\/\/gazdasagportal.hu\/index.php\/wp-json\/wp\/v2\/posts"}],"about":[{"href":"https:\/\/gazdasagportal.hu\/index.php\/wp-json\/wp\/v2\/types\/post"}],"author":[{"embeddable":true,"href":"https:\/\/gazdasagportal.hu\/index.php\/wp-json\/wp\/v2\/users\/1"}],"replies":[{"embeddable":true,"href":"https:\/\/gazdasagportal.hu\/index.php\/wp-json\/wp\/v2\/comments?post=75572"}],"version-history":[{"count":1,"href":"https:\/\/gazdasagportal.hu\/index.php\/wp-json\/wp\/v2\/posts\/75572\/revisions"}],"predecessor-version":[{"id":75573,"href":"https:\/\/gazdasagportal.hu\/index.php\/wp-json\/wp\/v2\/posts\/75572\/revisions\/75573"}],"wp:attachment":[{"href":"https:\/\/gazdasagportal.hu\/index.php\/wp-json\/wp\/v2\/media?parent=75572"}],"wp:term":[{"taxonomy":"category","embeddable":true,"href":"https:\/\/gazdasagportal.hu\/index.php\/wp-json\/wp\/v2\/categories?post=75572"},{"taxonomy":"post_tag","embeddable":true,"href":"https:\/\/gazdasagportal.hu\/index.php\/wp-json\/wp\/v2\/tags?post=75572"}],"curies":[{"name":"wp","href":"https:\/\/api.w.org\/{rel}","templated":true}]}}