{"id":75486,"date":"2016-02-28T04:44:02","date_gmt":"2016-02-28T03:44:02","guid":{"rendered":"http:\/\/gazdasagportal.hu\/?p=75486"},"modified":"2016-02-27T21:39:01","modified_gmt":"2016-02-27T20:39:01","slug":"kulfoldi-sajto-magyarorszagrol-soros-gyorgy-fel-kelet-europa-utalja-ezt-az-embert-cimmel","status":"publish","type":"post","link":"https:\/\/gazdasagportal.hu\/index.php\/kulfoldi-sajto-magyarorszagrol-soros-gyorgy-fel-kelet-europa-utalja-ezt-az-embert-cimmel\/","title":{"rendered":"K\u00fclf\u00f6ldi sajt\u00f3 Magyarorsz\u00e1gr\u00f3l &#8211; Soros Gy\u00f6rgy: f\u00e9l Kelet-Eur\u00f3pa ut\u00e1lja ezt az embert c\u00edmmel"},"content":{"rendered":"<p><strong>A n\u00e9met sajt\u00f3 a korm\u00e1ny n\u00e9pszavaz\u00e1si kezdem\u00e9nyez\u00e9s\u00e9vel \u00e9s Soros Gy\u00f6rgy magyar sz\u00e1rmaz\u00e1s\u00fa amerikai \u00fczletember kelet-k\u00f6z\u00e9p-eur\u00f3pai meg\u00edt\u00e9l\u00e9s\u00e9vel kapcsolatban foglalkozott Magyarorsz\u00e1ggal.<\/strong><!--more--><\/p>\n<div class=\"ads-in-post1\"><div id=\"gazdasagportal.hu_fullbanner_wideboard\"><\/div>\r\n<\/div>\n<p>A Frankfurter Allgemeine Zeitung (FAZ) c\u00edm\u0171 konzervat\u00edv lap szombati sz\u00e1m\u00e1ban Orb\u00e1n Viktor alapt\u00f6rv\u00e9nye c\u00edmmel k\u00f6z\u00f6lte Stephan L\u00f6wenstein \u00edr\u00e1s\u00e1t, aki a korm\u00e1ny n\u00e9pszavaz\u00e1si kezdem\u00e9nyez\u00e9s\u00e9r\u0151l kiemelte, hogy a magyaroknak az eur\u00f3pai menek\u00fcltpolitik\u00e1r\u00f3l kell szavazniuk, &#8222;de sokkal t\u00f6bbr\u0151l van sz\u00f3&#8221;. Hozz\u00e1tette, hogy a n\u00e9pszavaz\u00e1si kezdem\u00e9nyez\u00e9s &#8222;politikai man\u0151ver&#8221;, amelynek belpolitikai \u00e9s k\u00fclpolitikai funkci\u00f3ja is van.<br \/>\nSzerinte a kezdem\u00e9nyez\u00e9s a n\u00e9met kancell\u00e1r politik\u00e1ja ellen ir\u00e1nyul, \u00e9s azt a tan\u00e1csot &#8222;implik\u00e1lja&#8221;, hogy &#8222;hallgass a n\u00e9pre&#8221;. A belpolitik\u00e1ban pedig arra hivatott, hogy a korm\u00e1nyf\u0151 a &#8222;migr\u00e1ci\u00f3 j\u00f3l bev\u00e1lt t\u00e9m\u00e1ja&#8221; r\u00e9v\u00e9n megtartsa az ellen\u0151rz\u00e9st a folyamatok felett &#8211; fejtette ki a FAZ szerz\u0151je, megjegyezve, hogy a &#8222;menek\u00fcltt\u00e9ma&#8221; tavaly &#8222;kiseg\u00edtette a minisztereln\u00f6k\u00f6t \u00e9s p\u00e1rtj\u00e1t egy s\u00falyos n\u00e9pszer\u0171s\u00e9gi v\u00e1ls\u00e1gb\u00f3l&#8221;, de az \u00fcgy az ut\u00f3bbi id\u0151ben kiss\u00e9 elmozdult a figyelem k\u00f6z\u00e9ppontj\u00e1b\u00f3l \u00e9s ism\u00e9t felmer\u00fcltek k\u00e9rd\u00e9sek a &#8222;hatalom arroganci\u00e1j\u00e1val&#8221; kapcsolatban.<br \/>\nStephan L\u00f6wenstein a kezdem\u00e9nyez\u00e9s k\u00fclf\u00f6ldi visszhangj\u00e1r\u00f3l meg\u00e1llap\u00edtotta, hogy a &#8222;nemzetk\u00f6zi c\u00edmzettek&#8221; visszafogottan viszonyultak a l\u00e9p\u00e9shez, \u00e9s megjegyezte, &#8222;v\u00e9g\u00fcl is az eur\u00f3paiak elegend\u0151 tapasztalatot szereztek arr\u00f3l, hogy a k\u00edv\u00fclr\u0151l \u00e9rkez\u0151 kritika f\u0151leg egy embernek haszn\u00e1l: Orb\u00e1n Viktornak&#8221;.<br \/>\n<strong><a title=\"Hely megnyit\u00e1sa\" href=\"http:\/\/www.faz.net\/aktuell\/politik\/fluechtlingskrise\/referendum-in-ungarn-zur-fluechtlingspolitik-14092943.html\" target=\"_blank\" rel=\"noopener\">http:\/\/www.faz.net\/aktuell\/politik\/fluechtlingskrise\/referendum-in-ungarn-zur-fluechtlingspolitik-14092943.html<\/a><\/strong><br \/>\n<a href=\"https:\/\/gazdasagportal.hu\/wp-content\/uploads\/2014\/08\/soros_gy.jpg\"><img decoding=\"async\" loading=\"lazy\" class=\"alignleft size-medium wp-image-41784\" src=\"https:\/\/gazdasagportal.hu\/wp-content\/uploads\/2014\/08\/soros_gy-300x169.jpg\" alt=\"soros_gy\" width=\"300\" height=\"169\" srcset=\"https:\/\/gazdasagportal.hu\/wp-content\/uploads\/2014\/08\/soros_gy-300x169.jpg 300w, https:\/\/gazdasagportal.hu\/wp-content\/uploads\/2014\/08\/soros_gy.jpg 600w\" sizes=\"(max-width: 300px) 100vw, 300px\" \/><\/a>A Spiegel Online h\u00edrport\u00e1l Soros Gy\u00f6rgy milli\u00e1rdos: f\u00e9l Kelet-Eur\u00f3pa ut\u00e1lja ezt az embert c\u00edmmel k\u00f6z\u00f6lte Keno Verseck \u00edr\u00e1s\u00e1t, aki kiemelte: &#8222;mindegy, hogy Magyarorsz\u00e1gon, Csehorsz\u00e1gban vagy Szlov\u00e1ki\u00e1ban: Soros Gy\u00f6rgy milli\u00e1rdost d\u00e9moniz\u00e1lj\u00e1k Kelet-Eur\u00f3pa nacionalist\u00e1i&#8221;, \u00e9s m\u00e9g a menek\u00fcltv\u00e1ls\u00e1got is a &#8222;zsid\u00f3 filantr\u00f3pnak&#8221; tulajdon\u00edtj\u00e1k.<br \/>\nEgyebek k\u00f6z\u00f6tt kifejtette, hogy Orb\u00e1n Viktor magyar korm\u00e1nyf\u0151 a v\u00e1ls\u00e1gokat &#8222;egyre gyakrabban tulajdon\u00edtja +k\u00fcls\u0151 er\u0151knek+ \u00e9s szem\u00e9ly szerint Soros Gy\u00f6rgynek&#8221;. Hozz\u00e1tette: a &#8222;kelet-eur\u00f3pai nacionalist\u00e1k&#8221; elk\u00e9pzel\u00e9se szerint Soros Gy\u00f6rgy a vezet\u0151je egy &#8222;zsid\u00f3 vil\u00e1g-\u00f6sszeesk\u00fcv\u00e9snek, amely a nemzeti k\u00f6z\u00f6ss\u00e9gek elpuszt\u00edt\u00e1s\u00e1ra \u00e9s egy +h\u00e1tt\u00e9r-vil\u00e1ghatalom+ fel\u00e9p\u00edt\u00e9s\u00e9re t\u00f6r, hogy leig\u00e1zza \u00e9s kiszipolyozza a nemzeteket \u00e9s orsz\u00e1gokat&#8221;.<br \/>\nSoros Gy\u00f6rgy a port\u00e1lnak elmondta, hogy nem veszi mag\u00e1ra a t\u00e1mad\u00e1sokat, a magyarorsz\u00e1gi tan\u00e1rt\u00fcntet\u00e9sekhez ny\u00fajtott \u00e1ll\u00edt\u00f3lagos t\u00e1mogat\u00e1s\u00e1r\u00f3l pedig az err\u0151l besz\u00e1mol\u00f3 magyar \u00fajs\u00e1gb\u00f3l szerzett tudom\u00e1st el\u0151sz\u00f6r.<br \/>\n<strong><a title=\"Hely megnyit\u00e1sa\" href=\"http:\/\/www.spiegel.de\/politik\/ausland\/george-soros-diesen-mann-hasst-halb-osteuropa-a-1078614.html\" target=\"_blank\" rel=\"noopener\">http:\/\/www.spiegel.de\/politik\/ausland\/george-soros-diesen-mann-hasst-halb-osteuropa-a-1078614.html<\/a><\/strong><\/p>\n<p>(MTI)<\/p><div id=\"gazda-3501503362\" class=\"gazda-tartalomban gazda-entity-placement\"><script async src=\"https:\/\/pagead2.googlesyndication.com\/pagead\/js\/adsbygoogle.js\"><\/script>\r\n<ins class=\"adsbygoogle\"\r\n     style=\"display:block\"\r\n     data-ad-format=\"fluid\"\r\n     data-ad-layout-key=\"-6t+ed+2i-1n-4w\"\r\n     data-ad-client=\"ca-pub-1959107119989764\"\r\n     data-ad-slot=\"4008251320\"><\/ins>\r\n<script>\r\n     (adsbygoogle = window.adsbygoogle || []).push({});\r\n<\/script><\/div>\n","protected":false},"excerpt":{"rendered":"<p>A n\u00e9met sajt\u00f3 a korm\u00e1ny n\u00e9pszavaz\u00e1si kezdem\u00e9nyez\u00e9s\u00e9vel \u00e9s Soros Gy\u00f6rgy magyar sz\u00e1rmaz\u00e1s\u00fa amerikai \u00fczletember kelet-k\u00f6z\u00e9p-eur\u00f3pai meg\u00edt\u00e9l\u00e9s\u00e9vel kapcsolatban foglalkozott Magyarorsz\u00e1ggal.<\/p>\n","protected":false},"author":1,"featured_media":41784,"comment_status":"open","ping_status":"closed","sticky":false,"template":"","format":"standard","meta":[],"categories":[403,146,301,4],"tags":[],"_links":{"self":[{"href":"https:\/\/gazdasagportal.hu\/index.php\/wp-json\/wp\/v2\/posts\/75486"}],"collection":[{"href":"https:\/\/gazdasagportal.hu\/index.php\/wp-json\/wp\/v2\/posts"}],"about":[{"href":"https:\/\/gazdasagportal.hu\/index.php\/wp-json\/wp\/v2\/types\/post"}],"author":[{"embeddable":true,"href":"https:\/\/gazdasagportal.hu\/index.php\/wp-json\/wp\/v2\/users\/1"}],"replies":[{"embeddable":true,"href":"https:\/\/gazdasagportal.hu\/index.php\/wp-json\/wp\/v2\/comments?post=75486"}],"version-history":[{"count":2,"href":"https:\/\/gazdasagportal.hu\/index.php\/wp-json\/wp\/v2\/posts\/75486\/revisions"}],"predecessor-version":[{"id":75488,"href":"https:\/\/gazdasagportal.hu\/index.php\/wp-json\/wp\/v2\/posts\/75486\/revisions\/75488"}],"wp:featuredmedia":[{"embeddable":true,"href":"https:\/\/gazdasagportal.hu\/index.php\/wp-json\/wp\/v2\/media\/41784"}],"wp:attachment":[{"href":"https:\/\/gazdasagportal.hu\/index.php\/wp-json\/wp\/v2\/media?parent=75486"}],"wp:term":[{"taxonomy":"category","embeddable":true,"href":"https:\/\/gazdasagportal.hu\/index.php\/wp-json\/wp\/v2\/categories?post=75486"},{"taxonomy":"post_tag","embeddable":true,"href":"https:\/\/gazdasagportal.hu\/index.php\/wp-json\/wp\/v2\/tags?post=75486"}],"curies":[{"name":"wp","href":"https:\/\/api.w.org\/{rel}","templated":true}]}}